{"id":9525,"date":"2025-10-09T15:56:31","date_gmt":"2025-10-09T18:56:31","guid":{"rendered":"https:\/\/www.enorsai.com\/noticias\/?p=9525"},"modified":"2025-10-09T15:56:35","modified_gmt":"2025-10-09T18:56:35","slug":"provincias-unidas-buscan-mostrarse-como-alternativa-pero-demuestran-mas-calculo-electoral-que-conviccion-politica","status":"publish","type":"post","link":"https:\/\/www.enorsai.com\/noticias\/politica\/provincias-unidas-buscan-mostrarse-como-alternativa-pero-demuestran-mas-calculo-electoral-que-conviccion-politica\/","title":{"rendered":"\u00abProvincias Unidas\u00bb: Buscan mostrarse como alternativa pero demuestran m\u00e1s c\u00e1lculo electoral que convicci\u00f3n pol\u00edtica"},"content":{"rendered":"\n<p><strong><em>Carlos Sadir, Mart\u00edn Llaryora, Ignacio Torres, Claudio Vidal y Gustavo Vald\u00e9s encabezaron un nuevo encuentro del grupo \u201cProvincias Unidas\u201d en Jujuy. Hablaron de \u201cfederalismo y productividad\u201d, pero esquivaron cualquier menci\u00f3n al ajuste nacional que ellos mismos avalaron.<\/em><\/strong><\/p>\n\n\n\n<p>El experimento pol\u00edtico denominado <em>\u201cProvincias Unidas\u201d<\/em> volvi\u00f3 a mostrarse en p\u00fablico, esta vez en la provincia de Jujuy, con una puesta en escena cuidadosamente medida: recorrida por el Parque Solar de El Pongo, reuni\u00f3n con empresarios y un acto final cargado de frases vac\u00edas sobre <em>\u201cproductividad, equilibrio y federalismo\u201d<\/em>.<\/p>\n\n\n\n<p>Los anfitriones \u2014Carlos Sadir (Jujuy), Mart\u00edn Llaryora (C\u00f3rdoba), Ignacio Torres (Chubut), Claudio Vidal (Santa Cruz) y Gustavo Vald\u00e9s (Corrientes)\u2014 intentaron presentarse como la \u201cnueva opci\u00f3n federal\u201d de cara a las elecciones legislativas del 26 de octubre. Pero detr\u00e1s del discurso amable y las fotos sonrientes se esconde una verdad inc\u00f3moda: todos, sin excepci\u00f3n, fueron hasta hace diez minutos parte del c\u00edrculo de gobernadores que sosten\u00eda pol\u00edticamente a Javier Milei.<\/p>\n\n\n\n<p>Durante meses, los mandatarios ahora \u201cfederales\u201d respaldaron el plan de ajuste del gobierno libertario, acompa\u00f1aron el recorte de fondos a las provincias y votaron en el Congreso medidas que profundizaron la crisis social. No fue el federalismo lo que los uni\u00f3, sino la conveniencia. Y cuando el desgaste del Presidente comenz\u00f3 a reflejarse en las encuestas, descubrieron \u2014de repente\u2014 la urgencia de un \u201cmodelo de pa\u00eds productivo y equilibrado\u201d.<\/p>\n\n\n\n<p>La cumbre en Jujuy, presentada como una reuni\u00f3n de trabajo, tuvo m\u00e1s aroma a ensayo electoral que a encuentro de gesti\u00f3n. Los mismos que aplaudieron la motosierra del ajuste ahora se visten de defensores del interior profundo, como si la memoria colectiva se pudiera borrar con un comunicado de prensa.<\/p>\n\n\n\n<p>Resulta llamativo que el grupo hable de <em>\u201cequilibrio y federalismo\u201d<\/em> justo despu\u00e9s de haber sido c\u00f3mplices del vaciamiento de programas nacionales, la par\u00e1lisis de obras p\u00fablicas y la quita de subsidios que afectaron directamente a sus provincias.<br>El gobernador de Chubut, Ignacio Torres, fue uno de los primeros en confrontar con Milei por los fondos coparticipables, pero su rebeli\u00f3n dur\u00f3 lo que tarda un llamado del Ministerio del Interior. Claudio Vidal, en Santa Cruz, aplic\u00f3 el ajuste a nivel local mientras repet\u00eda los mismos argumentos del discurso libertario. Y Mart\u00edn Llaryora, en C\u00f3rdoba, se movi\u00f3 entre la tibieza y el c\u00e1lculo, intentando conservar la herencia de Schiaretti sin perder la foto con el poder central.<\/p>\n\n\n\n<p>El caso de Carlos Sadir, anfitri\u00f3n de la cumbre, es a\u00fan m\u00e1s ilustrativo: fue el principal socio del oficialismo en la C\u00e1mara de Senadores, vot\u00f3 leyes clave del Ejecutivo y defendi\u00f3 p\u00fablicamente el modelo econ\u00f3mico que ahora, convenientemente, evita mencionar.<\/p>\n\n\n\n<p>Detr\u00e1s de los gestos de unidad y los discursos sobre la \u201cproducci\u00f3n\u201d y la \u201ceducaci\u00f3n\u201d, los gobernadores intentan construir una nueva identidad pol\u00edtica a toda velocidad, temerosos de quedar pegados a un presidente que atraviesa su peor momento pol\u00edtico desde la asunci\u00f3n.<br>El movimiento <em>\u201cProvincias Unidas\u201d<\/em> no nace de un proyecto, sino de un reflejo: el de sobrevivir al derrumbe de un gobierno al que contribuyeron y del cual ahora buscan despegarse.<\/p>\n\n\n\n<p>La foto en el Parque Solar de El Pongo, s\u00edmbolo de la energ\u00eda limpia, intenta proyectar una imagen de futuro, pero detr\u00e1s de las c\u00e1maras los gestos son los mismos de siempre: c\u00e1lculo, oportunismo y ambici\u00f3n.<\/p>\n\n\n\n<p>Si algo qued\u00f3 claro en la cumbre de Jujuy es que los gobernadores no descubrieron el federalismo, sino las encuestas.<br>Mientras el pa\u00eds enfrenta una crisis social y econ\u00f3mica que ellos ayudaron a profundizar, los \u201cProvincias Unidas\u201d ensayan un relato alternativo que los coloque como \u201cmoderados\u201d, \u201cproductivos\u201d y \u201cfederales\u201d. Pero el pa\u00eds real \u2014el que sufre el ajuste y la recesi\u00f3n\u2014 sabe distinguir entre quienes defienden las provincias por convicci\u00f3n y quienes lo hacen por conveniencia.<\/p>\n\n\n\n<p>El federalismo no se construye con marketing ni con fotos en parques solares. Se construye con decisiones pol\u00edticas coherentes. Y en eso, los \u201cProvincias Unidas\u201d todav\u00eda tienen una deuda pendiente.<\/p>\n","protected":false},"excerpt":{"rendered":"<p>Carlos Sadir, Mart\u00edn Llaryora, Ignacio Torres, Claudio Vidal y Gustavo Vald\u00e9s encabezaron un nuevo encuentro del grupo \u201cProvincias Unidas\u201d en Jujuy. Hablaron de \u201cfederalismo y productividad\u201d, pero esquivaron cualquier menci\u00f3n al ajuste nacional que ellos mismos avalaron. El experimento pol\u00edtico denominado \u201cProvincias Unidas\u201d volvi\u00f3 a mostrarse en p\u00fablico, esta vez en la provincia de Jujuy,&#8230;<\/p>\n","protected":false},"author":1,"featured_media":9526,"comment_status":"open","ping_status":"open","sticky":false,"template":"","format":"standard","meta":{"_monsterinsights_skip_tracking":false,"_monsterinsights_sitenote_active":false,"_monsterinsights_sitenote_note":"","_monsterinsights_sitenote_category":0,"footnotes":"","jetpack_publicize_message":"","jetpack_publicize_feature_enabled":true,"jetpack_social_post_already_shared":true,"jetpack_social_options":{"image_generator_settings":{"template":"highway","default_image_id":0,"font":"","enabled":false},"version":2}},"categories":[2],"tags":[],"class_list":["post-9525","post","type-post","status-publish","format-standard","has-post-thumbnail","hentry","category-politica"],"jetpack_publicize_connections":[],"_links":{"self":[{"href":"https:\/\/www.enorsai.com\/noticias\/wp-json\/wp\/v2\/posts\/9525","targetHints":{"allow":["GET"]}}],"collection":[{"href":"https:\/\/www.enorsai.com\/noticias\/wp-json\/wp\/v2\/posts"}],"about":[{"href":"https:\/\/www.enorsai.com\/noticias\/wp-json\/wp\/v2\/types\/post"}],"author":[{"embeddable":true,"href":"https:\/\/www.enorsai.com\/noticias\/wp-json\/wp\/v2\/users\/1"}],"replies":[{"embeddable":true,"href":"https:\/\/www.enorsai.com\/noticias\/wp-json\/wp\/v2\/comments?post=9525"}],"version-history":[{"count":1,"href":"https:\/\/www.enorsai.com\/noticias\/wp-json\/wp\/v2\/posts\/9525\/revisions"}],"predecessor-version":[{"id":9527,"href":"https:\/\/www.enorsai.com\/noticias\/wp-json\/wp\/v2\/posts\/9525\/revisions\/9527"}],"wp:featuredmedia":[{"embeddable":true,"href":"https:\/\/www.enorsai.com\/noticias\/wp-json\/wp\/v2\/media\/9526"}],"wp:attachment":[{"href":"https:\/\/www.enorsai.com\/noticias\/wp-json\/wp\/v2\/media?parent=9525"}],"wp:term":[{"taxonomy":"category","embeddable":true,"href":"https:\/\/www.enorsai.com\/noticias\/wp-json\/wp\/v2\/categories?post=9525"},{"taxonomy":"post_tag","embeddable":true,"href":"https:\/\/www.enorsai.com\/noticias\/wp-json\/wp\/v2\/tags?post=9525"}],"curies":[{"name":"wp","href":"https:\/\/api.w.org\/{rel}","templated":true}]}}