{"id":9523,"date":"2025-10-09T13:56:21","date_gmt":"2025-10-09T16:56:21","guid":{"rendered":"https:\/\/www.enorsai.com\/noticias\/uncategorized\/derrota-politica-y-aislamiento-milei-solo-consiguio-7-votos-en-el-senado-y-enfrenta-un-creciente-rechazo-social\/"},"modified":"2025-10-09T14:03:37","modified_gmt":"2025-10-09T17:03:37","slug":"derrota-politica-y-aislamiento-milei-solo-consiguio-7-votos-en-el-senado-y-enfrenta-un-creciente-rechazo-social","status":"publish","type":"post","link":"https:\/\/www.enorsai.com\/noticias\/politica\/derrota-politica-y-aislamiento-milei-solo-consiguio-7-votos-en-el-senado-y-enfrenta-un-creciente-rechazo-social\/","title":{"rendered":"Derrota pol\u00edtica y aislamiento: Milei s\u00f3lo consigui\u00f3 7 votos en el Senado y enfrenta un creciente rechazo social"},"content":{"rendered":"\n<p>El analista internacional Santiago Giorgetta advirti\u00f3 que la crisis econ\u00f3mica y los esc\u00e1ndalos de corrupci\u00f3n explican el rev\u00e9s legislativo del presidente argentino, quien insiste en mantener su rumbo liberal pese al reclamo popular y del Congreso.<br><br>En di\u00e1logo con Notables por teleSUR, conducido por Jorge Gestoso, el analista internacional Santiago Giorgetta se\u00f1al\u00f3 que Javier Milei atraviesa su momento m\u00e1s d\u00e9bil desde que asumi\u00f3 el poder. El Senado argentino aprob\u00f3 las leyes vetadas por el presidente sobre financiamiento universitario y emergencia pedi\u00e1trica, marcando una dura derrota pol\u00edtica para el Ejecutivo libertario.<br><br>El gobierno de Javier Milei sufri\u00f3 una contundente derrota en el Senado argentino, al lograr apenas 7 votos a favor frente a una amplia mayor\u00eda legislativa que decidi\u00f3 aprobar las leyes previamente vetadas por el presidente. Entre ellas se encuentran los proyectos sobre financiaci\u00f3n de universidades p\u00fablicas y emergencia pedi\u00e1trica, iniciativas que buscan paliar el deterioro en \u00e1reas sociales clave tras meses de ajuste fiscal.<\/p>\n\n\n\n<figure class=\"wp-block-embed is-type-rich is-provider-twitter wp-block-embed-twitter\"><div class=\"wp-block-embed__wrapper\">\n<blockquote class=\"twitter-tweet\" data-width=\"550\" data-dnt=\"true\"><p lang=\"es\" dir=\"ltr\">\ud83c\udde6\ud83c\uddf7\ud83e\uddf5| En <a href=\"https:\/\/twitter.com\/hashtag\/NotablestlSUR?src=hash&amp;ref_src=twsrc%5Etfw\">#NotablestlSUR<\/a> con <a href=\"https:\/\/twitter.com\/JorgeGestoso?ref_src=twsrc%5Etfw\">@JorgeGestoso<\/a>, <a href=\"https:\/\/twitter.com\/SantiGiorgetta?ref_src=twsrc%5Etfw\">@SantiGiorgetta<\/a> analiza la aprobaci\u00f3n en el Senado argentino de las leyes vetadas por el presidente Milei sobre: <br><br>\u2705Financiaci\u00f3n de universidades <br>\u2705Emergencia pedi\u00e1trica<br><br>\ud83d\udcce <a href=\"https:\/\/t.co\/ssPnBJFnka\">https:\/\/t.co\/ssPnBJFnka<\/a><a href=\"https:\/\/twitter.com\/CaroSilvestre?ref_src=twsrc%5Etfw\">@CaroSilvestre<\/a> <a href=\"https:\/\/twitter.com\/marcelateleSUR?ref_src=twsrc%5Etfw\">@marcelateleSUR<\/a> <a href=\"https:\/\/t.co\/609YP1qgsx\">pic.twitter.com\/609YP1qgsx<\/a><\/p>&mdash; Notables teleSUR (@NotablestlSUR) <a href=\"https:\/\/twitter.com\/NotablestlSUR\/status\/1976065668845076973?ref_src=twsrc%5Etfw\">October 8, 2025<\/a><\/blockquote><script async src=\"https:\/\/platform.twitter.com\/widgets.js\" charset=\"utf-8\"><\/script>\n<\/div><\/figure>\n\n\n\n<p><br><br>Para el analista internacional Santiago Giorgetta, la debacle parlamentaria es el resultado directo de un profundo malestar social y del descr\u00e9dito creciente del gobierno libertario, atravesado por esc\u00e1ndalos de corrupci\u00f3n y una econom\u00eda en crisis. \u201cLa derrota en el Senado refleja no s\u00f3lo el rechazo pol\u00edtico, sino el hartazgo del pueblo argentino frente a las pol\u00edticas de Milei\u201d, afirm\u00f3 Giorgetta en di\u00e1logo con Jorge Gestoso en el programa Notables, emitido por teleSUR.<br><br>Seg\u00fan el especialista, Milei hace o\u00eddos sordos tanto al reclamo de la sociedad como al del propio Congreso, y se mantiene obstinado en sostener un modelo ultraliberal que ya muestra signos de agotamiento. \u201cEl presidente insiste en continuar con sus pol\u00edticas, ignorando la realidad econ\u00f3mica y la descomposici\u00f3n institucional que atraviesa el pa\u00eds\u201d, se\u00f1al\u00f3.<br><br>Las leyes aprobadas por el Senado implican un duro rev\u00e9s pol\u00edtico para el mandatario, que hab\u00eda decidido vetarlas bajo el argumento de la austeridad fiscal. Sin embargo, la mayor\u00eda de las bancadas, incluyendo sectores tradicionalmente dialoguistas, respaldaron las iniciativas, evidenciando la soledad pol\u00edtica del oficialismo en el Parlamento.<br><br>Giorgetta remarc\u00f3 que la crisis econ\u00f3mica, con inflaci\u00f3n persistente, ca\u00edda del consumo y deterioro del poder adquisitivo, ha erosionado la legitimidad del gobierno y acelerado su aislamiento institucional. A esto se suman los esc\u00e1ndalos de corrupci\u00f3n que golpean a funcionarios y allegados al entorno presidencial, alimentando el descontento y la p\u00e9rdida de confianza.<br><br>\u201cEl Congreso actu\u00f3 en consonancia con el reclamo ciudadano. La educaci\u00f3n p\u00fablica y la salud infantil no pueden ser v\u00edctimas del ajuste\u201d, sostuvo el analista, al tiempo que destac\u00f3 la relevancia de la decisi\u00f3n del Senado como un freno al avance de las pol\u00edticas de recorte.<br><br>En este contexto, la derrota de Milei en el Senado no s\u00f3lo representa un golpe pol\u00edtico, sino tambi\u00e9n una se\u00f1al del agotamiento del relato libertario, cada vez m\u00e1s alejado de las urgencias sociales y del consenso democr\u00e1tico.<br><br>Para Giorgetta, el mensaje es claro: \u201cEl pueblo argentino y sus instituciones est\u00e1n marcando l\u00edmites a un presidente que se niega a escuchar\u201d.<\/p>\n","protected":false},"excerpt":{"rendered":"<p>El analista internacional Santiago Giorgetta advirti\u00f3 que la crisis econ\u00f3mica y los esc\u00e1ndalos de corrupci\u00f3n explican el rev\u00e9s legislativo del presidente argentino, quien insiste en mantener su rumbo liberal pese al reclamo popular y del Congreso. En di\u00e1logo con Notables por teleSUR, conducido por Jorge Gestoso, el analista internacional Santiago Giorgetta se\u00f1al\u00f3 que Javier Milei&#8230;<\/p>\n","protected":false},"author":1,"featured_media":9451,"comment_status":"open","ping_status":"open","sticky":false,"template":"","format":"standard","meta":{"_monsterinsights_skip_tracking":false,"_monsterinsights_sitenote_active":false,"_monsterinsights_sitenote_note":"","_monsterinsights_sitenote_category":0,"footnotes":"","jetpack_publicize_message":"","jetpack_publicize_feature_enabled":true,"jetpack_social_post_already_shared":true,"jetpack_social_options":{"image_generator_settings":{"template":"highway","default_image_id":0,"font":"","enabled":false},"version":2}},"categories":[2],"tags":[],"class_list":["post-9523","post","type-post","status-publish","format-standard","has-post-thumbnail","hentry","category-politica"],"jetpack_publicize_connections":[],"_links":{"self":[{"href":"https:\/\/www.enorsai.com\/noticias\/wp-json\/wp\/v2\/posts\/9523","targetHints":{"allow":["GET"]}}],"collection":[{"href":"https:\/\/www.enorsai.com\/noticias\/wp-json\/wp\/v2\/posts"}],"about":[{"href":"https:\/\/www.enorsai.com\/noticias\/wp-json\/wp\/v2\/types\/post"}],"author":[{"embeddable":true,"href":"https:\/\/www.enorsai.com\/noticias\/wp-json\/wp\/v2\/users\/1"}],"replies":[{"embeddable":true,"href":"https:\/\/www.enorsai.com\/noticias\/wp-json\/wp\/v2\/comments?post=9523"}],"version-history":[{"count":1,"href":"https:\/\/www.enorsai.com\/noticias\/wp-json\/wp\/v2\/posts\/9523\/revisions"}],"predecessor-version":[{"id":9524,"href":"https:\/\/www.enorsai.com\/noticias\/wp-json\/wp\/v2\/posts\/9523\/revisions\/9524"}],"wp:featuredmedia":[{"embeddable":true,"href":"https:\/\/www.enorsai.com\/noticias\/wp-json\/wp\/v2\/media\/9451"}],"wp:attachment":[{"href":"https:\/\/www.enorsai.com\/noticias\/wp-json\/wp\/v2\/media?parent=9523"}],"wp:term":[{"taxonomy":"category","embeddable":true,"href":"https:\/\/www.enorsai.com\/noticias\/wp-json\/wp\/v2\/categories?post=9523"},{"taxonomy":"post_tag","embeddable":true,"href":"https:\/\/www.enorsai.com\/noticias\/wp-json\/wp\/v2\/tags?post=9523"}],"curies":[{"name":"wp","href":"https:\/\/api.w.org\/{rel}","templated":true}]}}