{"id":9515,"date":"2025-10-09T13:01:33","date_gmt":"2025-10-09T16:01:33","guid":{"rendered":"https:\/\/www.enorsai.com\/noticias\/?p=9515"},"modified":"2025-10-09T13:01:38","modified_gmt":"2025-10-09T16:01:38","slug":"escandalos-en-cadena-allanamientos-a-espert-y-causas-por-coimas-que-salpican-al-entorno-de-milei","status":"publish","type":"post","link":"https:\/\/www.enorsai.com\/noticias\/politica\/escandalos-en-cadena-allanamientos-a-espert-y-causas-por-coimas-que-salpican-al-entorno-de-milei\/","title":{"rendered":"Esc\u00e1ndalos en cadena: allanamientos a Espert y causas por coimas que salpican al entorno de Milei"},"content":{"rendered":"\n<h3 class=\"wp-block-heading\"><strong>La Justicia avanza en dos investigaciones paralelas que golpean al oficialismo: el diputado Jos\u00e9 Luis Espert est\u00e1 imputado por lavado de dinero vinculado al narco Federico \u201cFred\u201d Machado, mientras que Karina Milei enfrenta denuncias por coimas y privatizaci\u00f3n encubierta en la Agencia Nacional de Discapacidad.<\/strong> <\/h3>\n\n\n\n<p>La imagen de pureza moral y lucha contra \u201cla casta\u201d que Javier Milei intenta sostener empieza a resquebrajarse bajo el peso de los hechos. En menos de una semana, el gobierno libertario qued\u00f3 envuelto en dos causas judiciales que combinan <strong>corrupci\u00f3n, narcotr\u00e1fico y negocios ilegales<\/strong> con fondos p\u00fablicos. Los allanamientos realizados en la mansi\u00f3n del diputado Jos\u00e9 Luis Espert y en oficinas vinculadas a la <strong>Agencia Nacional de Discapacidad (ANDIS)<\/strong> marcaron un punto de inflexi\u00f3n para un oficialismo que ya no puede esconder el olor a podredumbre detr\u00e1s del discurso antisistema.<\/p>\n\n\n\n<p>El primer golpe vino desde San Isidro. Agentes de la Polic\u00eda Federal allanaron la residencia del diputado <strong>Jos\u00e9 Luis Espert<\/strong>, tras el hallazgo de un contrato por <strong>un mill\u00f3n de d\u00f3lares<\/strong> en una propiedad vinculada al empresario y presunto narcotraficante <strong>Federico \u201cFred\u201d Machado<\/strong>, actualmente detenido en Estados Unidos. El documento, seg\u00fan trascendi\u00f3, llevaba la firma de Espert y fue encontrado parcialmente quemado dentro de un tacho de basura durante un procedimiento judicial.<\/p>\n\n\n\n<figure class=\"wp-block-embed is-type-rich is-provider-twitter wp-block-embed-twitter\"><div class=\"wp-block-embed__wrapper\">\n<blockquote class=\"twitter-tweet\" data-width=\"550\" data-dnt=\"true\"><p lang=\"es\" dir=\"ltr\">Esto es terrible. Hay 15 ALLANAMIENTOS en la por la causa de las coimas de Karina Milei. La Justicia descubri\u00f3 que hab\u00edan privatizado la Agencia de Discapacidad de forma clandestina.<br>Hab\u00eda droguer\u00edas privadas que tomaban decisiones por el gobierno <a href=\"https:\/\/t.co\/ww9XZZ7rGn\">pic.twitter.com\/ww9XZZ7rGn<\/a><\/p>&mdash; Arrepentidos de Milei (@ArrepentidosLLA) <a href=\"https:\/\/twitter.com\/ArrepentidosLLA\/status\/1976292032545955875?ref_src=twsrc%5Etfw\">October 9, 2025<\/a><\/blockquote><script async src=\"https:\/\/platform.twitter.com\/widgets.js\" charset=\"utf-8\"><\/script>\n<\/div><\/figure>\n\n\n\n<p>La conexi\u00f3n entre Espert y Machado no es nueva: el propio diputado hab\u00eda admitido p\u00fablicamente haber recibido <strong>200 mil d\u00f3lares<\/strong> del empresario, justific\u00e1ndolo como \u201chonorarios por asesoramiento econ\u00f3mico\u201d. Sin embargo, la Justicia sospecha que aquel \u201cservicio\u201d fue en realidad <strong>financiamiento encubierto<\/strong> para su campa\u00f1a pol\u00edtica, cuando fue promovido por Milei como cabeza de lista en la provincia de Buenos Aires.<\/p>\n\n\n\n<p>Los allanamientos, autorizados por el juez federal a cargo de la causa de <strong>lavado de dinero del narcotr\u00e1fico internacional<\/strong>, revelan la existencia de movimientos financieros irregulares entre empresas off shore vinculadas a Machado y cuentas controladas por allegados a Espert. Acorralado por las pruebas y el costo pol\u00edtico, el diputado habr\u00eda decidido \u201cbajarse solo\u201d de la candidatura, intentando despegarse del gobierno libertario en medio del esc\u00e1ndalo.<\/p>\n\n\n\n<figure class=\"wp-block-embed is-type-rich is-provider-twitter wp-block-embed-twitter\"><div class=\"wp-block-embed__wrapper\">\n<blockquote class=\"twitter-tweet\" data-width=\"550\" data-dnt=\"true\"><p lang=\"es\" dir=\"ltr\">\ud83d\udea8\ud83d\ude94 En este momento la polic\u00eda federal est\u00e1 allanando la mansi\u00f3n del diputado Espert, luego que en la casa del narco Fred Machado apareciera el contrato firmado entre ellos por 1 mill\u00f3n de d\u00f3lares.<br>Espert fue elegido por Javier Milei para encabezar la lista, pero se baj\u00f3 solo. <a href=\"https:\/\/t.co\/R38qyGdDJc\">pic.twitter.com\/R38qyGdDJc<\/a><\/p>&mdash; El Prensero (@El_Prensero) <a href=\"https:\/\/twitter.com\/El_Prensero\/status\/1976297399296365035?ref_src=twsrc%5Etfw\">October 9, 2025<\/a><\/blockquote><script async src=\"https:\/\/platform.twitter.com\/widgets.js\" charset=\"utf-8\"><\/script>\n<\/div><\/figure>\n\n\n\n<p>Pero el da\u00f1o ya est\u00e1 hecho: el caso <strong>vuelve a poner sobre la mesa la relaci\u00f3n entre pol\u00edtica y dinero narco<\/strong>, un v\u00ednculo que Milei calific\u00f3 alguna vez como \u201cchismes de peluquer\u00eda\u201d, sin sospechar que terminar\u00eda explotando dentro de su propio espacio.<\/p>\n\n\n\n<p>Mientras tanto, otro frente judicial sacude los cimientos del Ejecutivo. La Justicia federal orden\u00f3 <strong>25 allanamientos simult\u00e1neos<\/strong> en el marco de la causa que investiga <strong>presuntas coimas en la Agencia Nacional de Discapacidad (ANDIS)<\/strong>, donde habr\u00edan operado droguer\u00edas privadas que <strong>tomaban decisiones por el gobierno<\/strong>, en lo que se describe como una <strong>\u201cprivatizaci\u00f3n clandestina\u201d del organismo<\/strong>.<\/p>\n\n\n\n<p>Las pesquisas surgieron tras la filtraci\u00f3n de audios en los que se escuchar\u00eda al exdirector del organismo, <strong>Diego Spagnuolo<\/strong>, hablar de retornos millonarios por contratos de medicamentos de alto costo. En las grabaciones se mencionan los nombres de <strong>Karina Milei<\/strong> \u2014hermana del presidente y secretaria general de la Presidencia\u2014 y de su operador pol\u00edtico, <strong>Eduardo \u201cLule\u201d Menem<\/strong>, como supuestos beneficiarios de los sobornos.<\/p>\n\n\n\n<figure class=\"wp-block-embed is-type-rich is-provider-twitter wp-block-embed-twitter\"><div class=\"wp-block-embed__wrapper\">\n<blockquote class=\"twitter-tweet\" data-width=\"550\" data-dnt=\"true\"><p lang=\"es\" dir=\"ltr\">Llegaron para ALLANAR la mansi\u00f3n de Espert en San Isidro que compr\u00f3 despu\u00e9s del financiamiento narco<br><br>Est\u00e1 imputado por lavado de dinero del narcotr\u00e1fico internacional. Esto arranc\u00f3 con Milei diciendo que eran chimentos de peluquer\u00eda <a href=\"https:\/\/t.co\/lJuAIk0Kfw\">pic.twitter.com\/lJuAIk0Kfw<\/a><\/p>&mdash; Arrepentidos de Milei (@ArrepentidosLLA) <a href=\"https:\/\/twitter.com\/ArrepentidosLLA\/status\/1976295338504863971?ref_src=twsrc%5Etfw\">October 9, 2025<\/a><\/blockquote><script async src=\"https:\/\/platform.twitter.com\/widgets.js\" charset=\"utf-8\"><\/script>\n<\/div><\/figure>\n\n\n\n<p>El modus operandi era simple: empresas del sector farmac\u00e9utico, como la droguer\u00eda <strong>Suizo Argentina<\/strong>, habr\u00edan tenido injerencia directa en las decisiones sobre qu\u00e9 medicamentos comprar, a qui\u00e9n adjudicar las licitaciones y a qu\u00e9 precio.<br>Los investigadores sospechan que parte de los sobreprecios terminaba distribuida entre funcionarios del entorno presidencial.<\/p>\n\n\n\n<p>El caso es seguido por el juez <strong>Sebasti\u00e1n Casanello<\/strong> y el fiscal <strong>Franco Picardi<\/strong>, quienes secuestraron celulares, computadoras y documentaci\u00f3n en los allanamientos realizados en Capital Federal y en la provincia de Buenos Aires.<br>Aunque por ahora no hay detenciones, la magnitud de las pruebas anticipa un proceso judicial de largo alcance.<\/p>\n\n\n\n<p>Lo que Milei intenta presentar como un \u201cproceso de depuraci\u00f3n del Estado\u201d empieza a parecerse m\u00e1s a una red de <strong>negocios oscuros y favores cruzados<\/strong>.<br>La contradicci\u00f3n es evidente: el gobierno que se autoproclama \u201cenemigo de la corrupci\u00f3n\u201d enfrenta <strong>acusaciones simult\u00e1neas por lavado, coimas y privatizaci\u00f3n de funciones p\u00fablicas<\/strong>.<\/p>\n\n\n\n<p>La defensa del oficialismo apela a la estrategia cl\u00e1sica: culpar a \u201cla casta\u201d, denunciar operaciones medi\u00e1ticas y victimizarse frente al \u201cpoder pol\u00edtico y judicial\u201d.<br>Sin embargo, el avance de las causas deja al descubierto una verdad inc\u00f3moda: <strong>la corrupci\u00f3n no tiene ideolog\u00eda<\/strong>, y los libertarios que prometieron \u201cmotosierra moral\u201d parecen haber quedado atrapados en los mismos mecanismos que dec\u00edan combatir.<\/p>\n\n\n\n<p>Mientras tanto, la sociedad observa \u2014con creciente escepticismo\u2014 c\u00f3mo los autodenominados paladines de la libertad acumulan causas judiciales, contratos sospechosos y allanamientos televisados.<br>El experimento libertario, que se present\u00f3 como una revoluci\u00f3n \u00e9tica, <strong>empieza a parecer un espejo roto del viejo sistema que jur\u00f3 destruir<\/strong>.<\/p>\n\n\n\n<p><\/p>\n","protected":false},"excerpt":{"rendered":"<p>La Justicia avanza en dos investigaciones paralelas que golpean al oficialismo: el diputado Jos\u00e9 Luis Espert est\u00e1 imputado por lavado de dinero vinculado al narco Federico \u201cFred\u201d Machado, mientras que Karina Milei enfrenta denuncias por coimas y privatizaci\u00f3n encubierta en la Agencia Nacional de Discapacidad. La imagen de pureza moral y lucha contra \u201cla casta\u201d&#8230;<\/p>\n","protected":false},"author":12,"featured_media":9516,"comment_status":"open","ping_status":"open","sticky":false,"template":"","format":"standard","meta":{"_monsterinsights_skip_tracking":false,"_monsterinsights_sitenote_active":false,"_monsterinsights_sitenote_note":"","_monsterinsights_sitenote_category":0,"footnotes":"","jetpack_publicize_message":"","jetpack_publicize_feature_enabled":true,"jetpack_social_post_already_shared":true,"jetpack_social_options":{"image_generator_settings":{"template":"highway","default_image_id":0,"font":"","enabled":false},"version":2}},"categories":[2],"tags":[],"class_list":["post-9515","post","type-post","status-publish","format-standard","has-post-thumbnail","hentry","category-politica"],"jetpack_publicize_connections":[],"_links":{"self":[{"href":"https:\/\/www.enorsai.com\/noticias\/wp-json\/wp\/v2\/posts\/9515","targetHints":{"allow":["GET"]}}],"collection":[{"href":"https:\/\/www.enorsai.com\/noticias\/wp-json\/wp\/v2\/posts"}],"about":[{"href":"https:\/\/www.enorsai.com\/noticias\/wp-json\/wp\/v2\/types\/post"}],"author":[{"embeddable":true,"href":"https:\/\/www.enorsai.com\/noticias\/wp-json\/wp\/v2\/users\/12"}],"replies":[{"embeddable":true,"href":"https:\/\/www.enorsai.com\/noticias\/wp-json\/wp\/v2\/comments?post=9515"}],"version-history":[{"count":1,"href":"https:\/\/www.enorsai.com\/noticias\/wp-json\/wp\/v2\/posts\/9515\/revisions"}],"predecessor-version":[{"id":9517,"href":"https:\/\/www.enorsai.com\/noticias\/wp-json\/wp\/v2\/posts\/9515\/revisions\/9517"}],"wp:featuredmedia":[{"embeddable":true,"href":"https:\/\/www.enorsai.com\/noticias\/wp-json\/wp\/v2\/media\/9516"}],"wp:attachment":[{"href":"https:\/\/www.enorsai.com\/noticias\/wp-json\/wp\/v2\/media?parent=9515"}],"wp:term":[{"taxonomy":"category","embeddable":true,"href":"https:\/\/www.enorsai.com\/noticias\/wp-json\/wp\/v2\/categories?post=9515"},{"taxonomy":"post_tag","embeddable":true,"href":"https:\/\/www.enorsai.com\/noticias\/wp-json\/wp\/v2\/tags?post=9515"}],"curies":[{"name":"wp","href":"https:\/\/api.w.org\/{rel}","templated":true}]}}