{"id":950,"date":"2025-02-10T11:00:00","date_gmt":"2025-02-10T14:00:00","guid":{"rendered":"http:\/\/www.enorsai.com\/noticias\/?p=950"},"modified":"2025-02-10T09:46:38","modified_gmt":"2025-02-10T12:46:38","slug":"el-gobierno-anuncio-la-privatizacion-total-del-tren-belgrano-cargas-la-red-ferroviaria-que-transporta-productos-de-exportacion","status":"publish","type":"post","link":"https:\/\/www.enorsai.com\/noticias\/economia\/el-gobierno-anuncio-la-privatizacion-total-del-tren-belgrano-cargas-la-red-ferroviaria-que-transporta-productos-de-exportacion\/","title":{"rendered":"El Gobierno anunci\u00f3 la privatizaci\u00f3n total del tren Belgrano Cargas, la red ferroviaria que transporta productos de exportaci\u00f3n"},"content":{"rendered":"\n<h4 class=\"wp-block-heading\">El presidente Javier Milei firm\u00f3 un decreto para privatizar completamente Belgrano Cargas y Log\u00edstica S.A., poniendo fin a la operaci\u00f3n estatal del servicio ferroviario de carga. Se trata de la red de ferrocarril que transporta&nbsp;granos y otros productos de exportaci\u00f3n, fundamental para el \u00e1rea productiva del noroeste argentino porque une a las provincias de la regi\u00f3n con los puertos.<\/h4>\n\n\n\n<p>El presidente Javier Milei firm\u00f3 este s\u00e1bado un decreto para concretar la privatizaci\u00f3n total de la empresa Belgrano Cargas y Log\u00edstica S.A., seg\u00fan anunci\u00f3 el vocero presidencial, Manuel Adorni. La medida implica que el Estado dejar\u00e1 de ser operador de los servicios ferroviarios de carga, incluyendo toda su infraestructura, como material rodante, v\u00edas, talleres e inmuebles.<\/p>\n\n\n\n<p>El jefe de Gabinete, Guillermo Francos, ya hab\u00eda adelantado en noviembre que Belgrano Cargas ser\u00eda la primera empresa ferroviaria en ser privatizada, argumentando que su mantenimiento genera un d\u00e9ficit financiero de aproximadamente 112 millones de d\u00f3lares anuales en subsidios. \u00abSin la intromisi\u00f3n del Estado, el servicio del Belgrano Cargas va a ser mucho m\u00e1s eficiente que el actual\u00bb, asegur\u00f3 Francos.<\/p>\n\n\n\n<figure class=\"wp-block-image\"><a href=\"https:\/\/www.infogremiales.com.ar\/wp-content\/uploads\/2015\/10\/Belgrano-cargas.jpg\"><img decoding=\"async\" src=\"https:\/\/www.infogremiales.com.ar\/wp-content\/uploads\/2015\/10\/Belgrano-cargas.jpg\" alt=\"\" class=\"wp-image-14981\"\/><\/a><\/figure>\n\n\n\n<p>No obstante, la decisi\u00f3n del Gobierno se da en un contexto de conflicto con los trabajadores ferroviarios por un reclamo paritario. A fines de enero, el secretario general del sindicato La Fraternidad, Omar Maturano, anunci\u00f3 que los conductores afiliados a su organizaci\u00f3n no prestar\u00e1n servicio el pr\u00f3ximo 1 de marzo. \u00abCada conductor y cada ayudante afiliado se tomar\u00e1 el d\u00eda del ferroviario en conmemoraci\u00f3n del 1 de marzo de 1948, cuando el general Per\u00f3n nacionaliz\u00f3 los ferrocarriles\u00bb, declar\u00f3 Maturano.<\/p>\n\n\n\n<p>El sindicalista tambi\u00e9n inst\u00f3 al Gobierno a abrir un canal de di\u00e1logo para abordar la situaci\u00f3n econ\u00f3mica y social del pa\u00eds. \u00abDeben llamar a un di\u00e1logo social para buscar una salida c\u00f3moda para el pueblo argentino ante los ajustes que se vienen haciendo, los problemas de los jubilados, la educaci\u00f3n p\u00fablica y la salud\u00bb, enfatiz\u00f3.<\/p>\n\n\n\n<p><strong>Fuente:<\/strong><\/p>\n\n\n\n<ul class=\"wp-block-list\">\n<li><a href=\"https:\/\/www.infogremiales.com.ar\/el-gobierno-anuncio-la-privatizacion-total-del-tren-belgrano-cargas-la-red-ferroviaria-que-transporta-productos-de-exportacion\/\">https:\/\/www.infogremiales.com.ar\/el-gobierno-anuncio-la-privatizacion-total-del-tren-belgrano-cargas-la-red-ferroviaria-que-transporta-productos-de-exportacion\/<\/a><\/li>\n<\/ul>\n\n\n","protected":false},"excerpt":{"rendered":"<p>El presidente Javier Milei firm\u00f3 un decreto para privatizar completamente Belgrano Cargas y Log\u00edstica S.A., poniendo fin a la operaci\u00f3n estatal del servicio ferroviario de carga. Se trata de la red de ferrocarril que transporta&nbsp;granos y otros productos de exportaci\u00f3n, fundamental para el \u00e1rea productiva del noroeste argentino porque une a las provincias de la&#8230;<\/p>\n","protected":false},"author":1,"featured_media":955,"comment_status":"open","ping_status":"open","sticky":false,"template":"","format":"standard","meta":{"_monsterinsights_skip_tracking":false,"_monsterinsights_sitenote_active":false,"_monsterinsights_sitenote_note":"","_monsterinsights_sitenote_category":0,"footnotes":"","jetpack_publicize_message":"","jetpack_publicize_feature_enabled":true,"jetpack_social_post_already_shared":true,"jetpack_social_options":{"image_generator_settings":{"template":"highway","default_image_id":0,"font":"","enabled":false},"version":2}},"categories":[3],"tags":[373,372],"class_list":["post-950","post","type-post","status-publish","format-standard","has-post-thumbnail","hentry","category-economia","tag-belgrano-cargas","tag-la-fraternidad"],"jetpack_publicize_connections":[],"_links":{"self":[{"href":"https:\/\/www.enorsai.com\/noticias\/wp-json\/wp\/v2\/posts\/950","targetHints":{"allow":["GET"]}}],"collection":[{"href":"https:\/\/www.enorsai.com\/noticias\/wp-json\/wp\/v2\/posts"}],"about":[{"href":"https:\/\/www.enorsai.com\/noticias\/wp-json\/wp\/v2\/types\/post"}],"author":[{"embeddable":true,"href":"https:\/\/www.enorsai.com\/noticias\/wp-json\/wp\/v2\/users\/1"}],"replies":[{"embeddable":true,"href":"https:\/\/www.enorsai.com\/noticias\/wp-json\/wp\/v2\/comments?post=950"}],"version-history":[{"count":1,"href":"https:\/\/www.enorsai.com\/noticias\/wp-json\/wp\/v2\/posts\/950\/revisions"}],"predecessor-version":[{"id":956,"href":"https:\/\/www.enorsai.com\/noticias\/wp-json\/wp\/v2\/posts\/950\/revisions\/956"}],"wp:featuredmedia":[{"embeddable":true,"href":"https:\/\/www.enorsai.com\/noticias\/wp-json\/wp\/v2\/media\/955"}],"wp:attachment":[{"href":"https:\/\/www.enorsai.com\/noticias\/wp-json\/wp\/v2\/media?parent=950"}],"wp:term":[{"taxonomy":"category","embeddable":true,"href":"https:\/\/www.enorsai.com\/noticias\/wp-json\/wp\/v2\/categories?post=950"},{"taxonomy":"post_tag","embeddable":true,"href":"https:\/\/www.enorsai.com\/noticias\/wp-json\/wp\/v2\/tags?post=950"}],"curies":[{"name":"wp","href":"https:\/\/api.w.org\/{rel}","templated":true}]}}