{"id":9496,"date":"2025-10-09T06:02:07","date_gmt":"2025-10-09T09:02:07","guid":{"rendered":"https:\/\/www.enorsai.com\/noticias\/?p=9496"},"modified":"2025-10-09T06:02:14","modified_gmt":"2025-10-09T09:02:14","slug":"diputados-anulo-el-decreto-de-milei-que-suspendia-la-ley-de-emergencia-en-discapacidad","status":"publish","type":"post","link":"https:\/\/www.enorsai.com\/noticias\/politica\/diputados-anulo-el-decreto-de-milei-que-suspendia-la-ley-de-emergencia-en-discapacidad\/","title":{"rendered":"Diputados anul\u00f3 el decreto de Milei que suspend\u00eda la ley de emergencia en Discapacidad"},"content":{"rendered":"\n<p><strong><em>Con una votaci\u00f3n ajustada, la C\u00e1mara de Diputados declar\u00f3 la nulidad absoluta del decreto 681\/25 que hab\u00eda suspendido la ley de emergencia en Discapacidad. La autora del proyecto, Marcela Pagano, acus\u00f3 al jefe de Gabinete, Guillermo Francos, de violar la Constituci\u00f3n y denunci\u00f3 un intento del Gobierno por subordinar al Congreso mediante decretos.<\/em><\/strong><\/p>\n\n\n\n<p>El oficialismo sufri\u00f3 un duro rev\u00e9s pol\u00edtico tras la votaci\u00f3n que repuso la vigencia de la ley de emergencia en Discapacidad, suspendida por decreto. La diputada Marcela Pagano, ex integrante de La Libertad Avanza, encabez\u00f3 la iniciativa y denunci\u00f3 un \u201cavasallamiento institucional\u201d del Ejecutivo. El resultado dej\u00f3 expuesta la fragilidad del gobierno de Javier Milei frente a un Congreso que, por primera vez en meses, marc\u00f3 l\u00edmites a su poder.<\/p>\n\n\n\n<p>La sesi\u00f3n fue tensa, extensa y, por momentos, cargada de dramatismo. En la madrugada del jueves, la C\u00e1mara de Diputados aprob\u00f3 con 119 votos afirmativos, 67 negativos y ocho abstenciones la nulidad absoluta del decreto 681\/25, mediante el cual el Gobierno hab\u00eda suspendido la ley de emergencia en Discapacidad. El texto, impulsado por la diputada de Desarrollo y Coherencia, Marcela Pagano, declar\u00f3 que la cl\u00e1usula firmada por el jefe de Gabinete, Guillermo Francos, era \u201cnula de nulidad absoluta e insanable\u201d. En lenguaje parlamentario, significa que el decreto carece de todo efecto jur\u00eddico, una forma elegante de decir que el Ejecutivo rompi\u00f3 las reglas.<\/p>\n\n\n\n<p>Pagano, ex libertaria y periodista devenida en una de las voces m\u00e1s filosas contra el oficialismo, defendi\u00f3 su proyecto con una claridad que incomod\u00f3 incluso a sus antiguos compa\u00f1eros de bancada. \u201cMe hubiera encantado discutirlo en el Presupuesto, pero Espert no nos permiti\u00f3\u201d, dispar\u00f3 en alusi\u00f3n al diputado liberal Jos\u00e9 Luis Espert, quien hab\u00eda bloqueado el debate cuando presid\u00eda la comisi\u00f3n. No fue solo una frase al pasar: fue un recordatorio de que el oficialismo, amparado en la ret\u00f3rica de la austeridad y el ajuste, intent\u00f3 borrar del mapa una ley que garantizaba atenci\u00f3n prioritaria, recursos y asistencia a uno de los sectores m\u00e1s vulnerables del pa\u00eds.<\/p>\n\n\n\n<p>La diputada fue m\u00e1s all\u00e1. Calific\u00f3 la suspensi\u00f3n firmada por Francos como \u201cilegal\u201d, y explic\u00f3 que la ley hab\u00eda cumplido con todos los pasos constitucionales: aprobada por ambas c\u00e1maras, vetada por el Ejecutivo y luego insistida nuevamente por el Congreso. \u201cNo requiere m\u00e1s tr\u00e1mite para ser promulgada\u201d, sostuvo. En t\u00e9rminos institucionales, la maniobra del Gobierno fue un intento burdo de desconocer la voluntad del Poder Legislativo, algo que en una rep\u00fablica democr\u00e1tica deber\u00eda encender todas las alarmas.<\/p>\n\n\n\n<p>\u201c\u00bfPara qu\u00e9 debatimos leyes si despu\u00e9s por decreto se habilita la suspensi\u00f3n? \u00bfPara qu\u00e9 juramos la Constituci\u00f3n si despu\u00e9s vamos a permitir que se desobedezca?\u201d, se pregunt\u00f3 Pagano, con un tono que mezcl\u00f3 indignaci\u00f3n y desaf\u00edo. La frase, simple y contundente, condens\u00f3 el hartazgo de una parte del Congreso frente al avance discrecional del Ejecutivo de Javier Milei, que gobierna por decretos, ignora al Parlamento y desprecia los equilibrios republicanos.<\/p>\n\n\n\n<p>No es un tecnicismo, insisti\u00f3 Pagano. \u201cEsto es un avasallamiento a la instituci\u00f3n del Congreso\u201d. Y agreg\u00f3, mirando directamente a la bancada oficialista: \u201cNo es una formalidad, es una afrenta a la soberan\u00eda de la Rep\u00fablica\u201d. La ovaci\u00f3n que sigui\u00f3 no fue solo por la defensa de una ley puntual, sino por lo que implicaba el fondo del debate: la resistencia de las instituciones frente al autoritarismo econ\u00f3mico y pol\u00edtico del Gobierno.<\/p>\n\n\n\n<p>El caso no es menor. La ley de emergencia en Discapacidad hab\u00eda sido sancionada para garantizar recursos extraordinarios destinados a personas con discapacidad, centros de atenci\u00f3n y programas de inserci\u00f3n social. Su suspensi\u00f3n, dictada por el decreto 681\/25, dej\u00f3 en suspenso prestaciones m\u00e9dicas, traslados, terapias y subsidios, generando un da\u00f1o inmediato sobre miles de familias. Fue, en los hechos, un ajuste encubierto disfrazado de \u201corden administrativo\u201d.<\/p>\n\n\n\n<p>El argumento del Gobierno para suspenderla fue tan d\u00e9bil como c\u00ednico: aleg\u00f3 \u201crestricciones presupuestarias\u201d y la necesidad de \u201cevaluar la eficiencia del gasto p\u00fablico\u201d. Pero detr\u00e1s de esa jerga tecnocr\u00e1tica se escond\u00eda lo de siempre: la decisi\u00f3n de recortar a los sectores m\u00e1s vulnerables mientras se manten\u00edan intactos los privilegios del poder financiero y los beneficios a las grandes empresas exportadoras. Lo que el decreto hizo fue, ni m\u00e1s ni menos, negar derechos b\u00e1sicos conquistados por d\u00e9cadas de lucha del movimiento por la inclusi\u00f3n.<\/p>\n\n\n\n<p>La sesi\u00f3n parlamentaria expuso, adem\u00e1s, el creciente aislamiento del oficialismo. Con 67 votos negativos y ocho abstenciones, los libertarios y sus aliados del PRO no pudieron frenar una mayor\u00eda transversal que se form\u00f3 entre bloques peronistas, socialistas y radicales disidentes. Fue un mensaje claro: el Congreso no est\u00e1 dispuesto a ser una escriban\u00eda del Ejecutivo ni a convalidar por decreto lo que la Constituci\u00f3n reserva al debate legislativo.<\/p>\n\n\n\n<p>El gesto pol\u00edtico tambi\u00e9n tuvo una carga simb\u00f3lica enorme. La autora del proyecto, Marcela Pagano, fue hasta hace pocos meses una de las caras visibles del espacio libertario. Su ruptura con La Libertad Avanza y su denuncia p\u00fablica del autoritarismo interno del oficialismo marcaron un punto de inflexi\u00f3n. Que haya sido justamente ella quien impuls\u00f3 la nulidad de un decreto de Milei es una muestra del descontento que se extiende incluso entre antiguos aliados del presidente.<\/p>\n\n\n\n<p>Lo ocurrido en Diputados no solo repuso la vigencia de una ley, sino que desnud\u00f3 un patr\u00f3n de gobierno: la tendencia del oficialismo a gobernar por decreto, saltando los contrapesos institucionales y ampar\u00e1ndose en un relato de \u201ceficiencia\u201d que se desmorona cada d\u00eda frente a la realidad. Este episodio se suma a una larga lista de atropellos normativos, desde el mega DNU 70\/2023 hasta los vetos selectivos a leyes votadas por amplias mayor\u00edas. Cada uno de esos actos erosiona la credibilidad del sistema republicano y deja al descubierto un desprecio por la democracia que empieza a incomodar incluso dentro del propio oficialismo.<\/p>\n\n\n\n<p>La votaci\u00f3n de anoche fue, en ese sentido, algo m\u00e1s que un tr\u00e1mite legislativo: fue una advertencia pol\u00edtica. En medio del ajuste, la recesi\u00f3n y el descontento social, el Congreso volvi\u00f3 a marcar l\u00edmites. Porque si el Gobierno puede suspender una ley de emergencia en Discapacidad con un decreto, \u00bfqu\u00e9 impide que ma\u00f1ana haga lo mismo con cualquier otro derecho? Esa es la pregunta que sobrevol\u00f3 todo el debate y que, m\u00e1s all\u00e1 de la aritm\u00e9tica parlamentaria, instala una tensi\u00f3n institucional de fondo.<\/p>\n\n\n\n<p>El gobierno de Milei se enfrenta as\u00ed a su propio espejo: un poder que cre\u00eda omnipotente, pero que empieza a encontrar resistencia en los lugares donde menos lo esperaba. Y es que la pol\u00edtica, por m\u00e1s que la desprecien, sigue siendo el terreno donde se disputan los derechos y las garant\u00edas. En ese terreno, los decretos no alcanzan. La democracia no se gobierna a fuerza de firmas digitales ni cadenas en redes sociales.<\/p>\n\n\n\n<p>El voto que restituy\u00f3 la ley de emergencia en Discapacidad fue, en definitiva, un acto de defensa de la institucionalidad y de las personas m\u00e1s vulnerables. Y aunque el oficialismo intente minimizarlo, lo cierto es que el Congreso, por primera vez en mucho tiempo, dijo basta. Basta de gobernar contra la ley. Basta de atropellar a quienes no pueden defenderse. Basta de usar la austeridad como excusa para desmantelar derechos.<\/p>\n\n\n\n<p>La escena final de la sesi\u00f3n dej\u00f3 una imagen elocuente: una ex libertaria denunciando el abuso de poder de un gobierno libertario, mientras los aplausos retumbaban en el recinto. Fue una postal de \u00e9poca, y quiz\u00e1s, el primer s\u00edntoma de que el p\u00e9ndulo empieza a moverse. Porque cuando el poder se excede, la democracia \u2014a veces lentamente, a veces con un grito\u2014 siempre encuentra la forma de defenderse.<\/p>\n\n\n\n<p>Fuente<\/p>\n\n\n\n<p>.<a href=\"https:\/\/noticiasargentinas.com\/politica\/diputados-aprobo-la-nulidad-del-decreto-que-suspendio-la-ley-de-emergencia-en-discapacidad_a68e72c48cb2e6748e1bb3681\">https:\/\/noticiasargentinas.com\/politica\/diputados-aprobo-la-nulidad-del-decreto-que-suspendio-la-ley-de-emergencia-en-discapacidad_a68e72c48cb2e6748e1bb3681<\/a><\/p>\n\n\n\n<p><\/p>\n","protected":false},"excerpt":{"rendered":"<p>Con una votaci\u00f3n ajustada, la C\u00e1mara de Diputados declar\u00f3 la nulidad absoluta del decreto 681\/25 que hab\u00eda suspendido la ley de emergencia en Discapacidad. La autora del proyecto, Marcela Pagano, acus\u00f3 al jefe de Gabinete, Guillermo Francos, de violar la Constituci\u00f3n y denunci\u00f3 un intento del Gobierno por subordinar al Congreso mediante decretos. El oficialismo&#8230;<\/p>\n","protected":false},"author":1,"featured_media":9497,"comment_status":"open","ping_status":"open","sticky":false,"template":"","format":"standard","meta":{"_monsterinsights_skip_tracking":false,"_monsterinsights_sitenote_active":false,"_monsterinsights_sitenote_note":"","_monsterinsights_sitenote_category":0,"footnotes":"","jetpack_publicize_message":"","jetpack_publicize_feature_enabled":true,"jetpack_social_post_already_shared":true,"jetpack_social_options":{"image_generator_settings":{"template":"highway","default_image_id":0,"font":"","enabled":false},"version":2}},"categories":[2],"tags":[257,1500,69,260,900,854,923,1348,45,3410],"class_list":["post-9496","post","type-post","status-publish","format-standard","has-post-thumbnail","hentry","category-politica","tag-congreso","tag-decreto","tag-derechos","tag-diputados","tag-discapacidad","tag-emergencia","tag-espert","tag-francos","tag-milei","tag-pagano"],"jetpack_publicize_connections":[],"_links":{"self":[{"href":"https:\/\/www.enorsai.com\/noticias\/wp-json\/wp\/v2\/posts\/9496","targetHints":{"allow":["GET"]}}],"collection":[{"href":"https:\/\/www.enorsai.com\/noticias\/wp-json\/wp\/v2\/posts"}],"about":[{"href":"https:\/\/www.enorsai.com\/noticias\/wp-json\/wp\/v2\/types\/post"}],"author":[{"embeddable":true,"href":"https:\/\/www.enorsai.com\/noticias\/wp-json\/wp\/v2\/users\/1"}],"replies":[{"embeddable":true,"href":"https:\/\/www.enorsai.com\/noticias\/wp-json\/wp\/v2\/comments?post=9496"}],"version-history":[{"count":1,"href":"https:\/\/www.enorsai.com\/noticias\/wp-json\/wp\/v2\/posts\/9496\/revisions"}],"predecessor-version":[{"id":9498,"href":"https:\/\/www.enorsai.com\/noticias\/wp-json\/wp\/v2\/posts\/9496\/revisions\/9498"}],"wp:featuredmedia":[{"embeddable":true,"href":"https:\/\/www.enorsai.com\/noticias\/wp-json\/wp\/v2\/media\/9497"}],"wp:attachment":[{"href":"https:\/\/www.enorsai.com\/noticias\/wp-json\/wp\/v2\/media?parent=9496"}],"wp:term":[{"taxonomy":"category","embeddable":true,"href":"https:\/\/www.enorsai.com\/noticias\/wp-json\/wp\/v2\/categories?post=9496"},{"taxonomy":"post_tag","embeddable":true,"href":"https:\/\/www.enorsai.com\/noticias\/wp-json\/wp\/v2\/tags?post=9496"}],"curies":[{"name":"wp","href":"https:\/\/api.w.org\/{rel}","templated":true}]}}