{"id":9479,"date":"2025-10-08T17:36:24","date_gmt":"2025-10-08T20:36:24","guid":{"rendered":"https:\/\/www.enorsai.com\/noticias\/?p=9479"},"modified":"2025-10-08T17:42:48","modified_gmt":"2025-10-08T20:42:48","slug":"la-brutal-confesion-de-karen-reichardt-la-candidata-de-milei-pide-dividir-el-pais-entre-pobres-y-ricos","status":"publish","type":"post","link":"https:\/\/www.enorsai.com\/noticias\/politica\/la-brutal-confesion-de-karen-reichardt-la-candidata-de-milei-pide-dividir-el-pais-entre-pobres-y-ricos\/","title":{"rendered":"La brutal confesi\u00f3n de Karen Reichardt: la candidata de Milei pide dividir el pa\u00eds entre pobres y ricos"},"content":{"rendered":"\n<p>La candidata de La Libertad Avanza propuso levantar un \u201cmuro\u201d entre \u201clos que quieren progresar\u201d y \u201clos que viven en casillas y prefieren la asistencia\u201d. Su frase, que evoca los peores discursos de odio de la ultraderecha, deja al descubierto el ADN clasista y violento del proyecto pol\u00edtico que encabeza Javier Milei.<br><br>La candidata de La Libertad Avanza, Karen Reichardt, volvi\u00f3 a encender la pol\u00e9mica con una declaraci\u00f3n que podr\u00eda haber salido del manual m\u00e1s crudo del desprecio social. En una entrevista reciente, propuso literalmente \u201cconstruir un muro\u201d que divida \u201ca quienes quieren progresar\u201d de \u201caquellos que viven en casillas y prefieren la asistencia social\u201d.<br><br>El mensaje, cargado de estigmas y prejuicios, no fue una met\u00e1fora inocente ni un exabrupto improvisado: es la condensaci\u00f3n m\u00e1s expl\u00edcita del pensamiento libertario que gobierna hoy Argentina. Una ideolog\u00eda que clasifica a las personas seg\u00fan su nivel de consumo, su cuenta bancaria o su direcci\u00f3n postal.<br><br>Reichardt habl\u00f3 de \u201cgente de bien\u201d, esa categor\u00eda moral inventada por las derechas para autojustificarse, y cit\u00f3 como ejemplos a Espert, Karina Milei y Cristian Ritondo, nombres que, seg\u00fan ella, encarnan el orden, el esfuerzo y la meritocracia. Del otro lado, ubic\u00f3 a los \u201cnegros y planeros\u201d, esa expresi\u00f3n brutal que vuelve a sonar con total impunidad en boca de funcionarios, candidatos y comunicadores libertarios.<\/p>\n\n\n\n<figure class=\"wp-block-embed is-type-rich is-provider-twitter wp-block-embed-twitter\"><div class=\"wp-block-embed__wrapper\">\n<blockquote class=\"twitter-tweet\" data-width=\"550\" data-dnt=\"true\"><p lang=\"es\" dir=\"ltr\">La candidata de La Libertad Avanza, Karen Reichardt, desat\u00f3 una fuerte pol\u00e9mica al proponer la construcci\u00f3n de un \u201cmuro\u201d que divida \u201ca quienes quieren progresar\u201d de \u201caquellos que viven en casillas y prefieren la asistencia social\u201d. La met\u00e1fora, cargada de exclusi\u00f3n, busca separar\u2026 <a href=\"https:\/\/t.co\/Ebz442oEVr\">pic.twitter.com\/Ebz442oEVr<\/a><\/p>&mdash; El Profe Romero (@romerodiario) <a href=\"https:\/\/twitter.com\/romerodiario\/status\/1976020695562736037?ref_src=twsrc%5Etfw\">October 8, 2025<\/a><\/blockquote><script async src=\"https:\/\/platform.twitter.com\/widgets.js\" charset=\"utf-8\"><\/script>\n<\/div><\/figure>\n\n\n\n<p><br><br>Detr\u00e1s de esa frase late un proyecto pol\u00edtico que no propone unir a la sociedad, sino fracturarla, reduciendo la desigualdad a una cuesti\u00f3n de voluntad individual. La pobreza, para Reichardt y compa\u00f1\u00eda, no es el resultado de pol\u00edticas injustas, concentraci\u00f3n econ\u00f3mica o exclusi\u00f3n estructural, sino una elecci\u00f3n personal. Una narrativa que exonera al poder y criminaliza la necesidad.<br><br>El \u201cmuro\u201d de Reichardt no es f\u00edsico, pero es igual de violento. Es el muro simb\u00f3lico que separa a los argentinos entre \u201cdignos\u201d e \u201cindignos\u201d, entre los que merecen vivir y los que deben sobrevivir. Una frontera moral que recuerda demasiado a las ideas m\u00e1s oscuras de la historia reciente, donde la pureza social se invocaba para justificar la persecuci\u00f3n y la miseria.<br><br>No sorprende, entonces, que este tipo de declaraciones surjan en el ecosistema discursivo que Javier Milei y su hermana Karina fomentan a diario. La \u201cbatalla cultural\u201d de La Libertad Avanza no busca transformar el pa\u00eds, sino dividirlo entre los que aplauden al l\u00edder y los que estorban su relato.<br><br>Reichardt, con su muro imaginario, no hizo m\u00e1s que poner en palabras lo que muchos en su espacio piensan pero disimulan. En una Argentina atravesada por el hambre, la desigualdad y la violencia institucional, el muro que proponen los libertarios no es una soluci\u00f3n: es la confesi\u00f3n m\u00e1s brutal de su fracaso moral y pol\u00edtico.<\/p>\n","protected":false},"excerpt":{"rendered":"<p>La candidata de La Libertad Avanza propuso levantar un \u201cmuro\u201d entre \u201clos que quieren progresar\u201d y \u201clos que viven en casillas y prefieren la asistencia\u201d. Su frase, que evoca los peores discursos de odio de la ultraderecha, deja al descubierto el ADN clasista y violento del proyecto pol\u00edtico que encabeza Javier Milei. La candidata de&#8230;<\/p>\n","protected":false},"author":1,"featured_media":9478,"comment_status":"open","ping_status":"open","sticky":false,"template":"","format":"standard","meta":{"_monsterinsights_skip_tracking":false,"_monsterinsights_sitenote_active":false,"_monsterinsights_sitenote_note":"","_monsterinsights_sitenote_category":0,"footnotes":"","jetpack_publicize_message":"","jetpack_publicize_feature_enabled":true,"jetpack_social_post_already_shared":true,"jetpack_social_options":{"image_generator_settings":{"template":"highway","default_image_id":0,"font":"","enabled":false},"version":2}},"categories":[2],"tags":[],"class_list":["post-9479","post","type-post","status-publish","format-standard","has-post-thumbnail","hentry","category-politica"],"jetpack_publicize_connections":[],"_links":{"self":[{"href":"https:\/\/www.enorsai.com\/noticias\/wp-json\/wp\/v2\/posts\/9479","targetHints":{"allow":["GET"]}}],"collection":[{"href":"https:\/\/www.enorsai.com\/noticias\/wp-json\/wp\/v2\/posts"}],"about":[{"href":"https:\/\/www.enorsai.com\/noticias\/wp-json\/wp\/v2\/types\/post"}],"author":[{"embeddable":true,"href":"https:\/\/www.enorsai.com\/noticias\/wp-json\/wp\/v2\/users\/1"}],"replies":[{"embeddable":true,"href":"https:\/\/www.enorsai.com\/noticias\/wp-json\/wp\/v2\/comments?post=9479"}],"version-history":[{"count":1,"href":"https:\/\/www.enorsai.com\/noticias\/wp-json\/wp\/v2\/posts\/9479\/revisions"}],"predecessor-version":[{"id":9480,"href":"https:\/\/www.enorsai.com\/noticias\/wp-json\/wp\/v2\/posts\/9479\/revisions\/9480"}],"wp:featuredmedia":[{"embeddable":true,"href":"https:\/\/www.enorsai.com\/noticias\/wp-json\/wp\/v2\/media\/9478"}],"wp:attachment":[{"href":"https:\/\/www.enorsai.com\/noticias\/wp-json\/wp\/v2\/media?parent=9479"}],"wp:term":[{"taxonomy":"category","embeddable":true,"href":"https:\/\/www.enorsai.com\/noticias\/wp-json\/wp\/v2\/categories?post=9479"},{"taxonomy":"post_tag","embeddable":true,"href":"https:\/\/www.enorsai.com\/noticias\/wp-json\/wp\/v2\/tags?post=9479"}],"curies":[{"name":"wp","href":"https:\/\/api.w.org\/{rel}","templated":true}]}}