{"id":9475,"date":"2025-10-08T17:08:17","date_gmt":"2025-10-08T20:08:17","guid":{"rendered":"https:\/\/www.enorsai.com\/noticias\/?p=9475"},"modified":"2025-10-08T17:27:24","modified_gmt":"2025-10-08T20:27:24","slug":"el-repudio-crece-milei-y-su-hermana-fueron-abucheados-en-pleno-centro-porteno","status":"publish","type":"post","link":"https:\/\/www.enorsai.com\/noticias\/politica\/el-repudio-crece-milei-y-su-hermana-fueron-abucheados-en-pleno-centro-porteno\/","title":{"rendered":"El repudio crece: Milei y su hermana fueron abucheados en pleno centro porte\u00f1o"},"content":{"rendered":"\n<p>El presidente y la secretaria general de la Presidencia, Karina Milei, vivieron un nuevo episodio de rechazo ciudadano en el microcentro. Los insultos, la huida y la creciente tensi\u00f3n social exponen el desgaste del gobierno libertario.<br><br>El abucheo a Javier y Karina Milei en pleno coraz\u00f3n de Buenos Aires no fue un hecho aislado, sino un s\u00edntoma de la desilusi\u00f3n social frente a un gobierno que prometi\u00f3 libertad y termin\u00f3 blind\u00e1ndose con custodia policial. Entre el malestar econ\u00f3mico, el autoritarismo creciente y la campa\u00f1a electoral que ya nadie celebra, el oficialismo enfrenta el espejo inc\u00f3modo de su propio fracaso.<br><br>El microcentro porte\u00f1o fue escenario este mediod\u00eda de una postal que el Gobierno hubiera preferido evitar. Javier Milei y su hermana Karina, la poderosa secretaria general de la Presidencia, salieron de un edificio sobre Avenida de Mayo al 605 y, en cuesti\u00f3n de segundos, se toparon con una multitud que los recibi\u00f3 al grito de \u201c\u00a1hijo de puta!\u201d. El abucheo se multiplic\u00f3 como un eco de furia ciudadana, mientras los hermanos Milei se apresuraban a subir a sus camionetas oficiales, rodeadas por un fuerte operativo de la Polic\u00eda Federal.<\/p>\n\n\n\n<figure class=\"wp-block-embed is-type-rich is-provider-twitter wp-block-embed-twitter\"><div class=\"wp-block-embed__wrapper\">\n<blockquote class=\"twitter-tweet\" data-width=\"550\" data-dnt=\"true\"><p lang=\"es\" dir=\"ltr\">&quot;HIJO DE PUTA&quot;<br>&quot;COIMERA&quot;<br>&quot;ESTAFADOR&quot;<br>&quot;LA CONCHA DE TU MADRE&quot;<br><br>El Fen\u00f3meno Barrial no descansa. No labura nunca, solo se dedica a ser insultado <a href=\"https:\/\/t.co\/ZHIbvmQlj1\">pic.twitter.com\/ZHIbvmQlj1<\/a><\/p>&mdash; Arrepentidos de Milei (@ArrepentidosLLA) <a href=\"https:\/\/twitter.com\/ArrepentidosLLA\/status\/1975980098336719206?ref_src=twsrc%5Etfw\">October 8, 2025<\/a><\/blockquote><script async src=\"https:\/\/platform.twitter.com\/widgets.js\" charset=\"utf-8\"><\/script>\n<\/div><\/figure>\n\n\n\n<p><br><br>El episodio, confirmado por la agencia Noticias Argentinas, ocurri\u00f3 luego de una reuni\u00f3n con empresarios en el hist\u00f3rico edificio C\u00e9nit, tras el encuentro de gabinete matutino. Sin embargo, el supuesto gesto de \u201cnormalidad institucional\u201d termin\u00f3 en una retirada forzada, s\u00edmbolo de la distancia cada vez mayor entre el Gobierno y la sociedad que dice representar.<br><br>Las escenas de rechazo ya no sorprenden. Hace apenas un d\u00eda, en Mar del Plata, Milei se cruz\u00f3 con vecinos que lo increparon por la crisis econ\u00f3mica, por los precios que no paran de subir y por los salarios que se pulverizan mes a mes. El mismo presidente que en campa\u00f1a promet\u00eda \u201cterminar con la casta\u201d hoy necesita de ella \u2014y de sus custodios\u2014 para soportar el malhumor popular que \u00e9l mismo aliment\u00f3 con su ajuste brutal.<br><br>El libertario que se jactaba de \u201cno vivir del Estado\u201d se mueve hoy entre autos oficiales, blindados y barricadas humanas. Es la imagen de un poder cada vez m\u00e1s encerrado, que teme al contacto directo con los ciudadanos. Un poder que, en lugar de escuchar el descontento, lo reprime o lo ignora.<br><br>Karina Milei, apodada \u201cEl Jefe\u201d por su hermano y por los propios funcionarios, tambi\u00e9n fue blanco de insultos y debi\u00f3 abandonar el lugar rumbo a Casa Rosada. All\u00ed la esperaba otra reuni\u00f3n de campa\u00f1a, como si la realidad de las calles no existiera. Pero existe. Y se hace o\u00edr.<br><br>La p\u00e9rdida de apoyo se siente no s\u00f3lo en las encuestas, sino tambi\u00e9n en la temperatura social. Los vecinos ya no callan. Los empresarios se muestran inc\u00f3modos. Y dentro del oficialismo crece el desconcierto. En apenas diez meses de gesti\u00f3n, el Gobierno de Javier Milei logr\u00f3 un r\u00e9cord dif\u00edcil de superar: pasar del furor libertario al repudio masivo.<br><br>La postal de hoy \u2014el presidente huyendo entre insultos y escoltas\u2014 condensa el ocaso de una promesa pol\u00edtica que se desmorona a ojos vista. No es s\u00f3lo una an\u00e9cdota callejera: es la expresi\u00f3n de un pa\u00eds cansado, que ya no compra el discurso de la motosierra y el ajuste infinito.<br><br>Milei puede seguir gritando en redes sociales o despotricando contra \u201clos par\u00e1sitos del Estado\u201d, pero la realidad lo alcanza cada vez que pone un pie en la calle. Y esa realidad, como se vio en Avenida de Mayo, no se combate con custodia ni con propaganda: se enfrenta con pol\u00edtica, empat\u00eda y gesti\u00f3n. Tres palabras que el gobierno libertario parece haber borrado del diccionario.<br><br>Fuente:<\/p>\n\n\n\n<p>.https:\/\/noticiasargentinas.com\/politica\/javier-milei-se-mostro-en-el-microcentro-porteno-y-fue-abucheado-por-los-vecinos_a68e6abf972f63b7221e1a68a<\/p>\n","protected":false},"excerpt":{"rendered":"<p>El presidente y la secretaria general de la Presidencia, Karina Milei, vivieron un nuevo episodio de rechazo ciudadano en el microcentro. Los insultos, la huida y la creciente tensi\u00f3n social exponen el desgaste del gobierno libertario. El abucheo a Javier y Karina Milei en pleno coraz\u00f3n de Buenos Aires no fue un hecho aislado, sino&#8230;<\/p>\n","protected":false},"author":11,"featured_media":9476,"comment_status":"open","ping_status":"open","sticky":false,"template":"","format":"standard","meta":{"_monsterinsights_skip_tracking":false,"_monsterinsights_sitenote_active":false,"_monsterinsights_sitenote_note":"","_monsterinsights_sitenote_category":0,"footnotes":"","jetpack_publicize_message":"","jetpack_publicize_feature_enabled":true,"jetpack_social_post_already_shared":true,"jetpack_social_options":{"image_generator_settings":{"template":"highway","default_image_id":0,"font":"","enabled":false},"version":2}},"categories":[2],"tags":[],"class_list":["post-9475","post","type-post","status-publish","format-standard","has-post-thumbnail","hentry","category-politica"],"jetpack_publicize_connections":[],"_links":{"self":[{"href":"https:\/\/www.enorsai.com\/noticias\/wp-json\/wp\/v2\/posts\/9475","targetHints":{"allow":["GET"]}}],"collection":[{"href":"https:\/\/www.enorsai.com\/noticias\/wp-json\/wp\/v2\/posts"}],"about":[{"href":"https:\/\/www.enorsai.com\/noticias\/wp-json\/wp\/v2\/types\/post"}],"author":[{"embeddable":true,"href":"https:\/\/www.enorsai.com\/noticias\/wp-json\/wp\/v2\/users\/11"}],"replies":[{"embeddable":true,"href":"https:\/\/www.enorsai.com\/noticias\/wp-json\/wp\/v2\/comments?post=9475"}],"version-history":[{"count":1,"href":"https:\/\/www.enorsai.com\/noticias\/wp-json\/wp\/v2\/posts\/9475\/revisions"}],"predecessor-version":[{"id":9477,"href":"https:\/\/www.enorsai.com\/noticias\/wp-json\/wp\/v2\/posts\/9475\/revisions\/9477"}],"wp:featuredmedia":[{"embeddable":true,"href":"https:\/\/www.enorsai.com\/noticias\/wp-json\/wp\/v2\/media\/9476"}],"wp:attachment":[{"href":"https:\/\/www.enorsai.com\/noticias\/wp-json\/wp\/v2\/media?parent=9475"}],"wp:term":[{"taxonomy":"category","embeddable":true,"href":"https:\/\/www.enorsai.com\/noticias\/wp-json\/wp\/v2\/categories?post=9475"},{"taxonomy":"post_tag","embeddable":true,"href":"https:\/\/www.enorsai.com\/noticias\/wp-json\/wp\/v2\/tags?post=9475"}],"curies":[{"name":"wp","href":"https:\/\/api.w.org\/{rel}","templated":true}]}}