{"id":947,"date":"2025-02-10T10:00:00","date_gmt":"2025-02-10T13:00:00","guid":{"rendered":"http:\/\/www.enorsai.com\/noticias\/?p=947"},"modified":"2025-02-10T09:37:05","modified_gmt":"2025-02-10T12:37:05","slug":"protesta-de-trabajadores-despedidos-en-praxair-se-manifestaron-en-panamericana","status":"publish","type":"post","link":"https:\/\/www.enorsai.com\/noticias\/economia\/protesta-de-trabajadores-despedidos-en-praxair-se-manifestaron-en-panamericana\/","title":{"rendered":"Protesta de trabajadores despedidos en Praxair se manifestaron en Panamericana"},"content":{"rendered":"\n<p><strong><em>Trabajadores de una multinacional de gases industriales cort\u00f3 la Panamericana en reclamo de reincorporaciones, mientras el gobierno mira hacia otro lado.<\/em><\/strong><\/p>\n\n\n\n<hr class=\"wp-block-separator has-alpha-channel-opacity\"\/>\n\n\n\n<p>En un contexto de ajustes y despidos, empleados de Praxair, proveedora de gigantes como Toyota y Ford, protestan en General Pacheco. \u00bfHasta cu\u00e1ndo el gobierno de Javier Milei seguir\u00e1 ignorando el impacto social de sus medidas econ\u00f3micas?<\/p>\n\n\n\n<p>El panorama laboral en Argentina sigue en ca\u00edda libre. Esta ma\u00f1ana, la Autopista Panamericana y la ruta 197 en General Pacheco fueron testigos de un nuevo cap\u00edtulo en la crisis laboral que atraviesa el pa\u00eds. Decenas de trabajadores de Praxair, una multinacional l\u00edder en gases industriales y medicinales, cortaron el tr\u00e1nsito en reclamo por despidos injustificados. La protesta, que comenz\u00f3 en las primeras horas del d\u00eda, dej\u00f3 en evidencia no solo la desesperaci\u00f3n de los empleados, sino tambi\u00e9n la indiferencia del gobierno de Javier Milei ante el creciente malestar social.<\/p>\n\n\n\n<p>Los n\u00fameros son contundentes: en diciembre, Praxair despidi\u00f3 a 10 trabajadores, un 20% de su planta. Aunque en enero reincorporaron a cuatro, seis empleados siguen fuera de sus puestos. La empresa, que provee a empresas como YPF, Volkswagen, Ford y Toyota, argument\u00f3 que los despidos responden a una \u00abreestructuraci\u00f3n\u00bb. Sin embargo, los trabajadores denuncian que se trata de una medida arbitraria, carente de justificaci\u00f3n y que vulnera sus derechos laborales.<\/p>\n\n\n\n<figure class=\"wp-block-embed is-type-video is-provider-youtube wp-block-embed-youtube wp-embed-aspect-16-9 wp-has-aspect-ratio\"><div class=\"wp-block-embed__wrapper\">\n<iframe loading=\"lazy\" title=\"PROTESTA y CORTE PARCIAL en PANAMERICANA y 197: RECLAMAN por DESPIDOS\" width=\"640\" height=\"360\" src=\"https:\/\/www.youtube.com\/embed\/orwv3b3ALig?feature=oembed\" frameborder=\"0\" allow=\"accelerometer; autoplay; clipboard-write; encrypted-media; gyroscope; picture-in-picture; web-share\" referrerpolicy=\"strict-origin-when-cross-origin\" allowfullscreen><\/iframe>\n<\/div><\/figure>\n\n\n\n<p>La protesta, que se extendi\u00f3 por horas, gener\u00f3 demoras significativas en una de las autopistas m\u00e1s transitadas del pa\u00eds. Los manifestantes, acompa\u00f1ados por sindicatos y vecinos, exigieron la reincorporaci\u00f3n inmediata de sus compa\u00f1eros. A pesar de la presencia policial, el corte se mantuvo pac\u00edfico, aunque con un mensaje claro: no est\u00e1n dispuestos a ser el eslab\u00f3n m\u00e1s d\u00e9bil en la cadena de ajustes que impulsa el gobierno.<\/p>\n\n\n\n<p>Este no es un caso aislado. Desde que Javier Milei asumi\u00f3 la presidencia, los despidos masivos se han convertido en una constante. Su discurso de \u00abreforma econ\u00f3mica\u00bb y \u00abajuste necesario\u00bb choca frontalmente con la realidad de miles de familias que ven c\u00f3mo sus ingresos se evaporan. La falta de pol\u00edticas concretas para proteger el empleo y la insistencia en medidas que benefician a las grandes corporaciones en detrimento de los trabajadores han generado un clima de incertidumbre y descontento.<\/p>\n\n\n\n<div class=\"wp-block-jetpack-related-posts\">\n<h2 class=\"wp-block-heading\"><\/h2>\n<\/div>\n\n\n\n<p>Mientras los trabajadores de Praxair cortaban la Panamericana, el gobierno permaneci\u00f3 en silencio. Ni un pronunciamiento, ni una propuesta, ni siquiera un gesto de empat\u00eda. La pregunta es inevitable: \u00bfhasta cu\u00e1ndo el gobierno de Milei seguir\u00e1 ignorando el costo humano de sus pol\u00edticas? \u00bfCu\u00e1ntos despidos m\u00e1s tendr\u00e1n que ocurrir para que el Ejecutivo tome cartas en el asunto?<\/p>\n\n\n\n<p>La protesta de hoy no es solo un reclamo laboral; es un grito desesperado de quienes sienten que el sistema los ha dejado atr\u00e1s. En un pa\u00eds donde el desempleo y la precarizaci\u00f3n laboral avanzan a pasos agigantados, el gobierno tiene la obligaci\u00f3n de escuchar y actuar. De lo contrario, las calles seguir\u00e1n siendo el \u00fanico espacio donde los trabajadores puedan hacer o\u00edr su voz.<\/p>\n\n\n\n<p><\/p>\n\n\n","protected":false},"excerpt":{"rendered":"<p>Trabajadores de Praxair cortaron la Panamericana en reclamo por despidos injustificados. En un contexto de ajustes y pol\u00edticas econ\u00f3micas cuestionables, el gobierno de Milei sigue sin dar respuestas. \u00bfHasta cu\u00e1ndo se ignorar\u00e1 el impacto social de estas medidas?<\/p>\n","protected":false},"author":1,"featured_media":948,"comment_status":"open","ping_status":"open","sticky":false,"template":"","format":"standard","meta":{"_monsterinsights_skip_tracking":false,"_monsterinsights_sitenote_active":false,"_monsterinsights_sitenote_note":"","_monsterinsights_sitenote_category":0,"footnotes":"","jetpack_publicize_message":"","jetpack_publicize_feature_enabled":true,"jetpack_social_post_already_shared":true,"jetpack_social_options":{"image_generator_settings":{"template":"highway","default_image_id":0,"font":"","enabled":false},"version":2}},"categories":[3,4],"tags":[43,193,45,371,292],"class_list":["post-947","post","type-post","status-publish","format-standard","has-post-thumbnail","hentry","category-economia","category-sociedad","tag-crisis","tag-despidos","tag-milei","tag-protesta","tag-trabajadores"],"jetpack_publicize_connections":[],"_links":{"self":[{"href":"https:\/\/www.enorsai.com\/noticias\/wp-json\/wp\/v2\/posts\/947","targetHints":{"allow":["GET"]}}],"collection":[{"href":"https:\/\/www.enorsai.com\/noticias\/wp-json\/wp\/v2\/posts"}],"about":[{"href":"https:\/\/www.enorsai.com\/noticias\/wp-json\/wp\/v2\/types\/post"}],"author":[{"embeddable":true,"href":"https:\/\/www.enorsai.com\/noticias\/wp-json\/wp\/v2\/users\/1"}],"replies":[{"embeddable":true,"href":"https:\/\/www.enorsai.com\/noticias\/wp-json\/wp\/v2\/comments?post=947"}],"version-history":[{"count":1,"href":"https:\/\/www.enorsai.com\/noticias\/wp-json\/wp\/v2\/posts\/947\/revisions"}],"predecessor-version":[{"id":949,"href":"https:\/\/www.enorsai.com\/noticias\/wp-json\/wp\/v2\/posts\/947\/revisions\/949"}],"wp:featuredmedia":[{"embeddable":true,"href":"https:\/\/www.enorsai.com\/noticias\/wp-json\/wp\/v2\/media\/948"}],"wp:attachment":[{"href":"https:\/\/www.enorsai.com\/noticias\/wp-json\/wp\/v2\/media?parent=947"}],"wp:term":[{"taxonomy":"category","embeddable":true,"href":"https:\/\/www.enorsai.com\/noticias\/wp-json\/wp\/v2\/categories?post=947"},{"taxonomy":"post_tag","embeddable":true,"href":"https:\/\/www.enorsai.com\/noticias\/wp-json\/wp\/v2\/tags?post=947"}],"curies":[{"name":"wp","href":"https:\/\/api.w.org\/{rel}","templated":true}]}}