{"id":9466,"date":"2025-10-08T09:08:56","date_gmt":"2025-10-08T12:08:56","guid":{"rendered":"https:\/\/www.enorsai.com\/noticias\/?p=9466"},"modified":"2025-10-08T09:08:56","modified_gmt":"2025-10-08T12:08:56","slug":"se-define-el-escandalo-de-las-candidaturas-libertarias-hay-plata-para-reimprimir","status":"publish","type":"post","link":"https:\/\/www.enorsai.com\/noticias\/politica\/se-define-el-escandalo-de-las-candidaturas-libertarias-hay-plata-para-reimprimir\/","title":{"rendered":"Se define el esc\u00e1ndalo de las candidaturas libertarias: \u00bfhay plata para reimprimir?"},"content":{"rendered":"\n<p><strong><em>La Junta Electoral bonaerense convoc\u00f3 al Gobierno nacional y al resto de los partidos para definir la reimpresi\u00f3n de boletas. Asimismo, el juez Ramos Padilla deber\u00e1 definir quien encabece la lista de La Libertad Avanza.<\/em><\/strong><\/p>\n\n\n\n<p>La Justicia Electoral con competencia en la provincia de Buenos Aires reunir\u00e1 este mi\u00e9rcoles a funcionarios del Gobierno nacional y a los apoderados de los partidos pol\u00edticos para definir si se avanza en la reimpresi\u00f3n de boletas, tras la renuncia del candidato libertario Jos\u00e9 Luis Espert.<\/p>\n\n\n\n<p>Es que, en medio de los pedidos de La Libertad Avanza para que el candidato nacional del PRO, Diego Santilli, reemplace al profe Espert como primer candidato a diputado nacional por la provincia, la Justicia convoc\u00f3 a una audiencia \u201ccon todas las agrupaciones pol\u00edticas que forman parte de la oferta electoral\u201d.<\/p>\n\n\n\n<p>Es preciso mencionar que, la fiscal electoral de La Plata, Laura Roteta, dictamin\u00f3 el martes que Santilli no puede encabezar la lista de La Libertad Avanza, tal como reclamaba el oficialismo por la ley de paridad de g\u00e9nero en las n\u00f3minas, y que ese lugar le corresponde a Karen Reichardt.<\/p>\n\n\n\n<p>En ese marco, el tribunal a cargo del juez Alejo Ramos Padilla inst\u00f3 al ministro del Interior nacional, Lisandro Catal\u00e1n a que detalle la disponibilidad presupuestaria, as\u00ed como los plazos de producci\u00f3n y distribuci\u00f3n del nuevo material. Tambi\u00e9n requiri\u00f3 al Correo Argentino que detalle los tiempos necesarios para la entrega y log\u00edstica de las boletas actualizadas en todo el territorio bonaerense.<\/p>\n\n\n\n<p>De esta manera, el Ejecutivo nacional deber\u00e1 presentar la informaci\u00f3n recabada antes de este mi\u00e9rcoles a las 8:30, horario en que vence el plazo establecido. A su vez, convoc\u00f3 a una audiencia a las 10:30 horas, a la que deber\u00e1n asistir representantes del Gobierno, del Correo y de todos los frentes pol\u00edticos involucrados.<\/p>\n\n\n\n<p>Entre otros puntos a definir se encuentra qui\u00e9n asumir\u00e1 los costos del operativo y si ser\u00e1 necesario un nuevo proceso de contrataci\u00f3n para la reimpresi\u00f3n. En paralelo, el tribunal pidi\u00f3 que se garantice la transparencia y equidad del procedimiento frente al resto de las fuerzas pol\u00edticas.<\/p>\n\n\n\n<p>Vale recordar que, el requerimiento surge luego de que el espacio libertario solicitara retirar la imagen de Espert, tras su renuncia a la candidatura por presuntos v\u00ednculos con el narcotr\u00e1fico, e incorporar la del ex candidato a gobernador macrista como nueva cabeza de lista.<\/p>\n\n\n\n<p>De esta manera, la Junta Electoral con competencia en la provincia de Buenos Aires evaluar\u00e1 si el cambio justifica una nueva tirada, en un contexto de tensiones internas dentro del oficialismo y presiones de distintos sectores para que se mantengan las boletas originales.<\/p>\n\n\n\n<p>En paralelo, el juez Ramos Padilla, orden\u00f3 relevar el estado actual de las boletas que ya est\u00e1n en los centros de acopio. Tal es as\u00ed que, este lunes, se present\u00f3 en los dep\u00f3sitos judiciales para inspeccionar el material impreso, luego de que circularan versiones del Gobierno que sosten\u00edan que s\u00f3lo se hab\u00eda producido la mitad.<\/p>\n\n\n\n<p>Por Diputados Bonaerenses<\/p>\n","protected":false},"excerpt":{"rendered":"<p>La Junta Electoral bonaerense convoc\u00f3 al Gobierno nacional y al resto de los partidos para definir la reimpresi\u00f3n de boletas. Asimismo, el juez Ramos Padilla deber\u00e1 definir quien encabece la lista de La Libertad Avanza. La Justicia Electoral con competencia en la provincia de Buenos Aires reunir\u00e1 este mi\u00e9rcoles a funcionarios del Gobierno nacional y&#8230;<\/p>\n","protected":false},"author":5,"featured_media":9467,"comment_status":"open","ping_status":"open","sticky":false,"template":"","format":"standard","meta":{"_monsterinsights_skip_tracking":false,"_monsterinsights_sitenote_active":false,"_monsterinsights_sitenote_note":"","_monsterinsights_sitenote_category":0,"footnotes":"","jetpack_publicize_message":"","jetpack_publicize_feature_enabled":true,"jetpack_social_post_already_shared":true,"jetpack_social_options":{"image_generator_settings":{"template":"highway","default_image_id":0,"font":"","enabled":false},"version":2}},"categories":[2],"tags":[58,43],"class_list":["post-9466","post","type-post","status-publish","format-standard","has-post-thumbnail","hentry","category-politica","tag-ajuste","tag-crisis"],"jetpack_publicize_connections":[],"_links":{"self":[{"href":"https:\/\/www.enorsai.com\/noticias\/wp-json\/wp\/v2\/posts\/9466","targetHints":{"allow":["GET"]}}],"collection":[{"href":"https:\/\/www.enorsai.com\/noticias\/wp-json\/wp\/v2\/posts"}],"about":[{"href":"https:\/\/www.enorsai.com\/noticias\/wp-json\/wp\/v2\/types\/post"}],"author":[{"embeddable":true,"href":"https:\/\/www.enorsai.com\/noticias\/wp-json\/wp\/v2\/users\/5"}],"replies":[{"embeddable":true,"href":"https:\/\/www.enorsai.com\/noticias\/wp-json\/wp\/v2\/comments?post=9466"}],"version-history":[{"count":1,"href":"https:\/\/www.enorsai.com\/noticias\/wp-json\/wp\/v2\/posts\/9466\/revisions"}],"predecessor-version":[{"id":9468,"href":"https:\/\/www.enorsai.com\/noticias\/wp-json\/wp\/v2\/posts\/9466\/revisions\/9468"}],"wp:featuredmedia":[{"embeddable":true,"href":"https:\/\/www.enorsai.com\/noticias\/wp-json\/wp\/v2\/media\/9467"}],"wp:attachment":[{"href":"https:\/\/www.enorsai.com\/noticias\/wp-json\/wp\/v2\/media?parent=9466"}],"wp:term":[{"taxonomy":"category","embeddable":true,"href":"https:\/\/www.enorsai.com\/noticias\/wp-json\/wp\/v2\/categories?post=9466"},{"taxonomy":"post_tag","embeddable":true,"href":"https:\/\/www.enorsai.com\/noticias\/wp-json\/wp\/v2\/tags?post=9466"}],"curies":[{"name":"wp","href":"https:\/\/api.w.org\/{rel}","templated":true}]}}