{"id":9452,"date":"2025-10-07T22:13:38","date_gmt":"2025-10-08T01:13:38","guid":{"rendered":"https:\/\/www.enorsai.com\/noticias\/?p=9452"},"modified":"2025-10-07T22:15:48","modified_gmt":"2025-10-08T01:15:48","slug":"la-fiesta-del-ego-milei-el-movistar-arena-y-una-pregunta-que-sigue-sin-respuesta-cuanto-nos-costo","status":"publish","type":"post","link":"https:\/\/www.enorsai.com\/noticias\/politica\/la-fiesta-del-ego-milei-el-movistar-arena-y-una-pregunta-que-sigue-sin-respuesta-cuanto-nos-costo\/","title":{"rendered":"La fiesta del ego: Milei, el Movistar Arena y una pregunta que sigue sin respuesta \u00bfCu\u00e1nto nos cost\u00f3?"},"content":{"rendered":"\n<p>El economista Roberto Cachanosky denunci\u00f3 que el acto de Javier Milei en el Movistar Arena tuvo un costo estimado de 260 mil d\u00f3lares y puso el foco en un interrogante clave: \u00bfqui\u00e9n pag\u00f3 la fiesta presidencial mientras millones de argentinos sufren el ajuste?<br><br>Mientras el Gobierno predica austeridad y pide \u201csacrificios\u201d a los sectores m\u00e1s vulnerables, el presidente Javier Milei protagoniz\u00f3 un evento fastuoso en el Movistar Arena cuyo costo, seg\u00fan el economista Roberto Cachanosky, rondar\u00eda los 260 mil d\u00f3lares. La magnitud del gasto y la opacidad sobre su financiamiento desataron cr\u00edticas por el contraste con la crisis social que atraviesa el pa\u00eds.<br><br>El economista Roberto Cachanosky public\u00f3 un an\u00e1lisis lapidario sobre el acto que encabez\u00f3 Javier Milei en el Movistar Arena. Seg\u00fan sus estimaciones, alquilar el estadio tiene un costo que oscila entre los 100 mil y 150 mil d\u00f3lares, a lo que deben sumarse los gastos por escenario, sonido, iluminaci\u00f3n, pantallas LED, generadores, seguros t\u00e9cnicos, sal\u00f3n VIP, catering y ticketing. En total, la cifra m\u00ednima habr\u00eda superado los 260 mil d\u00f3lares.<\/p>\n\n\n\n<figure class=\"wp-block-embed is-type-rich is-provider-twitter wp-block-embed-twitter\"><div class=\"wp-block-embed__wrapper\">\n<blockquote class=\"twitter-tweet\" data-width=\"550\" data-dnt=\"true\"><p lang=\"es\" dir=\"ltr\">Alquilar el Movistar Arena tiene un costo entre US$ 100.000 y US$ 150.000.<br>A eso hay que agregarle escenario, sonido, iluminaci\u00f3n, pantallas LED, generadores, seguros t\u00e9cnicos. <br>Adem\u00e1s, sal\u00f3n VIP, catering y otros gastos como el ticketing.<br>La fiesta de ayer para satisfacer el ego\u2026<\/p>&mdash; Roberto Cachanosky (@RCachanosky) <a href=\"https:\/\/twitter.com\/RCachanosky\/status\/1975614588847542650?ref_src=twsrc%5Etfw\">October 7, 2025<\/a><\/blockquote><script async src=\"https:\/\/platform.twitter.com\/widgets.js\" charset=\"utf-8\"><\/script>\n<\/div><\/figure>\n\n\n\n<p><br><br>\u201cLa fiesta de ayer para satisfacer el ego de Milei debe haber tenido un piso de costo de US$ 260.000 por lo que pude averiguar. Falta saber qui\u00e9n pag\u00f3 esa fiesta\u201d, se\u00f1al\u00f3 Cachanosky, planteando un interrogante que atraviesa tanto la \u00e9tica p\u00fablica como la legalidad del financiamiento de este tipo de eventos.<br><br>El economista record\u00f3 que \u201cpor un valor mucho menor, Menem tuvo que devolver la Testarossa que le hab\u00edan regalado\u201d, en referencia al c\u00e9lebre episodio en el que el ex presidente fue cuestionado por aceptar un autom\u00f3vil de lujo como obsequio personal. \u201c\u00bfPuede el presidente de la Naci\u00f3n recibir del sector privado ese tipo de aportes?\u201d, insisti\u00f3, apuntando a la falta de transparencia del Gobierno sobre el origen de los fondos utilizados para la organizaci\u00f3n del acto.<br><br>M\u00e1s all\u00e1 de la cuesti\u00f3n legal, Cachanosky subray\u00f3 el costado moral del espect\u00e1culo: \u201cLo de ayer fue comer delante de los pobres. Una cachetada a los que la est\u00e1n pasando mal\u201d. El contraste entre el derroche escenogr\u00e1fico y la situaci\u00f3n econ\u00f3mica de la mayor\u00eda de los argentinos \u2014afectados por la inflaci\u00f3n, el desempleo y la p\u00e9rdida del poder adquisitivo\u2014 refuerza la percepci\u00f3n de una creciente desconexi\u00f3n entre el discurso oficial y la realidad cotidiana.<br><br>El acto, que incluy\u00f3 un despliegue audiovisual de gran escala y un tono de exaltaci\u00f3n personalista, fue interpretado como una muestra de la obsesi\u00f3n del mandatario por su propia figura. \u201cMilei ha demostrado no tener empat\u00eda con aquellos a los que le pidi\u00f3 sacrificio mientras \u00e9l, para satisfacer su ego, tira manteca al techo\u201d, escribi\u00f3 Cachanosky, utilizando una met\u00e1fora que sintetiza el malestar que gener\u00f3 el evento incluso en sectores que hasta ahora se mostraban cercanos al oficialismo.<br><br>La pregunta, entonces, sigue abierta: \u00bfQui\u00e9n pag\u00f3 la fiesta? \u00bfPuede un presidente aceptar aportes privados para organizar una celebraci\u00f3n personal bajo el disfraz de un acto institucional? \u00bfY c\u00f3mo se justifica semejante gasto en medio de un pa\u00eds empobrecido y exhausto por el ajuste?<\/p>\n","protected":false},"excerpt":{"rendered":"<p>El economista Roberto Cachanosky denunci\u00f3 que el acto de Javier Milei en el Movistar Arena tuvo un costo estimado de 260 mil d\u00f3lares y puso el foco en un interrogante clave: \u00bfqui\u00e9n pag\u00f3 la fiesta presidencial mientras millones de argentinos sufren el ajuste? Mientras el Gobierno predica austeridad y pide \u201csacrificios\u201d a los sectores m\u00e1s&#8230;<\/p>\n","protected":false},"author":1,"featured_media":9451,"comment_status":"open","ping_status":"open","sticky":false,"template":"","format":"standard","meta":{"_monsterinsights_skip_tracking":false,"_monsterinsights_sitenote_active":false,"_monsterinsights_sitenote_note":"","_monsterinsights_sitenote_category":0,"footnotes":"","jetpack_publicize_message":"","jetpack_publicize_feature_enabled":true,"jetpack_social_post_already_shared":true,"jetpack_social_options":{"image_generator_settings":{"template":"highway","default_image_id":0,"font":"","enabled":false},"version":2}},"categories":[2],"tags":[],"class_list":["post-9452","post","type-post","status-publish","format-standard","has-post-thumbnail","hentry","category-politica"],"jetpack_publicize_connections":[],"_links":{"self":[{"href":"https:\/\/www.enorsai.com\/noticias\/wp-json\/wp\/v2\/posts\/9452","targetHints":{"allow":["GET"]}}],"collection":[{"href":"https:\/\/www.enorsai.com\/noticias\/wp-json\/wp\/v2\/posts"}],"about":[{"href":"https:\/\/www.enorsai.com\/noticias\/wp-json\/wp\/v2\/types\/post"}],"author":[{"embeddable":true,"href":"https:\/\/www.enorsai.com\/noticias\/wp-json\/wp\/v2\/users\/1"}],"replies":[{"embeddable":true,"href":"https:\/\/www.enorsai.com\/noticias\/wp-json\/wp\/v2\/comments?post=9452"}],"version-history":[{"count":1,"href":"https:\/\/www.enorsai.com\/noticias\/wp-json\/wp\/v2\/posts\/9452\/revisions"}],"predecessor-version":[{"id":9453,"href":"https:\/\/www.enorsai.com\/noticias\/wp-json\/wp\/v2\/posts\/9452\/revisions\/9453"}],"wp:featuredmedia":[{"embeddable":true,"href":"https:\/\/www.enorsai.com\/noticias\/wp-json\/wp\/v2\/media\/9451"}],"wp:attachment":[{"href":"https:\/\/www.enorsai.com\/noticias\/wp-json\/wp\/v2\/media?parent=9452"}],"wp:term":[{"taxonomy":"category","embeddable":true,"href":"https:\/\/www.enorsai.com\/noticias\/wp-json\/wp\/v2\/categories?post=9452"},{"taxonomy":"post_tag","embeddable":true,"href":"https:\/\/www.enorsai.com\/noticias\/wp-json\/wp\/v2\/tags?post=9452"}],"curies":[{"name":"wp","href":"https:\/\/api.w.org\/{rel}","templated":true}]}}