{"id":9450,"date":"2025-10-07T21:06:07","date_gmt":"2025-10-08T00:06:07","guid":{"rendered":"https:\/\/www.enorsai.com\/noticias\/politica\/es-posible-que-la-ministra-de-seguridad-no-estuviera-al-tanto-del-vinculo-de-espert-con-el-narcotrafico\/"},"modified":"2025-10-07T21:06:07","modified_gmt":"2025-10-08T00:06:07","slug":"es-posible-que-la-ministra-de-seguridad-no-estuviera-al-tanto-del-vinculo-de-espert-con-el-narcotrafico","status":"publish","type":"post","link":"https:\/\/www.enorsai.com\/noticias\/politica\/es-posible-que-la-ministra-de-seguridad-no-estuviera-al-tanto-del-vinculo-de-espert-con-el-narcotrafico\/","title":{"rendered":"\u00bfEs posible que la ministra de Seguridad no estuviera al tanto del v\u00ednculo de Espert con el narcotr\u00e1fico?"},"content":{"rendered":"\n<p>El caso Espert\u2013Machado vuelve a golpear al gobierno de Javier Milei y deja en evidencia las grietas del discurso oficial sobre la \u201clucha contra el narcotr\u00e1fico\u201d. La pregunta que atraviesa a todo el oficialismo es tan simple como inc\u00f3moda: \u00bfc\u00f3mo es posible que la ministra de Seguridad no haya estado al tanto de que su candidato a diputado provincial por Buenos Aires manten\u00eda v\u00ednculos con un empresario detenido por narcotr\u00e1fico?<br><br>El estallido pol\u00edtico en torno a Jos\u00e9 Luis Espert sacudi\u00f3 al oficialismo libertario y dej\u00f3 a Patricia Bullrich en el centro de la tormenta. La revelaci\u00f3n de que el economista recibi\u00f3 200.000 d\u00f3lares de Federico \u201cFred\u201d Machado, un empresario preso con pedido de extradici\u00f3n por narcotr\u00e1fico, abri\u00f3 una grieta en el relato de pureza institucional que el gobierno intenta sostener desde su llegada al poder.<br><br>El v\u00ednculo econ\u00f3mico entre ambos fue expuesto por medios nacionales e internacionales a partir de registros bancarios que prueban una transferencia directa de Machado hacia Espert. Lejos de negarlo, el propio candidato admiti\u00f3 la operaci\u00f3n, aunque asegur\u00f3 que se trat\u00f3 de un pago por una supuesta \u201casesor\u00eda para una minera en Guatemala\u201d. Sin embargo, el argumento no logr\u00f3 disipar las sospechas ni detener la crisis pol\u00edtica que se desat\u00f3 en el entorno libertario.<br><br>En ese contexto, la figura de Bullrich qued\u00f3 severamente comprometida. La ministra de Seguridad, que ha construido toda su carrera pol\u00edtica en torno al discurso de la \u201cmano dura\u201d y la \u201ctolerancia cero\u201d con el narcotr\u00e1fico, se enfrenta ahora a un esc\u00e1ndalo que involucra a uno de los candidatos promovidos por su propio espacio pol\u00edtico. Resulta inveros\u00edmil \u2014y pol\u00edticamente devastador\u2014 que quien lidera la lucha contra el crimen organizado no haya tenido conocimiento de los antecedentes de quien buscaba representar a la provincia m\u00e1s poblada del pa\u00eds.<br><br>El episodio deja al descubierto no s\u00f3lo una falta de control interno, sino tambi\u00e9n un doble est\u00e1ndar en el ejercicio del poder. Mientras Bullrich exige transparencia y rigor a las fuerzas federales, el oficialismo permiti\u00f3 que un candidato con v\u00ednculos financieros con un empresario acusado por narcotr\u00e1fico llegara a encabezar una lista legislativa. Las preguntas se multiplican: \u00bfno hubo alertas en los mecanismos de selecci\u00f3n? \u00bfNadie verific\u00f3 el origen de los fondos? \u00bfO el financiamiento se toler\u00f3 hasta que el esc\u00e1ndalo explot\u00f3 en los medios?<br><br>Dentro de La Libertad Avanza, el malestar es evidente. Algunos sectores presionan por el apartamiento de Espert, mientras otros buscan minimizar el impacto medi\u00e1tico para no arrastrar a Milei ni a Bullrich. La tensi\u00f3n pol\u00edtica crece al ritmo de las contradicciones: un gobierno que hizo de la \u201clucha contra el narco\u201d su bandera ahora enfrenta acusaciones que ponen en duda su credibilidad.<br><br>Bullrich intent\u00f3 despegarse con declaraciones p\u00fablicas en las que exigi\u00f3 a Espert \u201caclarar la situaci\u00f3n\u201d y calific\u00f3 como \u201cinadmisible\u201d cualquier relaci\u00f3n con personas vinculadas al narcotr\u00e1fico. Sin embargo, su respuesta fue percibida como tard\u00eda y defensiva. En la pr\u00e1ctica, la ministra se encuentra atrapada entre su propio discurso y las falencias de control pol\u00edtico que hoy la exponen.<br><br>La dimensi\u00f3n institucional del caso es a\u00fan m\u00e1s grave: la presencia de figuras sospechadas dentro de las listas oficiales demuestra que los mecanismos de verificaci\u00f3n y control son, en el mejor de los casos, d\u00e9biles o inexistentes. En un contexto donde la legitimidad del gobierno se apoya casi exclusivamente en el relato de la eficiencia y la \u201climpieza moral\u201d, la falta de previsi\u00f3n es un golpe directo a la confianza p\u00fablica.<br><br>El affaire Espert\u2013Machado no es s\u00f3lo un episodio de corrupci\u00f3n o mala praxis pol\u00edtica: es una radiograf\u00eda del poder en la Argentina de Milei. Un poder que predica orden mientras siembra caos, que exige moral mientras naturaliza la impunidad, y que promete seguridad mientras tolera la opacidad de sus propios cuadros.<br><br>Las consecuencias pol\u00edticas reci\u00e9n comienzan a medirse, pero la pregunta inicial sigue sin respuesta: \u00bfc\u00f3mo es posible que la ministra de Seguridad no haya estado al tanto de que su propio candidato ten\u00eda v\u00ednculos con el narcotr\u00e1fico? Si lo sab\u00eda, el problema es \u00e9tico. Si no lo sab\u00eda, el problema es institucional. En ambos casos, la responsabilidad pol\u00edtica es ineludible.<br><\/p>\n","protected":false},"excerpt":{"rendered":"<p>El caso Espert\u2013Machado vuelve a golpear al gobierno de Javier Milei y deja en evidencia las grietas del discurso oficial sobre la \u201clucha contra el narcotr\u00e1fico\u201d. La pregunta que atraviesa a todo el oficialismo es tan simple como inc\u00f3moda: \u00bfc\u00f3mo es posible que la ministra de Seguridad no haya estado al tanto de que su&#8230;<\/p>\n","protected":false},"author":11,"featured_media":9449,"comment_status":"open","ping_status":"open","sticky":false,"template":"","format":"standard","meta":{"_monsterinsights_skip_tracking":false,"_monsterinsights_sitenote_active":false,"_monsterinsights_sitenote_note":"","_monsterinsights_sitenote_category":0,"footnotes":"","jetpack_publicize_message":"","jetpack_publicize_feature_enabled":true,"jetpack_social_post_already_shared":true,"jetpack_social_options":{"image_generator_settings":{"template":"highway","default_image_id":0,"font":"","enabled":false},"version":2}},"categories":[2],"tags":[],"class_list":["post-9450","post","type-post","status-publish","format-standard","has-post-thumbnail","hentry","category-politica"],"jetpack_publicize_connections":[],"_links":{"self":[{"href":"https:\/\/www.enorsai.com\/noticias\/wp-json\/wp\/v2\/posts\/9450","targetHints":{"allow":["GET"]}}],"collection":[{"href":"https:\/\/www.enorsai.com\/noticias\/wp-json\/wp\/v2\/posts"}],"about":[{"href":"https:\/\/www.enorsai.com\/noticias\/wp-json\/wp\/v2\/types\/post"}],"author":[{"embeddable":true,"href":"https:\/\/www.enorsai.com\/noticias\/wp-json\/wp\/v2\/users\/11"}],"replies":[{"embeddable":true,"href":"https:\/\/www.enorsai.com\/noticias\/wp-json\/wp\/v2\/comments?post=9450"}],"version-history":[{"count":0,"href":"https:\/\/www.enorsai.com\/noticias\/wp-json\/wp\/v2\/posts\/9450\/revisions"}],"wp:featuredmedia":[{"embeddable":true,"href":"https:\/\/www.enorsai.com\/noticias\/wp-json\/wp\/v2\/media\/9449"}],"wp:attachment":[{"href":"https:\/\/www.enorsai.com\/noticias\/wp-json\/wp\/v2\/media?parent=9450"}],"wp:term":[{"taxonomy":"category","embeddable":true,"href":"https:\/\/www.enorsai.com\/noticias\/wp-json\/wp\/v2\/categories?post=9450"},{"taxonomy":"post_tag","embeddable":true,"href":"https:\/\/www.enorsai.com\/noticias\/wp-json\/wp\/v2\/tags?post=9450"}],"curies":[{"name":"wp","href":"https:\/\/api.w.org\/{rel}","templated":true}]}}