{"id":9447,"date":"2025-10-07T19:44:00","date_gmt":"2025-10-07T22:44:00","guid":{"rendered":"https:\/\/www.enorsai.com\/noticias\/?p=9447"},"modified":"2025-10-07T19:56:51","modified_gmt":"2025-10-07T22:56:51","slug":"estan-fueran-de-control-peligrosa-amenaza-de-bullrich-a-juan-grabois","status":"publish","type":"post","link":"https:\/\/www.enorsai.com\/noticias\/politica\/estan-fueran-de-control-peligrosa-amenaza-de-bullrich-a-juan-grabois\/","title":{"rendered":"Est\u00e1n fueran de control: peligrosa amenaza de Bullrich a Juan Grabois"},"content":{"rendered":"\n<p>En un cruce p\u00fablico que fusiona el uso pol\u00edtico de la seguridad con la bronca de siempre, Patricia Bullrich vuelve a instrumentalizar la fuerza del Estado; la r\u00e9plica de Juan Grabois desmonta el intento de amedrentamiento y lo expone como puro ruido pol\u00edtico.<\/p>\n\n\n\n<p>Tras el anuncio de la ministra de Seguridad sobre custodiar a un acusado en tr\u00e1mite de extradici\u00f3n, el dirigente social respondi\u00f3 con dureza: denunci\u00f3 la persecuci\u00f3n pol\u00edtica, reivindic\u00f3 su trayectoria y dej\u00f3 en claro qui\u00e9n teme a qui\u00e9n en esta disputa de poder.<br><br>Patricia Bullrich volvi\u00f3 a utilizar las redes sociales como escenario para enviar mensajes cargados de amenaza. En X, la ministra de Seguridad escribi\u00f3: \u201cLe voy a poner custodia a Machado. Y vos, que est\u00e1s imputado por haberte robado plata de todos los argentinos, merecer\u00edas custodia para que no te escapes.\u201d<\/p>\n\n\n\n<figure class=\"wp-block-embed is-type-rich is-provider-twitter wp-block-embed-twitter\"><div class=\"wp-block-embed__wrapper\">\n<blockquote class=\"twitter-tweet\" data-width=\"550\" data-dnt=\"true\"><p lang=\"es\" dir=\"ltr\">1. Lo suyo es una amenaza, pero \u00bfsabe qu\u00e9, se\u00f1ora horrible? Nosotros no tenemos miedo y ustedes nos tienen miedo porque no tenemos miedo. Es as\u00ed de f\u00e1cil.<br>2. A mi me custodia Francisco desde el cielo&#8230; Usted no tiene poder sobre mi, no me mueve un pelo ni su SIDE, ni sus matones\u2026 <a href=\"https:\/\/t.co\/bVigCUbevE\">https:\/\/t.co\/bVigCUbevE<\/a><\/p>&mdash; Juan Grabois (@JuanGrabois) <a href=\"https:\/\/twitter.com\/JuanGrabois\/status\/1975668560547479587?ref_src=twsrc%5Etfw\">October 7, 2025<\/a><\/blockquote><script async src=\"https:\/\/platform.twitter.com\/widgets.js\" charset=\"utf-8\"><\/script>\n<\/div><\/figure>\n\n\n\n<p><br>No fue una expresi\u00f3n aislada. Bullrich se vali\u00f3 una vez m\u00e1s del aparato de seguridad como herramienta pol\u00edtica, reforzando la idea de que el poder estatal puede ser utilizado para amedrentar a quienes piensan distinto. Su publicaci\u00f3n, lejos de ser un acto institucional, fue una provocaci\u00f3n directa hacia Juan Grabois, dirigente social y abogado, que inmediatamente le respondi\u00f3 con una serie de mensajes que desmontan el discurso persecutorio.<br><br>La respuesta de Grabois no solo fue contundente: fue una denuncia en s\u00ed misma. El dirigente coloc\u00f3 a Bullrich en el centro de un mecanismo de violencia pol\u00edtica que combina el hostigamiento p\u00fablico con la criminalizaci\u00f3n de los movimientos sociales. En su r\u00e9plica, dej\u00f3 en claro que no se siente intimidado por la ministra ni por su aparato represivo, y devolvi\u00f3 el golpe recordando las causas judiciales que salpican al propio oficialismo.<br><br>El intercambio no se limita a un enfrentamiento personal. Expone una matriz de gobierno que convierte la seguridad en espect\u00e1culo, los ministerios en plataformas de propaganda y las amenazas en declaraciones de gesti\u00f3n. Bullrich, fiel a su estilo, apela a la ret\u00f3rica del orden para encubrir una pr\u00e1ctica de disciplinamiento pol\u00edtico. Cada vez que se\u00f1ala con el dedo a un dirigente social, lo hace no desde la legalidad, sino desde la construcci\u00f3n simb\u00f3lica del enemigo interno.<br><br>Grabois, por su parte, se apropia del terreno discursivo y lo invierte: transforma la acusaci\u00f3n en evidencia del abuso de poder. Su respuesta apela al plano \u00e9tico y espiritual, pero tambi\u00e9n al judicial, recordando que fue sobrese\u00eddo en todas las causas inventadas por el macrismo y que, en cambio, los hermanos Milei est\u00e1n imputados por una estafa millonaria. La referencia a la \u201ccriptoestafa $Libra\u201d no es un detalle menor: apunta directamente al coraz\u00f3n del c\u00edrculo presidencial, dejando al descubierto la hipocres\u00eda de quienes pretenden erigirse en guardianes de la moral p\u00fablica.<br><br>El trasfondo es claro: un gobierno que usa la intimidaci\u00f3n como pol\u00edtica de Estado y una ministra que parece disfrutar del conflicto como m\u00e9todo de comunicaci\u00f3n. La amenaza a Grabois no es un exabrupto, sino la continuidad de una l\u00f3gica que identifica al adversario pol\u00edtico con el delincuente, y a la represi\u00f3n con la autoridad.<br><br>En este contexto, las palabras del dirigente social funcionan como un recordatorio de que el miedo, en la Argentina actual, ya no opera como antes. La respuesta de Grabois es, en ese sentido, una declaraci\u00f3n pol\u00edtica y moral: no hay amenaza capaz de silenciar a quienes enfrentan el poder desde la convicci\u00f3n y la verdad.<\/p>\n","protected":false},"excerpt":{"rendered":"<p>En un cruce p\u00fablico que fusiona el uso pol\u00edtico de la seguridad con la bronca de siempre, Patricia Bullrich vuelve a instrumentalizar la fuerza del Estado; la r\u00e9plica de Juan Grabois desmonta el intento de amedrentamiento y lo expone como puro ruido pol\u00edtico. Tras el anuncio de la ministra de Seguridad sobre custodiar a un&#8230;<\/p>\n","protected":false},"author":11,"featured_media":9446,"comment_status":"open","ping_status":"open","sticky":false,"template":"","format":"standard","meta":{"_monsterinsights_skip_tracking":false,"_monsterinsights_sitenote_active":false,"_monsterinsights_sitenote_note":"","_monsterinsights_sitenote_category":0,"footnotes":"","jetpack_publicize_message":"","jetpack_publicize_feature_enabled":true,"jetpack_social_post_already_shared":true,"jetpack_social_options":{"image_generator_settings":{"template":"highway","default_image_id":0,"font":"","enabled":false},"version":2}},"categories":[2],"tags":[],"class_list":["post-9447","post","type-post","status-publish","format-standard","has-post-thumbnail","hentry","category-politica"],"jetpack_publicize_connections":[],"_links":{"self":[{"href":"https:\/\/www.enorsai.com\/noticias\/wp-json\/wp\/v2\/posts\/9447","targetHints":{"allow":["GET"]}}],"collection":[{"href":"https:\/\/www.enorsai.com\/noticias\/wp-json\/wp\/v2\/posts"}],"about":[{"href":"https:\/\/www.enorsai.com\/noticias\/wp-json\/wp\/v2\/types\/post"}],"author":[{"embeddable":true,"href":"https:\/\/www.enorsai.com\/noticias\/wp-json\/wp\/v2\/users\/11"}],"replies":[{"embeddable":true,"href":"https:\/\/www.enorsai.com\/noticias\/wp-json\/wp\/v2\/comments?post=9447"}],"version-history":[{"count":1,"href":"https:\/\/www.enorsai.com\/noticias\/wp-json\/wp\/v2\/posts\/9447\/revisions"}],"predecessor-version":[{"id":9448,"href":"https:\/\/www.enorsai.com\/noticias\/wp-json\/wp\/v2\/posts\/9447\/revisions\/9448"}],"wp:featuredmedia":[{"embeddable":true,"href":"https:\/\/www.enorsai.com\/noticias\/wp-json\/wp\/v2\/media\/9446"}],"wp:attachment":[{"href":"https:\/\/www.enorsai.com\/noticias\/wp-json\/wp\/v2\/media?parent=9447"}],"wp:term":[{"taxonomy":"category","embeddable":true,"href":"https:\/\/www.enorsai.com\/noticias\/wp-json\/wp\/v2\/categories?post=9447"},{"taxonomy":"post_tag","embeddable":true,"href":"https:\/\/www.enorsai.com\/noticias\/wp-json\/wp\/v2\/tags?post=9447"}],"curies":[{"name":"wp","href":"https:\/\/api.w.org\/{rel}","templated":true}]}}