{"id":9443,"date":"2025-10-07T17:29:29","date_gmt":"2025-10-07T20:29:29","guid":{"rendered":"https:\/\/www.enorsai.com\/noticias\/?p=9443"},"modified":"2025-10-07T17:35:20","modified_gmt":"2025-10-07T20:35:20","slug":"la-fiscalia-electoral-dictamino-que-espert-debe-ser-reemplazado-por-karen-reichardt-y-no-por-santilli","status":"publish","type":"post","link":"https:\/\/www.enorsai.com\/noticias\/politica\/la-fiscalia-electoral-dictamino-que-espert-debe-ser-reemplazado-por-karen-reichardt-y-no-por-santilli\/","title":{"rendered":"La fiscal\u00eda electoral dictamin\u00f3 que Espert debe ser reemplazado por Karen Reichardt y no por Santilli"},"content":{"rendered":"\n<p>El dictamen de la fiscal Laura Roteta sostiene que debe respetarse el orden original de la lista de La Libertad Avanza en la provincia de Buenos Aires y advierte que desplazar a Reichardt violar\u00eda la ley de paridad de g\u00e9nero.<br><br>La fiscal federal con competencia electoral en la provincia de Buenos Aires, Laura Roteta, emiti\u00f3 un dictamen clave en el marco del esc\u00e1ndalo pol\u00edtico desatado tras la renuncia de Jos\u00e9 Luis Espert como candidato de La Libertad Avanza (LLA): la persona que debe reemplazarlo al frente de la lista es Karen Reichardt, y no Diego Santilli, como pretend\u00eda un sector del oficialismo libertario.<br><br>El documento, presentado ante el juzgado electoral de Alejo Ramos Padilla, remarca que el reemplazo debe realizarse respetando el orden de prelaci\u00f3n establecido en la n\u00f3mina original, donde Reichardt ocupaba el segundo lugar. Cualquier alteraci\u00f3n de ese orden \u2014sostiene la fiscal\u2014 implicar\u00eda una violaci\u00f3n al principio de paridad de g\u00e9nero, incorporado a la legislaci\u00f3n electoral argentina para garantizar la representaci\u00f3n equitativa de mujeres y varones en cargos p\u00fablicos.<\/p>\n\n\n\n<figure class=\"wp-block-embed is-type-rich is-provider-twitter wp-block-embed-twitter\"><div class=\"wp-block-embed__wrapper\">\n<blockquote class=\"twitter-tweet\" data-width=\"550\" data-dnt=\"true\"><p lang=\"es\" dir=\"ltr\">La fiscal\u00eda electoral dictamin\u00f3 que Espert tiene que ser reemplazado por Karen Reichardt y NO POR SANTILLI<br>JAAJAJJAJAJAJAJAJJAJ van a tener que Militar a una ex vedette <a href=\"https:\/\/t.co\/Ka1mYQwrb6\">pic.twitter.com\/Ka1mYQwrb6<\/a><\/p>&mdash; TUGO News (@TugoNews) <a href=\"https:\/\/twitter.com\/TugoNews\/status\/1975650160463007913?ref_src=twsrc%5Etfw\">October 7, 2025<\/a><\/blockquote><script async src=\"https:\/\/platform.twitter.com\/widgets.js\" charset=\"utf-8\"><\/script>\n<\/div><\/figure>\n\n\n\n<p><br><br>Roteta advirti\u00f3 adem\u00e1s que aplicar de forma literal el Decreto 171\/2019, que prev\u00e9 que ante una vacancia asuma el candidato del mismo g\u00e9nero, podr\u00eda generar un efecto contrario al que busca la ley: terminar desplazando a una mujer y, con ello, reducir la representaci\u00f3n femenina. Por eso, el dictamen recomienda mantener la sucesi\u00f3n original de la lista, que ubica a Reichardt en el primer lugar.<br><br>La postura de la fiscal\u00eda contradice la estrategia impulsada por sectores libertarios y por el propio gobierno nacional, que buscaban posicionar a Santilli al frente de la boleta, apelando a un tecnicismo normativo que ahora se enfrenta con la interpretaci\u00f3n m\u00e1s amplia de la ley de paridad.<br><br>El caso qued\u00f3 en manos del juez Alejo Ramos Padilla, quien deber\u00e1 resolver si hace lugar al dictamen de la fiscal\u00eda o acepta la impugnaci\u00f3n presentada por los apoderados de LLA. La decisi\u00f3n podr\u00eda escalar a la C\u00e1mara Nacional Electoral, en caso de apelaciones, y sentar un precedente sobre c\u00f3mo deben resolverse las vacancias en listas mixtas bajo el esquema de paridad vigente.<br><br>M\u00e1s all\u00e1 del aspecto jur\u00eddico, la disputa expone las tensiones internas dentro del espacio libertario y las maniobras de control pol\u00edtico en la conformaci\u00f3n de las listas, donde la equidad de g\u00e9nero aparece nuevamente como terreno de disputa entre la legalidad formal y las pr\u00e1cticas partidarias.<\/p>\n","protected":false},"excerpt":{"rendered":"<p>El dictamen de la fiscal Laura Roteta sostiene que debe respetarse el orden original de la lista de La Libertad Avanza en la provincia de Buenos Aires y advierte que desplazar a Reichardt violar\u00eda la ley de paridad de g\u00e9nero. La fiscal federal con competencia electoral en la provincia de Buenos Aires, Laura Roteta, emiti\u00f3&#8230;<\/p>\n","protected":false},"author":9,"featured_media":9442,"comment_status":"open","ping_status":"open","sticky":false,"template":"","format":"standard","meta":{"_monsterinsights_skip_tracking":false,"_monsterinsights_sitenote_active":false,"_monsterinsights_sitenote_note":"","_monsterinsights_sitenote_category":0,"footnotes":"","jetpack_publicize_message":"","jetpack_publicize_feature_enabled":true,"jetpack_social_post_already_shared":true,"jetpack_social_options":{"image_generator_settings":{"template":"highway","default_image_id":0,"font":"","enabled":false},"version":2}},"categories":[2],"tags":[],"class_list":["post-9443","post","type-post","status-publish","format-standard","has-post-thumbnail","hentry","category-politica"],"jetpack_publicize_connections":[],"_links":{"self":[{"href":"https:\/\/www.enorsai.com\/noticias\/wp-json\/wp\/v2\/posts\/9443","targetHints":{"allow":["GET"]}}],"collection":[{"href":"https:\/\/www.enorsai.com\/noticias\/wp-json\/wp\/v2\/posts"}],"about":[{"href":"https:\/\/www.enorsai.com\/noticias\/wp-json\/wp\/v2\/types\/post"}],"author":[{"embeddable":true,"href":"https:\/\/www.enorsai.com\/noticias\/wp-json\/wp\/v2\/users\/9"}],"replies":[{"embeddable":true,"href":"https:\/\/www.enorsai.com\/noticias\/wp-json\/wp\/v2\/comments?post=9443"}],"version-history":[{"count":1,"href":"https:\/\/www.enorsai.com\/noticias\/wp-json\/wp\/v2\/posts\/9443\/revisions"}],"predecessor-version":[{"id":9444,"href":"https:\/\/www.enorsai.com\/noticias\/wp-json\/wp\/v2\/posts\/9443\/revisions\/9444"}],"wp:featuredmedia":[{"embeddable":true,"href":"https:\/\/www.enorsai.com\/noticias\/wp-json\/wp\/v2\/media\/9442"}],"wp:attachment":[{"href":"https:\/\/www.enorsai.com\/noticias\/wp-json\/wp\/v2\/media?parent=9443"}],"wp:term":[{"taxonomy":"category","embeddable":true,"href":"https:\/\/www.enorsai.com\/noticias\/wp-json\/wp\/v2\/categories?post=9443"},{"taxonomy":"post_tag","embeddable":true,"href":"https:\/\/www.enorsai.com\/noticias\/wp-json\/wp\/v2\/tags?post=9443"}],"curies":[{"name":"wp","href":"https:\/\/api.w.org\/{rel}","templated":true}]}}