{"id":9439,"date":"2025-10-07T16:10:31","date_gmt":"2025-10-07T19:10:31","guid":{"rendered":"https:\/\/www.enorsai.com\/noticias\/?p=9439"},"modified":"2025-10-07T16:10:37","modified_gmt":"2025-10-07T19:10:37","slug":"el-gobierno-ejecuta-la-extradicion-de-fred-machado-y-promete-cooperacion-internacional-contra-el-narcotrafico-espert-ira-a-prision","status":"publish","type":"post","link":"https:\/\/www.enorsai.com\/noticias\/politica\/el-gobierno-ejecuta-la-extradicion-de-fred-machado-y-promete-cooperacion-internacional-contra-el-narcotrafico-espert-ira-a-prision\/","title":{"rendered":"El Gobierno ejecuta la extradici\u00f3n de Fred Machado y promete \u201ccooperaci\u00f3n internacional\u201d contra el narcotr\u00e1fico \u00bfEspert ir\u00e1 a prisi\u00f3n?"},"content":{"rendered":"\n<p>La Casa Rosada confirm\u00f3 que obedecer\u00e1 el fallo de la Corte Suprema que habilita la extradici\u00f3n del empresario Federico \u201cFred\u201d Machado a Estados Unidos, acusado por delitos federales vinculados al lavado de dinero y al narcotr\u00e1fico. En medio de crecientes sospechas por los nexos pol\u00edticos del detenido con figuras cercanas a La Libertad Avanza, el Ejecutivo intenta mostrar disciplina institucional y compromiso con la cooperaci\u00f3n internacional.<\/p>\n\n\n\n<p>Tras d\u00edas de silencio y versiones cruzadas, el Gobierno de Javier Milei anunci\u00f3 que cumplir\u00e1 con la decisi\u00f3n judicial que ordena la entrega de Fred Machado a las autoridades estadounidenses. La medida busca cerrar un frente inc\u00f3modo que salpica a dirigentes aliados y deja al descubierto las contradicciones del discurso libertario sobre el combate al narcotr\u00e1fico y la transparencia institucional.<\/p>\n\n\n\n<p>El Gobierno nacional confirm\u00f3 que acatar\u00e1 el fallo de la Corte Suprema que autoriza la extradici\u00f3n del empresario Federico Andr\u00e9s \u201cFred\u201d Machado a los Estados Unidos, donde enfrenta una investigaci\u00f3n por delitos federales relacionados con lavado de activos y narcotr\u00e1fico. La decisi\u00f3n fue comunicada por la Oficina del Presidente mediante un texto cuidadosamente redactado, que intenta proyectar imagen de institucionalidad en medio de un esc\u00e1ndalo que amenaza con salpicar a figuras cercanas al oficialismo.<\/p>\n\n\n\n<p>Seg\u00fan el comunicado, Javier Milei instruy\u00f3 a la Canciller\u00eda, a la Secretar\u00eda Legal y T\u00e9cnica y a la Jefatura de Gabinete a ejecutar \u201cde inmediato\u201d los pasos administrativos y diplom\u00e1ticos necesarios para concretar la medida judicial. Con tono burocr\u00e1tico, el texto oficial subraya que se actuar\u00e1 \u201cconforme a lo previsto por la ley\u201d y que el Gobierno \u201creafirma su compromiso con la cooperaci\u00f3n internacional en la lucha contra el lavado de activos, el narcotr\u00e1fico y el crimen organizado\u201d.<\/p>\n\n\n\n<p>El mensaje intenta ser contundente, pero no disimula el trasfondo pol\u00edtico. El caso de Fred Machado \u2014empresario argentino con conexiones en el negocio aeron\u00e1utico y acusado por Estados Unidos de encabezar una red de lavado vinculada al tr\u00e1fico de coca\u00edna\u2014 se convirti\u00f3 en una piedra en el zapato para el Gobierno. No s\u00f3lo por la gravedad de los cargos, sino porque su nombre aparece ligado a dirigentes y candidatos del espacio libertario que hoy ocupan cargos p\u00fablicos o buscan renovar su protagonismo.<\/p>\n\n\n\n<p>Machado fue detenido en Neuqu\u00e9n en 2021 a pedido de la justicia norteamericana. Desde entonces, su extradici\u00f3n estuvo en disputa judicial. El fallo de la Corte Suprema, que ahora el Ejecutivo se dispone a cumplir, pone fin a una larga batalla legal. Sin embargo, el contexto pol\u00edtico actual vuelve la medida mucho m\u00e1s significativa. En las \u00faltimas semanas, el tema volvi\u00f3 al centro de la escena tras las denuncias que involucran a Lorena Villaverde, excandidata a senadora por La Libertad Avanza en R\u00edo Negro, quien fue detenida por tr\u00e1fico de coca\u00edna y aparece patrimonialmente vinculada con Claudio Ciccarelli, se\u00f1alado como testaferro del propio Machado.<\/p>\n\n\n\n<p>El Gobierno intenta desactivar la bomba con un discurso institucional. Habla de \u201creforzar la cooperaci\u00f3n internacional\u201d y de \u201cdesbaratar las mafias\u201d. Pero el tono as\u00e9ptico de la comunicaci\u00f3n oficial contrasta con la falta de respuestas sobre los v\u00ednculos pol\u00edticos del detenido y la opacidad de algunos sectores del oficialismo que lo rodeaban. En lugar de marcar distancia real con los implicados, el Ejecutivo parece m\u00e1s preocupado por controlar el da\u00f1o medi\u00e1tico que por aclarar los hechos.<\/p>\n\n\n\n<p>La insistencia en el concepto de \u201ccooperaci\u00f3n internacional\u201d tiene, adem\u00e1s, un evidente trasfondo geopol\u00edtico. Milei busca consolidar su alineamiento con Washington en todos los frentes: desde la pol\u00edtica exterior hasta la econom\u00eda, pasando por la seguridad. Cumplir sin titubeos un fallo de la Corte que beneficia los intereses judiciales de Estados Unidos se inscribe en esa l\u00f3gica. La Casa Rosada no s\u00f3lo acata, sino que exhibe obediencia.<\/p>\n\n\n\n<p>Resulta llamativo que un gobierno que suele despreciar los organismos internacionales y cuestionar la soberan\u00eda de la Justicia cuando se trata de sus propios intereses, ahora se presente como modelo de legalismo y cooperaci\u00f3n global. El doble est\u00e1ndar es evidente. Cuando se trata de perseguir a los pobres o reprimir la protesta social, la consigna es \u201cno hay plata\u201d y \u201ccada uno se salva solo\u201d. Pero frente a un pedido de extradici\u00f3n que compromete a un empresario con v\u00ednculos inc\u00f3modos, el aparato estatal se pone en marcha con eficiencia quir\u00fargica.<\/p>\n\n\n\n<p>El comunicado oficial, carente de toda autocr\u00edtica, intenta mostrar fortaleza donde hay debilidad. Habla de \u201cfortalecer la seguridad nacional y transnacional\u201d, como si el cumplimiento de un fallo judicial pudiera borrar de un plumazo la connivencia pol\u00edtica que rodea a buena parte de los protagonistas del caso. Nadie ignora que Fred Machado no era un desconocido en los c\u00edrculos de poder. Su nombre circulaba en \u00e1mbitos empresariales y pol\u00edticos, protegido por una red de contactos que excede las fronteras del pa\u00eds.<\/p>\n\n\n\n<p>En ese contexto, la actitud del Gobierno parece m\u00e1s una maniobra de contenci\u00f3n que una demostraci\u00f3n de principios. La extradici\u00f3n no es s\u00f3lo un acto judicial: es tambi\u00e9n un intento desesperado por cerrar un cap\u00edtulo que expone las grietas internas del oficialismo. Las declaraciones altisonantes sobre la \u201clucha contra las mafias\u201d suenan vac\u00edas cuando el propio espacio pol\u00edtico ha tolerado o incluso promovido la cercan\u00eda con personajes de dudosa procedencia.<\/p>\n\n\n\n<p>La narrativa libertaria, basada en la supuesta pureza moral de su l\u00edder y la demonizaci\u00f3n del resto de la clase pol\u00edtica, se resquebraja cada vez que un caso como este sale a la luz. La idea de que el Estado debe retirarse para que \u201clos privados se autorregulen\u201d se vuelve grotesca cuando esos privados terminan envueltos en redes de lavado y narcotr\u00e1fico. Y, como en este caso, cuando quienes deber\u00edan marcar distancia optan por mirar hacia otro lado hasta que la Justicia impone un desenlace ineludible.<\/p>\n\n\n\n<p>La decisi\u00f3n de Milei de cumplir con la Corte podr\u00eda presentarse como un gesto de respeto institucional. Pero a la luz de los hechos, parece m\u00e1s un intento de salvar la propia imagen y de sostener una relaci\u00f3n funcional con Estados Unidos. En un momento en que su gesti\u00f3n atraviesa un fuerte desgaste por las consecuencias del ajuste y la ca\u00edda del poder adquisitivo, cualquier signo de descontrol pol\u00edtico podr\u00eda acelerar el deterioro de su autoridad.<\/p>\n\n\n\n<p>Por eso, el caso Machado trasciende lo judicial. Es un espejo que devuelve una imagen inc\u00f3moda del poder: la de un gobierno que predica la libertad de mercado pero que convive con los negocios turbios que el mercado genera cuando no hay control. Y que s\u00f3lo act\u00faa cuando el esc\u00e1ndalo amenaza con devorarlo.<\/p>\n\n\n\n<p>El silencio previo del Ejecutivo, antes de emitir el comunicado, no fue casual. Durante d\u00edas, los voceros oficiales evitaron pronunciarse, mientras se multiplicaban las versiones sobre presiones diplom\u00e1ticas y discusiones internas. Finalmente, cuando el costo pol\u00edtico de callar se volvi\u00f3 m\u00e1s alto que el de hablar, lleg\u00f3 la decisi\u00f3n de \u201cacatar\u201d la orden judicial. Pero lo que el comunicado llama \u201ccumplimiento de la ley\u201d no es m\u00e1s que la consecuencia inevitable de un proceso que el Gobierno no pudo \u2014o no quiso\u2014 frenar.<\/p>\n\n\n\n<p>El desenlace es, entonces, una mezcla de c\u00e1lculo pol\u00edtico y supervivencia. El Gobierno busca cerrar el cap\u00edtulo, pero la historia reci\u00e9n empieza. La extradici\u00f3n de Fred Machado no borrar\u00e1 las conexiones, los negocios ni las complicidades que lo rodearon. Tampoco resolver\u00e1 la contradicci\u00f3n de un poder que habla de libertad pero se hunde en su propio barro.<\/p>\n\n\n\n<p>Y aunque el discurso oficial insista en los eufemismos de la \u201ccooperaci\u00f3n internacional\u201d, la verdadera pregunta sigue flotando: \u00bfpor qu\u00e9 se actu\u00f3 reci\u00e9n cuando ya no hab\u00eda otra salida?<\/p>\n\n\n\n<p><\/p>\n","protected":false},"excerpt":{"rendered":"<p>La Casa Rosada confirm\u00f3 que obedecer\u00e1 el fallo de la Corte Suprema que habilita la extradici\u00f3n del empresario Federico \u201cFred\u201d Machado a Estados Unidos, acusado por delitos federales vinculados al lavado de dinero y al narcotr\u00e1fico. En medio de crecientes sospechas por los nexos pol\u00edticos del detenido con figuras cercanas a La Libertad Avanza, el&#8230;<\/p>\n","protected":false},"author":11,"featured_media":9440,"comment_status":"open","ping_status":"open","sticky":false,"template":"","format":"standard","meta":{"_monsterinsights_skip_tracking":false,"_monsterinsights_sitenote_active":false,"_monsterinsights_sitenote_note":"","_monsterinsights_sitenote_category":0,"footnotes":"","jetpack_publicize_message":"","jetpack_publicize_feature_enabled":true,"jetpack_social_post_already_shared":true,"jetpack_social_options":{"image_generator_settings":{"template":"highway","default_image_id":0,"font":"","enabled":false},"version":2}},"categories":[2],"tags":[3514,75,745,3887,471,3569,3568,127,45,303],"class_list":["post-9439","post","type-post","status-publish","format-standard","has-post-thumbnail","hentry","category-politica","tag-cancilleria","tag-corrupcion","tag-corte-suprema","tag-crimen-organizado","tag-estadosunidos","tag-extradicion","tag-fred-machado","tag-lavado","tag-milei","tag-narcotrafico"],"jetpack_publicize_connections":[],"_links":{"self":[{"href":"https:\/\/www.enorsai.com\/noticias\/wp-json\/wp\/v2\/posts\/9439","targetHints":{"allow":["GET"]}}],"collection":[{"href":"https:\/\/www.enorsai.com\/noticias\/wp-json\/wp\/v2\/posts"}],"about":[{"href":"https:\/\/www.enorsai.com\/noticias\/wp-json\/wp\/v2\/types\/post"}],"author":[{"embeddable":true,"href":"https:\/\/www.enorsai.com\/noticias\/wp-json\/wp\/v2\/users\/11"}],"replies":[{"embeddable":true,"href":"https:\/\/www.enorsai.com\/noticias\/wp-json\/wp\/v2\/comments?post=9439"}],"version-history":[{"count":1,"href":"https:\/\/www.enorsai.com\/noticias\/wp-json\/wp\/v2\/posts\/9439\/revisions"}],"predecessor-version":[{"id":9441,"href":"https:\/\/www.enorsai.com\/noticias\/wp-json\/wp\/v2\/posts\/9439\/revisions\/9441"}],"wp:featuredmedia":[{"embeddable":true,"href":"https:\/\/www.enorsai.com\/noticias\/wp-json\/wp\/v2\/media\/9440"}],"wp:attachment":[{"href":"https:\/\/www.enorsai.com\/noticias\/wp-json\/wp\/v2\/media?parent=9439"}],"wp:term":[{"taxonomy":"category","embeddable":true,"href":"https:\/\/www.enorsai.com\/noticias\/wp-json\/wp\/v2\/categories?post=9439"},{"taxonomy":"post_tag","embeddable":true,"href":"https:\/\/www.enorsai.com\/noticias\/wp-json\/wp\/v2\/tags?post=9439"}],"curies":[{"name":"wp","href":"https:\/\/api.w.org\/{rel}","templated":true}]}}