{"id":9434,"date":"2025-10-07T14:17:14","date_gmt":"2025-10-07T17:17:14","guid":{"rendered":"https:\/\/www.enorsai.com\/noticias\/?p=9434"},"modified":"2025-10-07T15:31:20","modified_gmt":"2025-10-07T18:31:20","slug":"grabois-que-la-ministra-bullrich-ponga-inmediatamente-seguridad-a-fred-machado-no-vaya-a-ser-que-le-pase-algo-antes-de-que-lo-extraditen","status":"publish","type":"post","link":"https:\/\/www.enorsai.com\/noticias\/politica\/grabois-que-la-ministra-bullrich-ponga-inmediatamente-seguridad-a-fred-machado-no-vaya-a-ser-que-le-pase-algo-antes-de-que-lo-extraditen\/","title":{"rendered":"Grabois: \u00abQue la ministra Bullrich ponga inmediatamente seguridad a Fred Machado no vaya a ser que le pase algo antes de que lo extraditen\u00bb"},"content":{"rendered":"\n<p>El dirigente social apunt\u00f3 contra el c\u00edrculo pol\u00edtico de Javier Milei y vincul\u00f3 a una candidata de La Libertad Avanza con el empresario narco detenido, se\u00f1alando conexiones patrimoniales y v\u00ednculos cruzados que salpican a Jos\u00e9 Luis Espert.<br><br>Juan Grabois exigi\u00f3 a la ministra Patricia Bullrich que garantice la seguridad del empresario Fred Machado, detenido por narcotr\u00e1fico y con pedido de extradici\u00f3n a Estados Unidos. En un mensaje en la red social X, el referente del Frente Patria Grande advirti\u00f3 sobre una compleja red de v\u00ednculos entre el narco, la pol\u00edtica y el poder econ\u00f3mico que compromete directamente a figuras cercanas al oficialismo liberal.<br><br>El dirigente social y abogado Juan Grabois volvi\u00f3 a encender las alarmas sobre la penetraci\u00f3n del narcotr\u00e1fico en los espacios de poder vinculados a Javier Milei. En un contundente mensaje publicado en la red social X, Grabois reclam\u00f3:<br><br>> \u201cQue la ministra Bullrich ponga inmediatamente seguridad a Fred Machado no vaya a ser que le pase algo antes de que lo extraditen\u201d.<br><br>La advertencia del referente social no es casual. Machado, empresario argentino detenido por narcotr\u00e1fico y acusado de lavado de dinero internacional, es una figura clave en una trama que involucra a pol\u00edticos y empresarios cercanos a La Libertad Avanza.<\/p>\n\n\n\n<figure class=\"wp-block-embed is-type-rich is-provider-twitter wp-block-embed-twitter\"><div class=\"wp-block-embed__wrapper\">\n<blockquote class=\"twitter-tweet\" data-width=\"550\" data-dnt=\"true\"><p lang=\"es\" dir=\"ltr\">Que la ministra Bullrich ponga inmediatamente seguridad a Fred Machado no vaya a ser que le pase algo antes de que lo extraditen. Les recuerdo que la candidata a senadora de La Libertad Avanza en Rio Negro es Lorena Villaverde, detenida por llevar medio kilo de coca\u00edna, vinculada\u2026<\/p>&mdash; Juan Grabois (@JuanGrabois) <a href=\"https:\/\/twitter.com\/JuanGrabois\/status\/1975574497630581130?ref_src=twsrc%5Etfw\">October 7, 2025<\/a><\/blockquote><script async src=\"https:\/\/platform.twitter.com\/widgets.js\" charset=\"utf-8\"><\/script>\n<\/div><\/figure>\n\n\n\n<p><br><br>Grabois record\u00f3 que Lorena Villaverde, candidata a senadora de Javier Milei en R\u00edo Negro, fue detenida por transportar medio kilo de coca\u00edna. Pero lo m\u00e1s grave, seg\u00fan el mensaje del dirigente, es que Villaverde mantiene v\u00ednculos patrimoniales con Claudio Ciccarelli, se\u00f1alado como testaferro del propio Fred Machado, quien vive en una mansi\u00f3n perteneciente a Ciccarelli.<br><br>\u201cLa trama narco no termina en Espert\u201d, cerr\u00f3 Grabois, en una clara referencia a las recientes denuncias que involucran al diputado liberal Jos\u00e9 Luis Espert, acusado de mantener v\u00ednculos pol\u00edticos con el mismo empresario detenido.<br><br>El caso de Machado ha cobrado relevancia nacional tras su captura, en medio de denuncias por una red de lavado y contrabando de drogas hacia Estados Unidos. La menci\u00f3n de Grabois apunta directamente a la responsabilidad pol\u00edtica del gobierno en garantizar la vida del detenido, ante el riesgo de que su testimonio revele conexiones comprometedoras entre el narcotr\u00e1fico y sectores del oficialismo libertario.<br><br>El mensaje del referente social se inscribe en una serie de declaraciones que ponen en evidencia el doble discurso del gobierno de Javier Milei y Patricia Bullrich, quienes se presentan como adalides de la lucha contra el narcotr\u00e1fico, pero tienen entre sus filas a dirigentes con v\u00ednculos judiciales y econ\u00f3micos con figuras del crimen organizado.<br><br>Grabois, conocido por su frontalidad y sus denuncias contra la connivencia entre pol\u00edtica y narco, cerr\u00f3 su publicaci\u00f3n con una advertencia que reson\u00f3 fuerte en redes sociales y en el arco pol\u00edtico opositor: la historia de Fred Machado y su red de testaferros a\u00fan no termin\u00f3, y sus derivaciones pueden sacudir los cimientos del oficialismo libertario.<br><br><\/p>\n","protected":false},"excerpt":{"rendered":"<p>El dirigente social apunt\u00f3 contra el c\u00edrculo pol\u00edtico de Javier Milei y vincul\u00f3 a una candidata de La Libertad Avanza con el empresario narco detenido, se\u00f1alando conexiones patrimoniales y v\u00ednculos cruzados que salpican a Jos\u00e9 Luis Espert. Juan Grabois exigi\u00f3 a la ministra Patricia Bullrich que garantice la seguridad del empresario Fred Machado, detenido por&#8230;<\/p>\n","protected":false},"author":13,"featured_media":9435,"comment_status":"open","ping_status":"open","sticky":false,"template":"","format":"standard","meta":{"_monsterinsights_skip_tracking":false,"_monsterinsights_sitenote_active":false,"_monsterinsights_sitenote_note":"","_monsterinsights_sitenote_category":0,"footnotes":"","jetpack_publicize_message":"","jetpack_publicize_feature_enabled":true,"jetpack_social_post_already_shared":true,"jetpack_social_options":{"image_generator_settings":{"template":"highway","default_image_id":0,"font":"","enabled":false},"version":2}},"categories":[2],"tags":[],"class_list":["post-9434","post","type-post","status-publish","format-standard","has-post-thumbnail","hentry","category-politica"],"jetpack_publicize_connections":[],"_links":{"self":[{"href":"https:\/\/www.enorsai.com\/noticias\/wp-json\/wp\/v2\/posts\/9434","targetHints":{"allow":["GET"]}}],"collection":[{"href":"https:\/\/www.enorsai.com\/noticias\/wp-json\/wp\/v2\/posts"}],"about":[{"href":"https:\/\/www.enorsai.com\/noticias\/wp-json\/wp\/v2\/types\/post"}],"author":[{"embeddable":true,"href":"https:\/\/www.enorsai.com\/noticias\/wp-json\/wp\/v2\/users\/13"}],"replies":[{"embeddable":true,"href":"https:\/\/www.enorsai.com\/noticias\/wp-json\/wp\/v2\/comments?post=9434"}],"version-history":[{"count":1,"href":"https:\/\/www.enorsai.com\/noticias\/wp-json\/wp\/v2\/posts\/9434\/revisions"}],"predecessor-version":[{"id":9436,"href":"https:\/\/www.enorsai.com\/noticias\/wp-json\/wp\/v2\/posts\/9434\/revisions\/9436"}],"wp:featuredmedia":[{"embeddable":true,"href":"https:\/\/www.enorsai.com\/noticias\/wp-json\/wp\/v2\/media\/9435"}],"wp:attachment":[{"href":"https:\/\/www.enorsai.com\/noticias\/wp-json\/wp\/v2\/media?parent=9434"}],"wp:term":[{"taxonomy":"category","embeddable":true,"href":"https:\/\/www.enorsai.com\/noticias\/wp-json\/wp\/v2\/categories?post=9434"},{"taxonomy":"post_tag","embeddable":true,"href":"https:\/\/www.enorsai.com\/noticias\/wp-json\/wp\/v2\/tags?post=9434"}],"curies":[{"name":"wp","href":"https:\/\/api.w.org\/{rel}","templated":true}]}}