{"id":9418,"date":"2025-10-07T07:38:33","date_gmt":"2025-10-07T10:38:33","guid":{"rendered":"https:\/\/www.enorsai.com\/noticias\/?p=9418"},"modified":"2025-10-07T07:38:38","modified_gmt":"2025-10-07T10:38:38","slug":"informe-de-consultora-expone-las-fragilidades-del-espacio-libertario-tras-la-renuncia-de-espert-por-vinculos-con-el-narcotrafico","status":"publish","type":"post","link":"https:\/\/www.enorsai.com\/noticias\/politica\/informe-de-consultora-expone-las-fragilidades-del-espacio-libertario-tras-la-renuncia-de-espert-por-vinculos-con-el-narcotrafico\/","title":{"rendered":"Informe de consultora expone las fragilidades del espacio libertario tras la renuncia de Espert por v\u00ednculos con el narcotr\u00e1fico"},"content":{"rendered":"\n<p>La renuncia de Jos\u00e9 Luis Espert tras vincularse con el empresario acusado de narcotr\u00e1fico Fred Machado desat\u00f3 un terremoto digital que expone fragilidades del espacio libertario y abre paso a Diego Santilli como nuevo referente en la provincia de Buenos Aires.<\/p>\n\n\n\n<p>Entre menciones, b\u00fasquedas y comentarios, la conversaci\u00f3n digital refleja un rechazo masivo a Espert y deja a Javier Milei y su espacio pol\u00edtico en medio de la pol\u00e9mica, mientras intentos de desviar la atenci\u00f3n hacia el kirchnerismo fracasan.<\/p>\n\n\n\n<p>La historia pol\u00edtica del libertarismo argentino vivi\u00f3 su momento de mayor exposici\u00f3n digital en los \u00faltimos d\u00edas con el esc\u00e1ndalo que involucra a Jos\u00e9 Luis Espert y el empresario Fred Machado, imputado por narcotr\u00e1fico y lavado de dinero. Desde que se hicieron p\u00fablicos los v\u00ednculos, la conversaci\u00f3n en redes sociales y medios digitales alcanz\u00f3 cifras sin precedentes: <strong>seg\u00fan un an\u00e1lisis de la consultora Enter<\/strong>, entre el 27 de septiembre y el 5 de octubre se generaron 1.289.258 menciones por m\u00e1s de 761.000 usuarios \u00fanicos.<\/p>\n\n\n\n<figure class=\"wp-block-image size-full\"><img loading=\"lazy\" decoding=\"async\" width=\"1025\" height=\"578\" src=\"https:\/\/www.enorsai.com\/noticias\/wp-content\/uploads\/2025\/10\/EnOrsai-71.png\" alt=\"\" class=\"wp-image-9419\" srcset=\"https:\/\/www.enorsai.com\/noticias\/wp-content\/uploads\/2025\/10\/EnOrsai-71.png 1025w, https:\/\/www.enorsai.com\/noticias\/wp-content\/uploads\/2025\/10\/EnOrsai-71-300x169.png 300w, https:\/\/www.enorsai.com\/noticias\/wp-content\/uploads\/2025\/10\/EnOrsai-71-768x433.png 768w\" sizes=\"auto, (max-width: 1025px) 100vw, 1025px\" \/><\/figure>\n\n\n\n<p>El punto de inflexi\u00f3n se dio el 3 de octubre, cuando Espert public\u00f3 un video de seis minutos admitiendo haber recibido 200.000 d\u00f3lares de Machado. Lejos de calmar la pol\u00e9mica, el gesto reactiv\u00f3 la viralizaci\u00f3n del caso y potenci\u00f3 un debate que ya no pod\u00eda limitarse al \u00e1mbito judicial. La atenci\u00f3n p\u00fablica se volc\u00f3 a la dimensi\u00f3n pol\u00edtica y emocional del episodio, con b\u00fasquedas en Google que alcanzaron un m\u00e1ximo hist\u00f3rico el 5 de octubre, centradas en expresiones como \u201cEspert llorando\u201d o \u201cse baj\u00f3 Espert\u201d.<\/p>\n\n\n\n<p>El an\u00e1lisis del sentimiento digital <strong>realizado por Enter<\/strong> revela la magnitud del impacto: un 41% de los mensajes fueron negativos, cuestionando su legitimidad como dirigente y vincul\u00e1ndolo directamente con el narcotr\u00e1fico. Apenas un 0,8% reflej\u00f3 opiniones positivas, destacando la renuncia como un acto de responsabilidad. La mayor\u00eda de las menciones restantes (58,2%) fueron neutrales, correspondientes a coberturas informativas de medios como TN, Clar\u00edn y La Naci\u00f3n.<\/p>\n\n\n\n<figure class=\"wp-block-image size-full\"><img loading=\"lazy\" decoding=\"async\" width=\"1025\" height=\"578\" src=\"https:\/\/www.enorsai.com\/noticias\/wp-content\/uploads\/2025\/10\/EnOrsai-72.png\" alt=\"\" class=\"wp-image-9420\" srcset=\"https:\/\/www.enorsai.com\/noticias\/wp-content\/uploads\/2025\/10\/EnOrsai-72.png 1025w, https:\/\/www.enorsai.com\/noticias\/wp-content\/uploads\/2025\/10\/EnOrsai-72-300x169.png 300w, https:\/\/www.enorsai.com\/noticias\/wp-content\/uploads\/2025\/10\/EnOrsai-72-768x433.png 768w\" sizes=\"auto, (max-width: 1025px) 100vw, 1025px\" \/><\/figure>\n\n\n\n<p>La renuncia de Espert, lejos de limpiar su imagen, reforz\u00f3 la percepci\u00f3n de debilidad tanto del dirigente como del espacio de Milei. La narrativa libertaria intent\u00f3 trasladar el foco hacia la supuesta hipocres\u00eda del kirchnerismo, pero estas acciones apenas tuvieron tracci\u00f3n en la audiencia digital, dejando al oficialismo en una posici\u00f3n reactiva y sin capacidad de contrarrestar el da\u00f1o reputacional.<\/p>\n\n\n\n<p>En paralelo, la conversaci\u00f3n sobre Diego Santilli creci\u00f3 abruptamente desde el mismo 5 de octubre, con 37.000 menciones generadas por m\u00e1s de 25.000 usuarios. La confirmaci\u00f3n de que reemplazar\u00e1 a Espert como cabeza de lista en la provincia de Buenos Aires dispar\u00f3 b\u00fasquedas en Google y reforz\u00f3 su visibilidad pol\u00edtica. El tono de los mensajes sobre Santilli fue mayormente neutral (64,9%), con un 23,3% de comentarios negativos que recordaban su pasado pol\u00edtico vinculado al PRO y un 11,8% de opiniones positivas que valoraban su experiencia y capacidad para reconfigurar la estrategia electoral bonaerense, seg\u00fan el <strong>informe de la consultora Enter<\/strong>.<\/p>\n\n\n\n<p>La nube de palabras asociada a Santilli revela la fuerte conexi\u00f3n con Espert, Milei y figuras del oficialismo, pero tambi\u00e9n t\u00e9rminos como \u201cjusticia electoral\u201d, \u201ccasta\u201d y \u201cperonista\u201d, mostrando que la conversaci\u00f3n sobre su incorporaci\u00f3n se dio dentro de un marco de debate m\u00e1s amplio sobre legalidad y coherencia ideol\u00f3gica.<\/p>\n\n\n\n<figure class=\"wp-block-image size-full\"><img loading=\"lazy\" decoding=\"async\" width=\"1025\" height=\"578\" src=\"https:\/\/www.enorsai.com\/noticias\/wp-content\/uploads\/2025\/10\/EnOrsai-73.png\" alt=\"\" class=\"wp-image-9421\" srcset=\"https:\/\/www.enorsai.com\/noticias\/wp-content\/uploads\/2025\/10\/EnOrsai-73.png 1025w, https:\/\/www.enorsai.com\/noticias\/wp-content\/uploads\/2025\/10\/EnOrsai-73-300x169.png 300w, https:\/\/www.enorsai.com\/noticias\/wp-content\/uploads\/2025\/10\/EnOrsai-73-768x433.png 768w\" sizes=\"auto, (max-width: 1025px) 100vw, 1025px\" \/><\/figure>\n\n\n\n<p>El esc\u00e1ndalo y la salida de Espert no se limitaron a redes sociales. La entrevista de Javier Milei con Luis Majul en La Naci\u00f3n+ registr\u00f3 un fuerte impacto digital, con m\u00e1s de 556.000 visualizaciones entre el canal oficial y retransmisiones en perfiles afines. Aun as\u00ed, el sentiment reflej\u00f3 rechazo mayoritario: un 52,4% de las publicaciones fue negativo, destacando cr\u00edticas sobre la supuesta intervenci\u00f3n del presidente en decisiones judiciales y la narrativa que responsabiliza al kirchnerismo de la crisis sin evidencia que exculpe a Espert.<\/p>\n\n\n\n<p>En conclusi\u00f3n, la controversia generada por Jos\u00e9 Luis Espert expuso las fragilidades de La Libertad Avanza en plena recta final electoral. La renuncia del dirigente no logr\u00f3 mitigar el da\u00f1o a su reputaci\u00f3n ni al espacio de Milei, mientras la incorporaci\u00f3n de Diego Santilli inicia un proceso de reordenamiento que, aunque brinda visibilidad, todav\u00eda arrastra la sombra del esc\u00e1ndalo. La conversaci\u00f3n digital deja en claro que el oficialismo libertario enfrenta un escenario de alto desgaste y que la capacidad de controlar la narrativa en redes se ve limitada frente a hechos que combinan corrupci\u00f3n, esc\u00e1ndalo y pol\u00edtica de alto voltaje, seg\u00fan los datos recogidos por la consultora Enter.<\/p>\n\n\n\n<p><\/p>\n","protected":false},"excerpt":{"rendered":"<p>La renuncia de Jos\u00e9 Luis Espert tras vincularse con el empresario acusado de narcotr\u00e1fico Fred Machado desat\u00f3 un terremoto digital que expone fragilidades del espacio libertario y abre paso a Diego Santilli como nuevo referente en la provincia de Buenos Aires. Entre menciones, b\u00fasquedas y comentarios, la conversaci\u00f3n digital refleja un rechazo masivo a Espert&#8230;<\/p>\n","protected":false},"author":1,"featured_media":9422,"comment_status":"open","ping_status":"open","sticky":false,"template":"","format":"standard","meta":{"_monsterinsights_skip_tracking":false,"_monsterinsights_sitenote_active":false,"_monsterinsights_sitenote_note":"","_monsterinsights_sitenote_category":0,"footnotes":"","jetpack_publicize_message":"","jetpack_publicize_feature_enabled":true,"jetpack_social_post_already_shared":true,"jetpack_social_options":{"image_generator_settings":{"template":"highway","default_image_id":0,"font":"","enabled":false},"version":2}},"categories":[2],"tags":[],"class_list":["post-9418","post","type-post","status-publish","format-standard","has-post-thumbnail","hentry","category-politica"],"jetpack_publicize_connections":[],"_links":{"self":[{"href":"https:\/\/www.enorsai.com\/noticias\/wp-json\/wp\/v2\/posts\/9418","targetHints":{"allow":["GET"]}}],"collection":[{"href":"https:\/\/www.enorsai.com\/noticias\/wp-json\/wp\/v2\/posts"}],"about":[{"href":"https:\/\/www.enorsai.com\/noticias\/wp-json\/wp\/v2\/types\/post"}],"author":[{"embeddable":true,"href":"https:\/\/www.enorsai.com\/noticias\/wp-json\/wp\/v2\/users\/1"}],"replies":[{"embeddable":true,"href":"https:\/\/www.enorsai.com\/noticias\/wp-json\/wp\/v2\/comments?post=9418"}],"version-history":[{"count":1,"href":"https:\/\/www.enorsai.com\/noticias\/wp-json\/wp\/v2\/posts\/9418\/revisions"}],"predecessor-version":[{"id":9423,"href":"https:\/\/www.enorsai.com\/noticias\/wp-json\/wp\/v2\/posts\/9418\/revisions\/9423"}],"wp:featuredmedia":[{"embeddable":true,"href":"https:\/\/www.enorsai.com\/noticias\/wp-json\/wp\/v2\/media\/9422"}],"wp:attachment":[{"href":"https:\/\/www.enorsai.com\/noticias\/wp-json\/wp\/v2\/media?parent=9418"}],"wp:term":[{"taxonomy":"category","embeddable":true,"href":"https:\/\/www.enorsai.com\/noticias\/wp-json\/wp\/v2\/categories?post=9418"},{"taxonomy":"post_tag","embeddable":true,"href":"https:\/\/www.enorsai.com\/noticias\/wp-json\/wp\/v2\/tags?post=9418"}],"curies":[{"name":"wp","href":"https:\/\/api.w.org\/{rel}","templated":true}]}}