{"id":9401,"date":"2025-10-06T19:50:44","date_gmt":"2025-10-06T22:50:44","guid":{"rendered":"https:\/\/www.enorsai.com\/noticias\/?p=9401"},"modified":"2025-10-06T19:51:43","modified_gmt":"2025-10-06T22:51:43","slug":"el-escandalo-narco-continua-milei-suspende-su-gira-por-neuquen-y-rio-negro-ante-las-denuncias-contra-sus-candidatas","status":"publish","type":"post","link":"https:\/\/www.enorsai.com\/noticias\/politica\/el-escandalo-narco-continua-milei-suspende-su-gira-por-neuquen-y-rio-negro-ante-las-denuncias-contra-sus-candidatas\/","title":{"rendered":"El esc\u00e1ndalo narco contin\u00faa: Milei suspende su gira por Neuqu\u00e9n y R\u00edo Negro ante las denuncias contra sus candidatas"},"content":{"rendered":"\n<p>El gobierno nacional enfrenta una nueva tormenta pol\u00edtica. Seg\u00fan revel\u00f3 el periodista <strong>Paulino Rodr\u00edguez (@paulinor76)<\/strong>, el presidente <strong>Javier Milei<\/strong> decidi\u00f3 suspender sus viajes a las provincias de <strong>Neuqu\u00e9n<\/strong> y <strong>R\u00edo Negro<\/strong> luego de que dos de sus candidatas, <strong>Nadia M\u00e1rquez<\/strong> y <strong>Lorena Villaverde<\/strong>, fueran se\u00f1aladas por presuntos antecedentes vinculados al narcotr\u00e1fico. El dato difundido r\u00e1pidamente se convirti\u00f3 en tema de discusi\u00f3n en redes y medios nacionales.<\/p>\n\n\n\n<p>Aunque desde la Casa Rosada todav\u00eda no hubo una comunicaci\u00f3n oficial, la versi\u00f3n period\u00edstica sostiene que ambas dirigentes <strong>ser\u00edan dadas de baja de las listas libertarias<\/strong> ante la creciente presi\u00f3n interna y el impacto negativo que generan sus nombres en la opini\u00f3n p\u00fablica. La decisi\u00f3n, de confirmarse, implicar\u00eda un intento de \u201ccontrol de da\u00f1os\u201d dentro de <strong>La Libertad Avanza<\/strong>, que viene arrastrando una serie de esc\u00e1ndalos por v\u00ednculos con el empresario detenido <strong>Federico \u201cFred\u201d Machado<\/strong>, acusado de narcotr\u00e1fico y lavado de dinero.<\/p>\n\n\n\n<p><strong>Nadia M\u00e1rquez<\/strong>, abogada y pastora evang\u00e9lica, se hizo conocida por su militancia \u201cprovida\u201d y por ocupar una banca en el Congreso representando a Neuqu\u00e9n. Aunque no existen causas judiciales firmes que la vinculen con delitos de narcotr\u00e1fico, distintos medios locales la mencionan dentro del entramado pol\u00edtico que acompa\u00f1\u00f3 a dirigentes libertarios cuestionados. Su figura genera rechazo en sectores progresistas por sus posiciones ultraconservadoras y su participaci\u00f3n en espacios religiosos que recibieron fondos p\u00fablicos.<\/p>\n\n\n\n<p>M\u00e1s grave es la situaci\u00f3n de <strong>Lorena Villaverde<\/strong>, dirigente rionegrina tambi\u00e9n integrante de La Libertad Avanza, quien aparece mencionada en distintas investigaciones period\u00edsticas por sus <strong>v\u00ednculos con Fred Machado<\/strong>, empresario detenido por narcotr\u00e1fico y evasi\u00f3n, y con <strong>Claudio Ciccarelli<\/strong>, presunto testaferro del mismo grupo. A esto se suman <strong>embargos judiciales en San Antonio Oeste<\/strong> por una causa de venta irregular de terrenos en Las Grutas y versiones que la conectan con causas por lavado de activos. Si bien no hay sentencia firme, el c\u00famulo de denuncias, investigaciones y rumores ya constituye un problema pol\u00edtico para un gobierno que lleg\u00f3 al poder prometiendo \u201cterminar con la casta y la corrupci\u00f3n\u201d.<\/p>\n\n\n\n<p>La decisi\u00f3n de Milei de <strong>bajar la gira patag\u00f3nica<\/strong> se interpreta como un intento de desactivar una crisis mayor. En plena campa\u00f1a, el presidente busca sostener la narrativa de \u201causteridad moral\u201d que lo llev\u00f3 al poder, pero los esc\u00e1ndalos en su propio espacio minan su discurso. La renuncia reciente de <strong>Jos\u00e9 Luis Espert<\/strong> a su candidatura en Buenos Aires, tras quedar involucrado en la trama del \u201ccaso Machado\u201d, ya hab\u00eda generado un terremoto pol\u00edtico dentro del oficialismo.<\/p>\n\n\n\n<figure class=\"wp-block-embed is-type-rich is-provider-twitter wp-block-embed-twitter\"><div class=\"wp-block-embed__wrapper\">\n<blockquote class=\"twitter-tweet\" data-width=\"550\" data-dnt=\"true\"><p lang=\"es\" dir=\"ltr\">El esc\u00e1ndalo narco no termin\u00f3.<br>Ahora el presidente de la naci\u00f3n no ir\u00e1 a las provincias de Neuqu\u00e9n y Rio Negro porque sus candidatas, Nadia M\u00e1rquez y Lorena Villaverde, tienen antecedentes con el narcotr\u00e1fico. El periodista <a href=\"https:\/\/twitter.com\/paulinor76?ref_src=twsrc%5Etfw\">@paulinor76<\/a> lo cuenta, y adelanta que ambas dejar\u00e1n de\u2026 <a href=\"https:\/\/t.co\/rxaZKo02ry\">pic.twitter.com\/rxaZKo02ry<\/a><\/p>&mdash; El Prensero (@El_Prensero) <a href=\"https:\/\/twitter.com\/El_Prensero\/status\/1975321024921997631?ref_src=twsrc%5Etfw\">October 6, 2025<\/a><\/blockquote><script async src=\"https:\/\/platform.twitter.com\/widgets.js\" charset=\"utf-8\"><\/script>\n<\/div><\/figure>\n\n\n\n<p>Ahora, con las candidatas del sur bajo sospecha, el llamado \u201cesc\u00e1ndalo narco\u201d vuelve a golpear el coraz\u00f3n de <strong>La Libertad Avanza<\/strong>, dejando expuesta una estructura partidaria improvisada, atravesada por intereses econ\u00f3micos y conexiones dudosas. El caso deja una conclusi\u00f3n clara: la purga de nombres manchados por causas judiciales no alcanza para limpiar la imagen de un gobierno que prometi\u00f3 transparencia pero se ve cada vez m\u00e1s rodeado de personajes cuestionados.<\/p>\n\n\n\n<p>La sucesi\u00f3n de denuncias, renuncias y sospechas de v\u00ednculos con el narcotr\u00e1fico revela una crisis m\u00e1s profunda que la mera incompetencia pol\u00edtica. Expone una <strong>falta total de control sobre las estructuras provinciales<\/strong> del oficialismo, que en su apuro por consolidar poder territorial abri\u00f3 las puertas a dirigentes de pasado turbio o alianzas poco transparentes. En este escenario, el mensaje presidencial de \u201cno tranzar con los corruptos\u201d se diluye ante la realidad de sus propias listas. Las provincias patag\u00f3nicas se convirtieron, as\u00ed, en el nuevo epicentro de un esc\u00e1ndalo que amenaza con escalar.<\/p>\n\n\n\n<p>Por ahora, Milei guarda silencio. Pero el silencio, en pol\u00edtica, tambi\u00e9n comunica.<\/p>\n","protected":false},"excerpt":{"rendered":"<p>El gobierno nacional enfrenta una nueva tormenta pol\u00edtica. Seg\u00fan revel\u00f3 el periodista Paulino Rodr\u00edguez (@paulinor76), el presidente Javier Milei decidi\u00f3 suspender sus viajes a las provincias de Neuqu\u00e9n y R\u00edo Negro luego de que dos de sus candidatas, Nadia M\u00e1rquez y Lorena Villaverde, fueran se\u00f1aladas por presuntos antecedentes vinculados al narcotr\u00e1fico. El dato difundido r\u00e1pidamente&#8230;<\/p>\n","protected":false},"author":12,"featured_media":9402,"comment_status":"open","ping_status":"open","sticky":false,"template":"","format":"standard","meta":{"_monsterinsights_skip_tracking":false,"_monsterinsights_sitenote_active":false,"_monsterinsights_sitenote_note":"","_monsterinsights_sitenote_category":0,"footnotes":"","jetpack_publicize_message":"","jetpack_publicize_feature_enabled":true,"jetpack_social_post_already_shared":true,"jetpack_social_options":{"image_generator_settings":{"template":"highway","default_image_id":0,"font":"","enabled":false},"version":2}},"categories":[2],"tags":[],"class_list":["post-9401","post","type-post","status-publish","format-standard","has-post-thumbnail","hentry","category-politica"],"jetpack_publicize_connections":[],"_links":{"self":[{"href":"https:\/\/www.enorsai.com\/noticias\/wp-json\/wp\/v2\/posts\/9401","targetHints":{"allow":["GET"]}}],"collection":[{"href":"https:\/\/www.enorsai.com\/noticias\/wp-json\/wp\/v2\/posts"}],"about":[{"href":"https:\/\/www.enorsai.com\/noticias\/wp-json\/wp\/v2\/types\/post"}],"author":[{"embeddable":true,"href":"https:\/\/www.enorsai.com\/noticias\/wp-json\/wp\/v2\/users\/12"}],"replies":[{"embeddable":true,"href":"https:\/\/www.enorsai.com\/noticias\/wp-json\/wp\/v2\/comments?post=9401"}],"version-history":[{"count":2,"href":"https:\/\/www.enorsai.com\/noticias\/wp-json\/wp\/v2\/posts\/9401\/revisions"}],"predecessor-version":[{"id":9404,"href":"https:\/\/www.enorsai.com\/noticias\/wp-json\/wp\/v2\/posts\/9401\/revisions\/9404"}],"wp:featuredmedia":[{"embeddable":true,"href":"https:\/\/www.enorsai.com\/noticias\/wp-json\/wp\/v2\/media\/9402"}],"wp:attachment":[{"href":"https:\/\/www.enorsai.com\/noticias\/wp-json\/wp\/v2\/media?parent=9401"}],"wp:term":[{"taxonomy":"category","embeddable":true,"href":"https:\/\/www.enorsai.com\/noticias\/wp-json\/wp\/v2\/categories?post=9401"},{"taxonomy":"post_tag","embeddable":true,"href":"https:\/\/www.enorsai.com\/noticias\/wp-json\/wp\/v2\/tags?post=9401"}],"curies":[{"name":"wp","href":"https:\/\/api.w.org\/{rel}","templated":true}]}}