{"id":9398,"date":"2025-10-06T17:43:32","date_gmt":"2025-10-06T20:43:32","guid":{"rendered":"https:\/\/www.enorsai.com\/noticias\/?p=9398"},"modified":"2025-10-06T17:44:34","modified_gmt":"2025-10-06T20:44:34","slug":"milei-vendio-el-regimiento-de-patricios-a-costantini-en-un-proceso-de-vaciamiento-del-estado","status":"publish","type":"post","link":"https:\/\/www.enorsai.com\/noticias\/politica\/milei-vendio-el-regimiento-de-patricios-a-costantini-en-un-proceso-de-vaciamiento-del-estado\/","title":{"rendered":"Milei vendi\u00f3 el Regimiento de Patricios a Costantini en un proceso de vaciamiento del Estado"},"content":{"rendered":"\n<p>El empresario Eduardo Costantini desembols\u00f3 127 millones de d\u00f3lares por el predio de 4,4 hect\u00e1reas en Palermo, pese a que el Congreso hab\u00eda determinado que era \u201cno enajenable\u201d. La venta expone, una vez m\u00e1s, el modelo privatizador que impulsa el gobierno de Javier Milei, donde los bienes p\u00fablicos terminan en manos de empresarios aliados.<br><br>La subasta del hist\u00f3rico Regimiento de Patricios, concesionado hasta ahora a Cencosud, termin\u00f3 en manos del fundador del MALBA. El diputado Miguel \u00c1ngel Pichetto denunci\u00f3 la operaci\u00f3n como un atropello al patrimonio estatal. En el trasfondo, se consolida un esquema de saqueo institucional amparado en el discurso de \u201ceficiencia\u201d y \u201cmodernizaci\u00f3n\u201d del Estado.<br><br>Eduardo Costantini volvi\u00f3 a ser noticia, pero no por una muestra en el MALBA ni por una obra maestra de arte moderno. Esta vez, el multimillonario empresario se qued\u00f3 con uno de los terrenos m\u00e1s codiciados de la Ciudad de Buenos Aires: el hist\u00f3rico predio del Regimiento de Patricios, en pleno coraz\u00f3n de Palermo. Pag\u00f3 127 millones de d\u00f3lares y desplaz\u00f3 a pesos pesados del negocio inmobiliario como Raghsa, la familia Coto y Cencosud, que pretend\u00eda renovar su concesi\u00f3n.<br><br>El terreno, de 4,4 hect\u00e1reas, sali\u00f3 con una base de 81 millones de d\u00f3lares y termin\u00f3 vendi\u00e9ndose casi un 60% m\u00e1s caro. Se trata de la segunda operaci\u00f3n m\u00e1s costosa en la historia de la Ciudad, despu\u00e9s de la venta del Tiro Federal a las familias Werthein y Sielecki en 2018. En ambos casos, el patr\u00f3n es el mismo: patrimonio p\u00fablico vendido al mejor postor, sin un debate real sobre el inter\u00e9s colectivo.<br><br>Lo m\u00e1s grave es que el Senado hab\u00eda aprobado por unanimidad un proyecto impulsado por Miguel \u00c1ngel Pichetto que declaraba el predio \u201cno enajenable\u201d por su valor hist\u00f3rico y simb\u00f3lico. Pero el gobierno porte\u00f1o, en perfecta sinton\u00eda con la l\u00f3gica de Milei, hizo o\u00eddos sordos. \u201cSorprende que Costantini, con su discurso de honestidad, compre un bien del Estado a pesar de la voluntad expresada por el Congreso. Con esta acci\u00f3n se suma a otros voraces empresarios que se quedan con propiedades del Estado de alto valor econ\u00f3mico\u201d, escribi\u00f3 Pichetto en su cuenta de X.<br><br>Costantini adelant\u00f3 que en el terreno se construir\u00e1n oficinas y viviendas de dise\u00f1o, un proyecto que, como todos los \u201cemprendimientos premium\u201d de Buenos Aires, promete lujo para unos pocos y exclusi\u00f3n para todos los dem\u00e1s. Claro que antes deber\u00e1 pasar por la Legislatura porte\u00f1a para su rezonificaci\u00f3n, un tr\u00e1mite que la gesti\u00f3n de Jorge Macri ya prepara con la habitual prolijidad con que se legalizan los negocios privados en la Ciudad.<br><br>La normativa vigente exige que el 65% del predio rezonificado se destine a espacios p\u00fablicos. Pero la experiencia demuestra que ese compromiso suele terminar en un par de senderos peatonales, algunas macetas y bancos de plaza, mientras los metros cuadrados m\u00e1s caros de la ciudad cambian de manos en silencio. La postal de siempre: cemento, torres y rentabilidad privada en nombre del \u201cprogreso\u201d.<br><br>El trasfondo pol\u00edtico es ineludible. El gobierno de Javier Milei no solo defiende la venta de activos del Estado: la convierte en un emblema ideol\u00f3gico. En nombre de la \u201clibertad\u201d y el \u201cfin del gasto p\u00fablico\u201d, se avanza en una privatizaci\u00f3n encubierta de los bienes comunes, desde los terrenos p\u00fablicos hasta las universidades y hospitales. Todo se mide en d\u00f3lares, todo se cotiza, todo se liquida.<br><br>Mientras la sociedad padece un ajuste feroz, los amigos del poder compran con descuento lo que pertenece a todos. En un pa\u00eds con hospitales que no pueden reponer insumos, universidades sin presupuesto y cient\u00edficos sin laboratorio, la prioridad del gobierno parece ser facilitar negocios a los empresarios m\u00e1s cercanos al c\u00edrculo libertario.<br><br>El caso Costantini sintetiza el modelo Milei: un Estado en liquidaci\u00f3n, funcionarios que act\u00faan como corredores inmobiliarios y empresarios que, con discurso de transparencia, acumulan propiedades estatales sin rendir cuentas. El patrimonio p\u00fablico, una vez m\u00e1s, termina bajo llave en manos privadas, y la historia de la Ciudad se vende al mejor postor.<br><br>Fuente<\/p>\n\n\n\n<p>.https:\/\/www.lapoliticaonline.com\/ciudad\/costantini-se-quedo-con-el-mejor-terreno-de-palermo-y-enfurecio-a-pichetto\/<\/p>\n","protected":false},"excerpt":{"rendered":"<p>El empresario Eduardo Costantini desembols\u00f3 127 millones de d\u00f3lares por el predio de 4,4 hect\u00e1reas en Palermo, pese a que el Congreso hab\u00eda determinado que era \u201cno enajenable\u201d. La venta expone, una vez m\u00e1s, el modelo privatizador que impulsa el gobierno de Javier Milei, donde los bienes p\u00fablicos terminan en manos de empresarios aliados. La&#8230;<\/p>\n","protected":false},"author":11,"featured_media":9397,"comment_status":"open","ping_status":"open","sticky":false,"template":"","format":"standard","meta":{"_monsterinsights_skip_tracking":false,"_monsterinsights_sitenote_active":false,"_monsterinsights_sitenote_note":"","_monsterinsights_sitenote_category":0,"footnotes":"","jetpack_publicize_message":"","jetpack_publicize_feature_enabled":true,"jetpack_social_post_already_shared":true,"jetpack_social_options":{"image_generator_settings":{"template":"highway","default_image_id":0,"font":"","enabled":false},"version":2}},"categories":[2],"tags":[],"class_list":["post-9398","post","type-post","status-publish","format-standard","has-post-thumbnail","hentry","category-politica"],"jetpack_publicize_connections":[],"_links":{"self":[{"href":"https:\/\/www.enorsai.com\/noticias\/wp-json\/wp\/v2\/posts\/9398","targetHints":{"allow":["GET"]}}],"collection":[{"href":"https:\/\/www.enorsai.com\/noticias\/wp-json\/wp\/v2\/posts"}],"about":[{"href":"https:\/\/www.enorsai.com\/noticias\/wp-json\/wp\/v2\/types\/post"}],"author":[{"embeddable":true,"href":"https:\/\/www.enorsai.com\/noticias\/wp-json\/wp\/v2\/users\/11"}],"replies":[{"embeddable":true,"href":"https:\/\/www.enorsai.com\/noticias\/wp-json\/wp\/v2\/comments?post=9398"}],"version-history":[{"count":1,"href":"https:\/\/www.enorsai.com\/noticias\/wp-json\/wp\/v2\/posts\/9398\/revisions"}],"predecessor-version":[{"id":9399,"href":"https:\/\/www.enorsai.com\/noticias\/wp-json\/wp\/v2\/posts\/9398\/revisions\/9399"}],"wp:featuredmedia":[{"embeddable":true,"href":"https:\/\/www.enorsai.com\/noticias\/wp-json\/wp\/v2\/media\/9397"}],"wp:attachment":[{"href":"https:\/\/www.enorsai.com\/noticias\/wp-json\/wp\/v2\/media?parent=9398"}],"wp:term":[{"taxonomy":"category","embeddable":true,"href":"https:\/\/www.enorsai.com\/noticias\/wp-json\/wp\/v2\/categories?post=9398"},{"taxonomy":"post_tag","embeddable":true,"href":"https:\/\/www.enorsai.com\/noticias\/wp-json\/wp\/v2\/tags?post=9398"}],"curies":[{"name":"wp","href":"https:\/\/api.w.org\/{rel}","templated":true}]}}