{"id":9392,"date":"2025-10-06T13:14:59","date_gmt":"2025-10-06T16:14:59","guid":{"rendered":"https:\/\/www.enorsai.com\/noticias\/?p=9392"},"modified":"2025-10-06T13:20:18","modified_gmt":"2025-10-06T16:20:18","slug":"lunes-sin-gestion-milei-exige-a-la-poblacion-sacrificios-mientras-el-juega-a-ser-un-rockstar","status":"publish","type":"post","link":"https:\/\/www.enorsai.com\/noticias\/politica\/lunes-sin-gestion-milei-exige-a-la-poblacion-sacrificios-mientras-el-juega-a-ser-un-rockstar\/","title":{"rendered":"Lunes sin gesti\u00f3n: Milei exige a la poblaci\u00f3n sacrificios mientras \u00e9l juega a ser un rockstar"},"content":{"rendered":"\n<p>En plena crisis econ\u00f3mica y pol\u00edtica, con la renuncia de Jos\u00e9 Luis Espert sacudiendo la interna oficialista, el presidente Javier Milei decidi\u00f3 dedicar su lunes al mediod\u00eda a ensayar para su show musical en el Movistar Arena. S\u00ed, mientras exige \u201cno aflojar\u201d al pueblo argentino, el mandatario pasaba la jornada con guitarras, micr\u00f3fonos y su \u201cbanda presidencial\u201d, preparando la presentaci\u00f3n de su libro La construcci\u00f3n del milagro.<br><br>La postal \u2014difundida por su ministro Federico Sturzenegger\u2014 muestra a un Milei desconectado del pa\u00eds real, ocupado en su faceta de rockstar m\u00e1s que en la gesti\u00f3n. En medio de un ajuste feroz, tarifas por las nubes y salarios pulverizados, su agenda oficial luce vac\u00eda de compromisos institucionales, pero llena de amplificadores.<\/p>\n\n\n\n<figure class=\"wp-block-embed is-type-rich is-provider-twitter wp-block-embed-twitter\"><div class=\"wp-block-embed__wrapper\">\n<blockquote class=\"twitter-tweet\" data-width=\"550\" data-dnt=\"true\"><p lang=\"es\" dir=\"ltr\">El presidente te pide que no aflojes mientras el est\u00e1 totalmente en NARNIA pelotudeando en un ensayo un LUNES al mediod\u00eda, TAPADO DE LABURO<br> <a href=\"https:\/\/t.co\/haG0bmpO0P\">pic.twitter.com\/haG0bmpO0P<\/a><\/p>&mdash; TUGO News (@TugoNews) <a href=\"https:\/\/twitter.com\/TugoNews\/status\/1975218912825614824?ref_src=twsrc%5Etfw\">October 6, 2025<\/a><\/blockquote><script async src=\"https:\/\/platform.twitter.com\/widgets.js\" charset=\"utf-8\"><\/script>\n<\/div><\/figure>\n\n\n\n<p><br><br>El contraste es tan grotesco como el mensaje que transmite: mientras la sociedad soporta los recortes y el caos pol\u00edtico dentro de su propio espacio, el presidente elige ensayar para un espect\u00e1culo personal. Ni una reuni\u00f3n de gabinete, ni una conferencia de prensa, ni una respuesta sobre la renuncia de Espert: solo un ensayo, un lunes al mediod\u00eda, en el pa\u00eds que \u00e9l mismo pidi\u00f3 \u201cno aflojar\u201d.<\/p>\n\n\n\n<p><\/p>\n\n\n\n<figure class=\"wp-block-embed is-type-rich is-provider-twitter wp-block-embed-twitter\"><div class=\"wp-block-embed__wrapper\">\n<blockquote class=\"twitter-tweet\" data-width=\"550\" data-dnt=\"true\"><p lang=\"es\" dir=\"ltr\">Presenciando el ensayo de La Banda Presidencial (<a href=\"https:\/\/twitter.com\/B_presidencial?ref_src=twsrc%5Etfw\">@b_presidencial<\/a>) para ma\u00f1ana! Las letras est\u00e1n espectaculares y habr\u00e1 sorpresas! <br>VLLC! <a href=\"https:\/\/t.co\/hPtGldotQQ\">pic.twitter.com\/hPtGldotQQ<\/a><\/p>&mdash; Fede Sturzenegger (@fedesturze) <a href=\"https:\/\/twitter.com\/fedesturze\/status\/1974842783786569785?ref_src=twsrc%5Etfw\">October 5, 2025<\/a><\/blockquote><script async src=\"https:\/\/platform.twitter.com\/widgets.js\" charset=\"utf-8\"><\/script>\n<\/div><\/figure>\n","protected":false},"excerpt":{"rendered":"<p>En plena crisis econ\u00f3mica y pol\u00edtica, con la renuncia de Jos\u00e9 Luis Espert sacudiendo la interna oficialista, el presidente Javier Milei decidi\u00f3 dedicar su lunes al mediod\u00eda a ensayar para su show musical en el Movistar Arena. S\u00ed, mientras exige \u201cno aflojar\u201d al pueblo argentino, el mandatario pasaba la jornada con guitarras, micr\u00f3fonos y su&#8230;<\/p>\n","protected":false},"author":12,"featured_media":9391,"comment_status":"open","ping_status":"open","sticky":false,"template":"","format":"standard","meta":{"_monsterinsights_skip_tracking":false,"_monsterinsights_sitenote_active":false,"_monsterinsights_sitenote_note":"","_monsterinsights_sitenote_category":0,"footnotes":"","jetpack_publicize_message":"","jetpack_publicize_feature_enabled":true,"jetpack_social_post_already_shared":true,"jetpack_social_options":{"image_generator_settings":{"template":"highway","default_image_id":0,"font":"","enabled":false},"version":2}},"categories":[2],"tags":[],"class_list":["post-9392","post","type-post","status-publish","format-standard","has-post-thumbnail","hentry","category-politica"],"jetpack_publicize_connections":[],"_links":{"self":[{"href":"https:\/\/www.enorsai.com\/noticias\/wp-json\/wp\/v2\/posts\/9392","targetHints":{"allow":["GET"]}}],"collection":[{"href":"https:\/\/www.enorsai.com\/noticias\/wp-json\/wp\/v2\/posts"}],"about":[{"href":"https:\/\/www.enorsai.com\/noticias\/wp-json\/wp\/v2\/types\/post"}],"author":[{"embeddable":true,"href":"https:\/\/www.enorsai.com\/noticias\/wp-json\/wp\/v2\/users\/12"}],"replies":[{"embeddable":true,"href":"https:\/\/www.enorsai.com\/noticias\/wp-json\/wp\/v2\/comments?post=9392"}],"version-history":[{"count":1,"href":"https:\/\/www.enorsai.com\/noticias\/wp-json\/wp\/v2\/posts\/9392\/revisions"}],"predecessor-version":[{"id":9393,"href":"https:\/\/www.enorsai.com\/noticias\/wp-json\/wp\/v2\/posts\/9392\/revisions\/9393"}],"wp:featuredmedia":[{"embeddable":true,"href":"https:\/\/www.enorsai.com\/noticias\/wp-json\/wp\/v2\/media\/9391"}],"wp:attachment":[{"href":"https:\/\/www.enorsai.com\/noticias\/wp-json\/wp\/v2\/media?parent=9392"}],"wp:term":[{"taxonomy":"category","embeddable":true,"href":"https:\/\/www.enorsai.com\/noticias\/wp-json\/wp\/v2\/categories?post=9392"},{"taxonomy":"post_tag","embeddable":true,"href":"https:\/\/www.enorsai.com\/noticias\/wp-json\/wp\/v2\/tags?post=9392"}],"curies":[{"name":"wp","href":"https:\/\/api.w.org\/{rel}","templated":true}]}}