{"id":9388,"date":"2025-10-06T09:04:12","date_gmt":"2025-10-06T12:04:12","guid":{"rendered":"https:\/\/www.enorsai.com\/noticias\/?p=9388"},"modified":"2025-10-06T09:04:30","modified_gmt":"2025-10-06T12:04:30","slug":"mas-escandalos-el-gobierno-de-jorge-macri-acaba-de-otorgarle-una-obra-millonaria-a-empresa-vinculada-a-santilli-el-reemplazante-de-espert","status":"publish","type":"post","link":"https:\/\/www.enorsai.com\/noticias\/politica\/mas-escandalos-el-gobierno-de-jorge-macri-acaba-de-otorgarle-una-obra-millonaria-a-empresa-vinculada-a-santilli-el-reemplazante-de-espert\/","title":{"rendered":"M\u00c1S ESC\u00c1NDALOS: El gobierno de Jorge Macri acaba de otorgarle una obra millonaria a empresa vinculada a Santilli, el reemplazante de\u00a0Espert"},"content":{"rendered":"\n<p>Fue a principios del pasado agosto y por casi 540 millones de pesos.<\/p>\n\n\n\n<p>\u00abPodr\u00e1n cambiar los nombres pero no la historia\u00bb, dir\u00eda el poeta. Lo cierto es que<strong>&nbsp;a minutos de conocerse la renuncia de Jos\u00e9 Luis Espert<\/strong>&nbsp;a la cabeza de la lista libertaria en la Provincia de Buenos Aires y que el nombre de Diego Santilli figure como reemplazo natural del ahora excandidato,<strong>&nbsp;un nuevo esc\u00e1ndalo de corrupci\u00f3n sacude a la lista bonaerense de Milei<\/strong>. Una operaci\u00f3n millonaria a trav\u00e9s de un contrato con el gobierno de la Ciudad a una empresa claramente vinculada al \u00abColo\u00bb por casi&nbsp;<strong>540 millones de pesos.<\/strong><\/p>\n\n\n\n<p>La historia es as\u00ed y te la contamos en exclusiva desde Noticias La Insuperable\u2026<\/p>\n\n\n\n<h2 class=\"wp-block-heading\">Pr\u00f3rroga<\/h2>\n\n\n\n<p>El pasado primero de agosto, a trav\u00e9s de una Resoluci\u00f3n comunal, se estableci\u00f3 \u00abla continuidad de la Licitaci\u00f3n P\u00fablica N\u00b09101-0819-LPU22, correspondiente al&nbsp;<strong>\u201cServicio de Mantenimiento Integral de Fuentes Ornamentales\u201d con destino a esta Comuna N\u00b0 1\u2033, firmada por Lucas Portela, a favor de la firma SOCIV SRL por un total de $539.266.505,76<\/strong>.<\/p>\n\n\n\n<figure class=\"wp-block-image\"><img decoding=\"async\" src=\"https:\/\/noticiaslainsuperable.com.ar\/wp-content\/uploads\/2025\/10\/qq1-2.png?w=747\" alt=\"\" class=\"wp-image-105484\"\/><\/figure>\n\n\n\n<h2 class=\"wp-block-heading\">\u00bfTestaferros?<\/h2>\n\n\n\n<figure class=\"wp-block-image\"><img decoding=\"async\" src=\"https:\/\/noticiaslainsuperable.com.ar\/wp-content\/uploads\/2025\/10\/qq4-3-1-1.png?w=340\" alt=\"\" class=\"wp-image-105486\"\/><\/figure>\n\n\n\n<p><strong>SOCIV es una empresa creada en el a\u00f1o 2008<\/strong>. Seg\u00fan consta el el Bolet\u00edn Oficial del 5 de diciembre de ese a\u00f1o, se trata de una firma constituida para \u201c<em>Brindar servicios de obras civiles construcci\u00f3n modificaci\u00f3n alba\u00f1iler\u00eda trabajos de reparaciones en general instalaci\u00f3n colocaci\u00f3n y reparaci\u00f3n de cer\u00e1micos pisos revestimientos sanitarios calefacci\u00f3n refrigeraci\u00f3n y electricidad<\/em>\u201d.<\/p>\n\n\n\n<p>Ser\u00e1n sus socios fundadores&nbsp;<strong>Mirta Susana Marcos<\/strong>, una enfermera viuda que entonces contaba con 54 a\u00f1os, y uno de sus hijos,&nbsp;<strong>Ricardo Horacio Sancassanni<\/strong>, maestro mayor de obras.<\/p>\n\n\n\n<p>Fruto de una relaci\u00f3n de su fallecido marido con la familia Santilli,&nbsp;<strong>Mirta Marcos<\/strong>&nbsp;tuvo desde siempre una excelente relaci\u00f3n con la familia del ahora candidato de Milei en la Provincia. Ella misma se reconoce desde siempre como<strong>&nbsp;\u00abla primera militante\u00bb de Diego Santilli<\/strong>.<\/p>\n\n\n\n<p>En una entrevista concedida al portal&nbsp;<a href=\"https:\/\/www.alertamilitante.com\/entrevistas\/2468-me-puedo-equivocar-pero-siempre-voy-a-estar-del-lado-del-vecino-aunque-tenga-que-estar-en-contra-de-mi-partido.html\">Alerta Militante<\/a>&nbsp;Mirta Marcos manifista su devoci\u00f3n por \u00abel Colo\u00bb diciendo: \u00ab<em>Soy Santillista\u2026pero no con la camiseta, sino con un tatuaje. En realidad primero trabaj\u00e9 con Hugo, pap\u00e1 de Diego. Mi esposo ten\u00eda buena relaci\u00f3n con la familia Santilli, adem\u00e1s\u2026cosas de la vida, a Nancy (Pazos. Periodista y mujer de Diego) la conoc\u00eda de soltera desde hace muchos a\u00f1os porque era vecina del barrio. Antes nadie lo fue\u2026pero en esa \u00e9poca los peronistas \u00e9ramos todos menemistas. Milit\u00e9 para la lista Azul Rojo y Punz\u00f3 que encabezaba a Jefe de Gobierno Hugo Santilli<\/em>\u00ab.<\/p>\n\n\n\n<p><strong>El mismo Diego Santilli le reconoce esa devoci\u00f3n y el hecho de ser \u00absu primera militante\u00bb<\/strong>&nbsp;cuando, en el a\u00f1o 2012 escrib\u00eda, en ocasi\u00f3n del D\u00eda Internacional de la Mujer, un tuit de agradecimiento: \u201c<em>A mi primera militante, Mirta Marcos, su hija y en ellas a todas nuestras comuneras, legisladoras y diputadas, que nos acompa\u00f1an<\/em>\u201d.<\/p>\n\n\n\n<figure class=\"wp-block-image\"><img decoding=\"async\" src=\"https:\/\/noticiaslainsuperable.com.ar\/wp-content\/uploads\/2025\/10\/qq1-20-1-1.png?w=596\" alt=\"\" class=\"wp-image-105488\"\/><\/figure>\n\n\n\n<p>Como vemos, involucra y menciona all\u00ed a la hija de Mirta Marcos,&nbsp;<strong>Elizabeth Sancassanni<\/strong>. Como buen pol\u00edtico cambiemita amante de la meritocracia, Santilli met\u00eda amigos y familiares a diestra y siniestra durante sus gestiones. Entre el a\u00f1o 2009 y 2013, el ahora diputado fue Ministro de Ambiente y Espacio P\u00fablico de la Ciudad y all\u00ed las meti\u00f3 a Mirta Marcos y a su hija.<\/p>\n\n\n\n<figure class=\"wp-block-image\"><img decoding=\"async\" src=\"https:\/\/noticiaslainsuperable.com.ar\/wp-content\/uploads\/2025\/10\/qq3-3-1.png?w=970\" alt=\"\" class=\"wp-image-105490\"\/><\/figure>\n\n\n\n<p>Pero la confianza y devoci\u00f3n de Mirta Marcos \u00ab<em>se merec\u00eda m\u00e1s<\/em>\u00ab. Fue as\u00ed como<strong>&nbsp;gracias a una gesti\u00f3n de Santilli con Gabriela Michetti, el \u00abColo\u00bb la col\u00f3 como tercera candidata a comunera en la Comuna 1<\/strong>, donde result\u00f3 electa en 2011 representando al PRO, renovando en 2015 y estando en su cargo hasta 2019.<\/p>\n\n\n\n<figure class=\"wp-block-image\"><img decoding=\"async\" src=\"https:\/\/noticiaslainsuperable.com.ar\/wp-content\/uploads\/2025\/10\/qqq-84-1-1.png?w=773\" alt=\"\" class=\"wp-image-105492\"\/><figcaption class=\"wp-element-caption\">Diego Santilli y Mirta Susana Marcos<\/figcaption><\/figure>\n\n\n\n<p>Como dijimos m\u00e1s arriba, Santilli \u00abpagaba\u00bb con puestos el seguimiento incondicional de Mirta y su familia. Fue as\u00ed como tambi\u00e9n, previo a todo esto, ya en el a\u00f1o 2005 (mucho antes de que se fundara SOCIV, incluso), en los a\u00f1os que el \u00abColo\u00bb era Legislador,&nbsp;<strong>lo meti\u00f3 a Ricardo Horacio Sancassanni<\/strong>&nbsp;(el otro socio fundador de la empresa) como su Asesor en la Legislatura.<\/p>\n\n\n\n<figure class=\"wp-block-image\"><img decoding=\"async\" src=\"https:\/\/noticiaslainsuperable.com.ar\/wp-content\/uploads\/2025\/10\/qq6-1-1-1-1.png?w=879\" alt=\"\" class=\"wp-image-105494\"\/><\/figure>\n\n\n\n<h2 class=\"wp-block-heading\">El otro jugador<\/h2>\n\n\n\n<p>Para que este aceitado proceso salga adelante (y que no es nuevo, y ya lleva&nbsp;<a href=\"https:\/\/noticiaslainsuperable.com.ar\/tag\/sociv-srl\/\">decenas de contrataciones digitadas<\/a>&nbsp;a esta empresa&nbsp;<strong>cuyos due\u00f1os suenan m\u00e1s a testaferros de Santilli que a otra cosa<\/strong>) hace falta otro jugador: el que firma.<\/p>\n\n\n\n<p>Como se\u00f1alamos antes, la resoluci\u00f3n lleva la firma de&nbsp;<strong>Lucas Portela, quien fuera fue secretario privado del \u00abColo\u00bb&nbsp;<\/strong>en sus \u00e9pocas de exvicejefe de Gobierno del 2015 al 2019, adem\u00e1s de haber estado con el Diego Santilli en todos sus cargos previos: en el 2012 form\u00f3 parte del Ministerio de Medio Ambiente junto a \u00e9l, en el 2013 pas\u00f3 al Senado y luego al Ejecutivo de la Capital.<\/p>\n\n\n\n<p>Ahora el nombre de Diego Santilli, se\u00f1alado adem\u00e1s por\u00a0tener 14 empresas en para\u00edsos fiscales, es la figura que<strong>\u00a0viene a limpiar la imagen de corrupci\u00f3n que dej\u00f3 Jos\u00e9 Luis Espert<\/strong>. O no estar\u00eda bien elegido el reemplazante, o no tienen uno que se salve.<\/p>\n\n\n\n<p><\/p>\n","protected":false},"excerpt":{"rendered":"<p>Fue a principios del pasado agosto y por casi 540 millones de pesos. \u00abPodr\u00e1n cambiar los nombres pero no la historia\u00bb, dir\u00eda el poeta. Lo cierto es que&nbsp;a minutos de conocerse la renuncia de Jos\u00e9 Luis Espert&nbsp;a la cabeza de la lista libertaria en la Provincia de Buenos Aires y que el nombre de Diego&#8230;<\/p>\n","protected":false},"author":6,"featured_media":9389,"comment_status":"open","ping_status":"open","sticky":false,"template":"","format":"standard","meta":{"_monsterinsights_skip_tracking":false,"_monsterinsights_sitenote_active":false,"_monsterinsights_sitenote_note":"","_monsterinsights_sitenote_category":0,"footnotes":"","jetpack_publicize_message":"","jetpack_publicize_feature_enabled":true,"jetpack_social_post_already_shared":true,"jetpack_social_options":{"image_generator_settings":{"template":"highway","default_image_id":0,"font":"","enabled":false},"version":2}},"categories":[2],"tags":[],"class_list":["post-9388","post","type-post","status-publish","format-standard","has-post-thumbnail","hentry","category-politica"],"jetpack_publicize_connections":[],"_links":{"self":[{"href":"https:\/\/www.enorsai.com\/noticias\/wp-json\/wp\/v2\/posts\/9388","targetHints":{"allow":["GET"]}}],"collection":[{"href":"https:\/\/www.enorsai.com\/noticias\/wp-json\/wp\/v2\/posts"}],"about":[{"href":"https:\/\/www.enorsai.com\/noticias\/wp-json\/wp\/v2\/types\/post"}],"author":[{"embeddable":true,"href":"https:\/\/www.enorsai.com\/noticias\/wp-json\/wp\/v2\/users\/6"}],"replies":[{"embeddable":true,"href":"https:\/\/www.enorsai.com\/noticias\/wp-json\/wp\/v2\/comments?post=9388"}],"version-history":[{"count":1,"href":"https:\/\/www.enorsai.com\/noticias\/wp-json\/wp\/v2\/posts\/9388\/revisions"}],"predecessor-version":[{"id":9390,"href":"https:\/\/www.enorsai.com\/noticias\/wp-json\/wp\/v2\/posts\/9388\/revisions\/9390"}],"wp:featuredmedia":[{"embeddable":true,"href":"https:\/\/www.enorsai.com\/noticias\/wp-json\/wp\/v2\/media\/9389"}],"wp:attachment":[{"href":"https:\/\/www.enorsai.com\/noticias\/wp-json\/wp\/v2\/media?parent=9388"}],"wp:term":[{"taxonomy":"category","embeddable":true,"href":"https:\/\/www.enorsai.com\/noticias\/wp-json\/wp\/v2\/categories?post=9388"},{"taxonomy":"post_tag","embeddable":true,"href":"https:\/\/www.enorsai.com\/noticias\/wp-json\/wp\/v2\/tags?post=9388"}],"curies":[{"name":"wp","href":"https:\/\/api.w.org\/{rel}","templated":true}]}}