{"id":9384,"date":"2025-10-06T08:23:59","date_gmt":"2025-10-06T11:23:59","guid":{"rendered":"https:\/\/www.enorsai.com\/noticias\/?p=9384"},"modified":"2025-10-06T08:23:59","modified_gmt":"2025-10-06T11:23:59","slug":"la-verdad-sobre-la-cancelacion-del-acto-de-milei-en-santa-fe-huevazos-e-insultos","status":"publish","type":"post","link":"https:\/\/www.enorsai.com\/noticias\/politica\/la-verdad-sobre-la-cancelacion-del-acto-de-milei-en-santa-fe-huevazos-e-insultos\/","title":{"rendered":"La verdad sobre la cancelaci\u00f3n del acto de Milei en Santa Fe: huevazos e insultos"},"content":{"rendered":"\n<p><strong><em>El presidente de la Naci\u00f3n, Javier Milei, decidi\u00f3 suspender su caminata por Santa Fe ante la posibilidad de ser blanco de insultos y empujones.<\/em><\/strong><\/p>\n\n\n\n<p>Con motivo de apuntalar la campa\u00f1a rumbo a las elecciones legislativas, el presidente de la Naci\u00f3n, Javier Milei, arrib\u00f3 este mediod\u00eda a la provincia de Santa Fe, lo que gener\u00f3 emoci\u00f3n entre los militantes libertarios, pero tambi\u00e9n fuertes abucheos entre los santafesinos opositores.<\/p>\n\n\n\n<p>Todo comenz\u00f3 a las 11 horas cuando un grupo de manifestantes desarmaron un gazebo que La Libertad Avanza hab\u00eda colocado en la peatonal San Mart\u00edn, donde Milei iba a encabezar una caminata a modo de mostrarse m\u00e1s cercano con el electorado.<\/p>\n\n\n\n<p>Ante el miedo de que se vuelva a producir un fracaso como el de Tierra del Fuego, donde el equipo de campa\u00f1a libertario suspendi\u00f3 la actividad con militantes ante el miedo de abucheos, seguidores de Milei se dirigieron al Hotel Los Silos. De la misma forma, para continuar con la protesta los manifestantes tambi\u00e9n caminaron hacia el edificio donde se qued\u00f3 el Presidente.<\/p>\n\n\n\n<p>En ese sentido, las inmediaciones del hotel santafesino fueron copadas por hombres de Prefectura, que tuvieron como misi\u00f3n impedir que los independientes lleguen a la puerta del edificio. Justamente, esos efectivos realizaron un cord\u00f3n de seguridad para que Milei pudiese salir a la calle, desde donde salud\u00f3 a sus militantes, acompa\u00f1ando por su hermana Karina Milei.<\/p>\n\n\n\n<p>Finalmente, el Presidente eligi\u00f3 no sumarse a la caminata y directamente comenz\u00f3 su viaje a Entre R\u00edos. Mientras tanto, en la peatonal San Mart\u00edn siguieron los idas y vueltas entre libertarios y santafesinos, que llevaron pancartas con la leyenda \u201cMilei persona no grata\u201c.<\/p>\n\n\n\n<p>Tal es as\u00ed que la Polic\u00eda detuvo al menos a cinco personas que quedaron involucradas en las peleas, que contaron con empujones, insultos y hasta huevazos. Con este nuevo precedente, Milei sum\u00f3 otra actividad cancelada, todo esto en medio de la crisis que sufre su Gobierno producto del esc\u00e1ndalo narco que envuelve al candidato a diputado nacional Jos\u00e9 Luis Espert, y el caso de las coimas que tiene a Karina Milei como protagonista.<\/p>\n","protected":false},"excerpt":{"rendered":"<p>El presidente de la Naci\u00f3n, Javier Milei, decidi\u00f3 suspender su caminata por Santa Fe ante la posibilidad de ser blanco de insultos y empujones. Con motivo de apuntalar la campa\u00f1a rumbo a las elecciones legislativas, el presidente de la Naci\u00f3n, Javier Milei, arrib\u00f3 este mediod\u00eda a la provincia de Santa Fe, lo que gener\u00f3 emoci\u00f3n&#8230;<\/p>\n","protected":false},"author":5,"featured_media":6254,"comment_status":"open","ping_status":"open","sticky":false,"template":"","format":"standard","meta":{"_monsterinsights_skip_tracking":false,"_monsterinsights_sitenote_active":false,"_monsterinsights_sitenote_note":"","_monsterinsights_sitenote_category":0,"footnotes":"","jetpack_publicize_message":"","jetpack_publicize_feature_enabled":true,"jetpack_social_post_already_shared":true,"jetpack_social_options":{"image_generator_settings":{"template":"highway","default_image_id":0,"font":"","enabled":false},"version":2}},"categories":[2],"tags":[75,43,45],"class_list":["post-9384","post","type-post","status-publish","format-standard","has-post-thumbnail","hentry","category-politica","tag-corrupcion","tag-crisis","tag-milei"],"jetpack_publicize_connections":[],"_links":{"self":[{"href":"https:\/\/www.enorsai.com\/noticias\/wp-json\/wp\/v2\/posts\/9384","targetHints":{"allow":["GET"]}}],"collection":[{"href":"https:\/\/www.enorsai.com\/noticias\/wp-json\/wp\/v2\/posts"}],"about":[{"href":"https:\/\/www.enorsai.com\/noticias\/wp-json\/wp\/v2\/types\/post"}],"author":[{"embeddable":true,"href":"https:\/\/www.enorsai.com\/noticias\/wp-json\/wp\/v2\/users\/5"}],"replies":[{"embeddable":true,"href":"https:\/\/www.enorsai.com\/noticias\/wp-json\/wp\/v2\/comments?post=9384"}],"version-history":[{"count":1,"href":"https:\/\/www.enorsai.com\/noticias\/wp-json\/wp\/v2\/posts\/9384\/revisions"}],"predecessor-version":[{"id":9385,"href":"https:\/\/www.enorsai.com\/noticias\/wp-json\/wp\/v2\/posts\/9384\/revisions\/9385"}],"wp:featuredmedia":[{"embeddable":true,"href":"https:\/\/www.enorsai.com\/noticias\/wp-json\/wp\/v2\/media\/6254"}],"wp:attachment":[{"href":"https:\/\/www.enorsai.com\/noticias\/wp-json\/wp\/v2\/media?parent=9384"}],"wp:term":[{"taxonomy":"category","embeddable":true,"href":"https:\/\/www.enorsai.com\/noticias\/wp-json\/wp\/v2\/categories?post=9384"},{"taxonomy":"post_tag","embeddable":true,"href":"https:\/\/www.enorsai.com\/noticias\/wp-json\/wp\/v2\/tags?post=9384"}],"curies":[{"name":"wp","href":"https:\/\/api.w.org\/{rel}","templated":true}]}}