{"id":9382,"date":"2025-10-06T07:25:12","date_gmt":"2025-10-06T10:25:12","guid":{"rendered":"https:\/\/www.enorsai.com\/noticias\/?p=9382"},"modified":"2025-10-06T07:36:03","modified_gmt":"2025-10-06T10:36:03","slug":"mileisantilli-es-un-pesimo-candidato-es-un-engendro-se-mueve-por-los-negocios","status":"publish","type":"post","link":"https:\/\/www.enorsai.com\/noticias\/politica\/mileisantilli-es-un-pesimo-candidato-es-un-engendro-se-mueve-por-los-negocios\/","title":{"rendered":"Milei:\u00bbSantilli es un p\u00e9simo candidato, es un engendro, se mueve por los negocios\u00bb"},"content":{"rendered":"\n<p>El presidente que dijo que \u201cno tiene la culpa de que Juntos por el Cargo tenga un p\u00e9simo candidato\u201d oficializ\u00f3 al mismo Diego Santilli \u2014a quien llam\u00f3 \u201cengendro\u201d\u2014 como cabeza de lista en la provincia de Buenos Aires. La hemeroteca libertaria no perdona.<br><br>En una nueva muestra de su coherencia el\u00e1stica, Javier Milei pas\u00f3 en cuesti\u00f3n de meses de insultar a Diego Santilli a convertirlo en su principal aliado electoral bonaerense. Los videos donde lo destruye circulan con furia en las redes, mientras el propio mandatario intenta justificar lo que parece un nuevo salto triple mortal de la pol\u00edtica m\u00e1s tradicional que prometi\u00f3 destruir.<br><br>\u201cYo no tengo la culpa si Juntos por el Cargo tiene un p\u00e9simo candidato, horrible, como es el caso de Santilli, que es un engendro que estaba en Capital y lo pasaron a Provincia\u201d.<br>Esa fue la frase, textual, de Javier Milei, pronunciada con su habitual tono de indignaci\u00f3n mesi\u00e1nica, meses atr\u00e1s. Hoy, ese \u201cengendro\u201d es su flamante candidato a diputado provincial por Buenos Aires.<\/p>\n\n\n\n<figure class=\"wp-block-embed is-type-rich is-provider-twitter wp-block-embed-twitter\"><div class=\"wp-block-embed__wrapper\">\n<blockquote class=\"twitter-tweet\" data-width=\"550\" data-dnt=\"true\"><p lang=\"es\" dir=\"ltr\">\ud83d\udca5 &quot;Yo no tengo la culpa si juntos por el cargo tiene un p\u00e9simo candidato, horrible, como es el caso de Santilli, que es un engendro que estaba en capital y lo pasaron a provincia&quot;<br><br>Comienzan a aparecer videos de Javier Milei destrozando a quien ser\u00e1 su 1er candidato a diputado. <a href=\"https:\/\/t.co\/JjhxugrIdR\">pic.twitter.com\/JjhxugrIdR<\/a><\/p>&mdash; El Prensero (@El_Prensero) <a href=\"https:\/\/twitter.com\/El_Prensero\/status\/1975027071458918672?ref_src=twsrc%5Etfw\">October 6, 2025<\/a><\/blockquote><script async src=\"https:\/\/platform.twitter.com\/widgets.js\" charset=\"utf-8\"><\/script>\n<\/div><\/figure>\n\n\n\n<p><br><br>Las redes sociales no tardaron en hacer lo suyo: los videos en los que Milei destroza a Santilli se viralizan con velocidad de misil, acompa\u00f1ados por iron\u00edas del tipo \u201cLa casta sos vos\u201d o \u201cDel engendro al elegido\u201d. Porque si algo tiene el archivo, es una memoria implacable.<br><br>El libertario que juraba venir a \u201cdinamitar la casta\u201d ahora abraza sin pudor a uno de sus exponentes m\u00e1s cl\u00e1sicos: ex vicejefe de gobierno porte\u00f1o, eterno funcionario del PRO y veterano del sistema pol\u00edtico que Milei dec\u00eda detestar. Pero como siempre, el presidente encuentra una justificaci\u00f3n: la \u201crealpolitik\u201d, o en criollo, el pragmatismo disfrazado de revoluci\u00f3n moral.<br><br>El caso Santilli desnuda, una vez m\u00e1s, el ADN mutante del mile\u00edsmo. Lo que ayer era un \u201cengendro\u201d hoy es un aliado; lo que antes era \u201cla casta\u201d hoy es \u201cparte del cambio\u201d; y lo que antes era \u201cinmoral\u201d hoy se vuelve \u201cestrat\u00e9gico\u201d. Milei, que hizo de la pureza ideol\u00f3gica su bandera, vuelve a demostrar que su br\u00fajula moral apunta siempre hacia donde sople el viento del poder.<br><br>La incorporaci\u00f3n del \u201cColo\u201d no solo descoloca a sus seguidores m\u00e1s fervorosos \u2014aquellos que todav\u00eda creen que el libertario vino a destruir el sistema desde adentro\u2014, sino que tambi\u00e9n deja en rid\u00edculo su discurso anticasta. Porque si Santilli no es parte de la casta, \u00bfentonces qui\u00e9n lo es?<br><br>Mientras tanto, desde el entorno presidencial intentan justificar lo injustificable. Algunos hablan de una \u201calianza t\u00e1ctica\u201d, otros de \u201campliar la base electoral\u201d. Pero lo cierto es que, para un presidente que construy\u00f3 su identidad insultando a todos los dem\u00e1s, terminar abrazado a uno de ellos tiene un aroma inconfundible a rendici\u00f3n pol\u00edtica.<br><br>Javier Milei ya no solo pelea contra el \u201ckirchnerismo\u201d o \u201cla casta\u201d, sino contra su propio archivo. Y en esa pelea, parece estar perdiendo por goleada. Porque cada vez que intenta borrar el pasado, aparece un video suyo grit\u00e1ndole al espejo.<br><br><br><\/p>\n","protected":false},"excerpt":{"rendered":"<p>El presidente que dijo que \u201cno tiene la culpa de que Juntos por el Cargo tenga un p\u00e9simo candidato\u201d oficializ\u00f3 al mismo Diego Santilli \u2014a quien llam\u00f3 \u201cengendro\u201d\u2014 como cabeza de lista en la provincia de Buenos Aires. La hemeroteca libertaria no perdona. En una nueva muestra de su coherencia el\u00e1stica, Javier Milei pas\u00f3 en&#8230;<\/p>\n","protected":false},"author":13,"featured_media":9381,"comment_status":"open","ping_status":"open","sticky":false,"template":"","format":"standard","meta":{"_monsterinsights_skip_tracking":false,"_monsterinsights_sitenote_active":false,"_monsterinsights_sitenote_note":"","_monsterinsights_sitenote_category":0,"footnotes":"","jetpack_publicize_message":"","jetpack_publicize_feature_enabled":true,"jetpack_social_post_already_shared":true,"jetpack_social_options":{"image_generator_settings":{"template":"highway","default_image_id":0,"font":"","enabled":false},"version":2}},"categories":[2],"tags":[],"class_list":["post-9382","post","type-post","status-publish","format-standard","has-post-thumbnail","hentry","category-politica"],"jetpack_publicize_connections":[],"_links":{"self":[{"href":"https:\/\/www.enorsai.com\/noticias\/wp-json\/wp\/v2\/posts\/9382","targetHints":{"allow":["GET"]}}],"collection":[{"href":"https:\/\/www.enorsai.com\/noticias\/wp-json\/wp\/v2\/posts"}],"about":[{"href":"https:\/\/www.enorsai.com\/noticias\/wp-json\/wp\/v2\/types\/post"}],"author":[{"embeddable":true,"href":"https:\/\/www.enorsai.com\/noticias\/wp-json\/wp\/v2\/users\/13"}],"replies":[{"embeddable":true,"href":"https:\/\/www.enorsai.com\/noticias\/wp-json\/wp\/v2\/comments?post=9382"}],"version-history":[{"count":1,"href":"https:\/\/www.enorsai.com\/noticias\/wp-json\/wp\/v2\/posts\/9382\/revisions"}],"predecessor-version":[{"id":9383,"href":"https:\/\/www.enorsai.com\/noticias\/wp-json\/wp\/v2\/posts\/9382\/revisions\/9383"}],"wp:featuredmedia":[{"embeddable":true,"href":"https:\/\/www.enorsai.com\/noticias\/wp-json\/wp\/v2\/media\/9381"}],"wp:attachment":[{"href":"https:\/\/www.enorsai.com\/noticias\/wp-json\/wp\/v2\/media?parent=9382"}],"wp:term":[{"taxonomy":"category","embeddable":true,"href":"https:\/\/www.enorsai.com\/noticias\/wp-json\/wp\/v2\/categories?post=9382"},{"taxonomy":"post_tag","embeddable":true,"href":"https:\/\/www.enorsai.com\/noticias\/wp-json\/wp\/v2\/tags?post=9382"}],"curies":[{"name":"wp","href":"https:\/\/api.w.org\/{rel}","templated":true}]}}