{"id":938,"date":"2025-02-10T07:00:00","date_gmt":"2025-02-10T10:00:00","guid":{"rendered":"https:\/\/www.enorsai.com\/noticias\/?p=938"},"modified":"2025-02-10T06:29:40","modified_gmt":"2025-02-10T09:29:40","slug":"sergio-maldonado-hace-tiempo-quieren-construir-ahi-un-centro-de-esqui","status":"publish","type":"post","link":"https:\/\/www.enorsai.com\/noticias\/sociedad\/sergio-maldonado-hace-tiempo-quieren-construir-ahi-un-centro-de-esqui\/","title":{"rendered":"Sergio Maldonado: \u00abHace tiempo quieren construir ah\u00ed un Centro de Esqu\u00ed\u00bb"},"content":{"rendered":"\n<p><strong><em>Las detenciones arbitrarias de brigadistas, la estigmatizaci\u00f3n de comunidades mapuches y la inacci\u00f3n estatal ante los incendios en El Bols\u00f3n revelan una realidad alarmante: la posible connivencia entre el poder pol\u00edtico y econ\u00f3mico para transformar tierras arrasadas en nuevos centros de negocio.<\/em><\/strong><\/p>\n\n\n\n<p>El Bols\u00f3n arde. No solo por las llamas que devoran su biodiversidad, sino tambi\u00e9n por la indignaci\u00f3n de una comunidad que observa, impotente, c\u00f3mo el desastre ambiental parece ser la coartada perfecta para intereses mucho m\u00e1s oscuros. En medio del humo, emerge una sospecha que se repite cada temporada de incendios: el fuego no siempre es un accidente.<\/p>\n\n\n\n<p>Las recientes detenciones de tres brigadistas, conocidos por su compromiso en la lucha contra los incendios, despiertan m\u00e1s preguntas que respuestas. Liberados dos de ellos tras una ola de repudio social, persiste la detenci\u00f3n de uno, mientras se consolida un patr\u00f3n preocupante: criminalizar a quienes protegen el territorio y encubrir a quienes se benefician de su devastaci\u00f3n. Sergio Maldonado, referente local y hermano de Santiago, no duda en se\u00f1alar el trasfondo de estos hechos. \u00abSiempre es m\u00e1s f\u00e1cil culpar a los mapuches o a los propios brigadistas que apuntar hacia quienes realmente se benefician de la destrucci\u00f3n del bosque\u00bb, afirma.<\/p>\n\n\n\n<figure class=\"wp-block-embed is-type-video is-provider-youtube wp-block-embed-youtube wp-embed-aspect-16-9 wp-has-aspect-ratio\"><div class=\"wp-block-embed__wrapper\">\n<iframe loading=\"lazy\" title=\"Incendios en El Bols\u00f3n: &quot;Hace tiempo quieren construir ah\u00ed un Centro de Esqu\u00ed&quot; | Sergio Maldonado\" width=\"640\" height=\"360\" src=\"https:\/\/www.youtube.com\/embed\/mDRJ2gP9MMM?feature=oembed\" frameborder=\"0\" allow=\"accelerometer; autoplay; clipboard-write; encrypted-media; gyroscope; picture-in-picture; web-share\" referrerpolicy=\"strict-origin-when-cross-origin\" allowfullscreen><\/iframe>\n<\/div><\/figure>\n\n\n\n<p>La narrativa oficial se sostiene sobre un delicado equilibrio de desinformaci\u00f3n y estigmatizaci\u00f3n. La ausencia del Estado no es casual ni in\u00facil: facilita el avance de intereses privados, especialmente aquellos vinculados a desarrollos inmobiliarios y proyectos tur\u00edsticos. \u00abHace tiempo que quieren construir ah\u00ed un centro de esqu\u00ed\u00bb, advierten los vecinos, dejando al descubierto una verdad inc\u00f3moda: la tierra quemada es m\u00e1s f\u00e1cil de negociar.<\/p>\n\n\n\n<p>El modus operandi se repite. Tras los incendios, llegan los alambrados, los permisos de construcci\u00f3n y las inversiones extranjeras. Detr\u00e1s de la devastaci\u00f3n, emergen apellidos vinculados al poder econ\u00f3mico concentrado, como el del magnate brit\u00e1nico Joe Lewis, conocido por sus controvertidas adquisiciones de tierras en la Patagonia. La presencia de \u00abgauchos\u00bb que reprimen manifestantes y protegen intereses privados bajo la mirada c\u00f3mplice de fuerzas de seguridad es solo otro s\u00edntoma de un problema estructural: el Estado no est\u00e1 ausente, est\u00e1 al servicio de otros intereses.<\/p>\n\n\n\n<p>El gobierno de Javier Milei, en su cruzada por desmantelar el Estado, parece haber encontrado en la Patagonia un laboratorio perfecto para su experimento neoliberal. La desregulaci\u00f3n y la falta de pol\u00edticas ambientales activas no son errores ni omisiones, sino parte de una estrategia que favorece la expansi\u00f3n de negocios privados a costa del bien com\u00fan. La criminalizaci\u00f3n de los brigadistas y la represi\u00f3n de las comunidades organizadas son el brazo ejecutor de un modelo que prioriza el lucro sobre la vida.<\/p>\n\n\n\n<div class=\"wp-block-jetpack-related-posts\">\n<h2 class=\"wp-block-heading\"><\/h2>\n<\/div>\n\n\n\n<p>En este escenario, la desinformaci\u00f3n cumple un rol clave. Se construye un enemigo interno difuso y funcional: el \u00abterrorista mapuche\u00bb, el \u00abambientalista radical\u00bb, el \u00abbrigadista infiltrado\u00bb. La divisi\u00f3n social se profundiza mientras el verdadero enemigo avanza entre cenizas y negociados. La represi\u00f3n se viste de legalidad, y la protesta, de delito.<\/p>\n\n\n\n<p>Pero la resistencia tambi\u00e9n crece. Las movilizaciones en defensa del territorio, las redes de solidaridad y la denuncia p\u00fablica rompen el cerco medi\u00e1tico y desaf\u00edan la narrativa oficial. En cada brigadista injustamente detenido, en cada vecino que alza la voz, se enciende una chispa de rebeld\u00eda contra el saqueo encubierto.<\/p>\n\n\n\n<p>El Bols\u00f3n no solo arde por la sequ\u00eda o el viento. Arde porque hay quienes ven en sus cenizas una oportunidad de negocio. Arde porque el fuego es un arma en una guerra silenciosa por la tierra. Y arde, sobre todo, porque hay quienes se niegan a dejar que las llamas consuman tambi\u00e9n la memoria y la dignidad de un pueblo que resiste.<\/p>\n\n\n\n<p><\/p>\n\n\n","protected":false},"excerpt":{"rendered":"<p>Los incendios en El Bols\u00f3n revelan un trasfondo de especulaci\u00f3n inmobiliaria y represi\u00f3n estatal. Sergio Maldonado denuncia la criminalizaci\u00f3n de brigadistas y comunidades mapuches, mientras avanzan proyectos tur\u00edsticos en tierras devastadas por el fuego. La falta de respuesta oficial agrava la sospecha de intereses privados vinculados al gobierno de Milei.<\/p>\n","protected":false},"author":1,"featured_media":939,"comment_status":"open","ping_status":"open","sticky":false,"template":"","format":"standard","meta":{"_monsterinsights_skip_tracking":false,"_monsterinsights_sitenote_active":false,"_monsterinsights_sitenote_note":"","_monsterinsights_sitenote_category":0,"footnotes":"","jetpack_publicize_message":"","jetpack_publicize_feature_enabled":true,"jetpack_social_post_already_shared":true,"jetpack_social_options":{"image_generator_settings":{"template":"highway","default_image_id":0,"font":"","enabled":false},"version":2}},"categories":[4],"tags":[130,119,169,121,365],"class_list":["post-938","post","type-post","status-publish","format-standard","has-post-thumbnail","hentry","category-sociedad","tag-especulacion","tag-incendios","tag-mapuches","tag-medioambiente","tag-represion"],"jetpack_publicize_connections":[],"_links":{"self":[{"href":"https:\/\/www.enorsai.com\/noticias\/wp-json\/wp\/v2\/posts\/938","targetHints":{"allow":["GET"]}}],"collection":[{"href":"https:\/\/www.enorsai.com\/noticias\/wp-json\/wp\/v2\/posts"}],"about":[{"href":"https:\/\/www.enorsai.com\/noticias\/wp-json\/wp\/v2\/types\/post"}],"author":[{"embeddable":true,"href":"https:\/\/www.enorsai.com\/noticias\/wp-json\/wp\/v2\/users\/1"}],"replies":[{"embeddable":true,"href":"https:\/\/www.enorsai.com\/noticias\/wp-json\/wp\/v2\/comments?post=938"}],"version-history":[{"count":1,"href":"https:\/\/www.enorsai.com\/noticias\/wp-json\/wp\/v2\/posts\/938\/revisions"}],"predecessor-version":[{"id":940,"href":"https:\/\/www.enorsai.com\/noticias\/wp-json\/wp\/v2\/posts\/938\/revisions\/940"}],"wp:featuredmedia":[{"embeddable":true,"href":"https:\/\/www.enorsai.com\/noticias\/wp-json\/wp\/v2\/media\/939"}],"wp:attachment":[{"href":"https:\/\/www.enorsai.com\/noticias\/wp-json\/wp\/v2\/media?parent=938"}],"wp:term":[{"taxonomy":"category","embeddable":true,"href":"https:\/\/www.enorsai.com\/noticias\/wp-json\/wp\/v2\/categories?post=938"},{"taxonomy":"post_tag","embeddable":true,"href":"https:\/\/www.enorsai.com\/noticias\/wp-json\/wp\/v2\/tags?post=938"}],"curies":[{"name":"wp","href":"https:\/\/api.w.org\/{rel}","templated":true}]}}