{"id":9377,"date":"2025-10-06T06:56:56","date_gmt":"2025-10-06T09:56:56","guid":{"rendered":"https:\/\/www.enorsai.com\/noticias\/politica\/hola-edu-no-me-bajo-nada-espert-se-bajo-igual-y-se-convirtio-en-el-hazmerreir-de-las-redes\/"},"modified":"2025-10-06T06:56:56","modified_gmt":"2025-10-06T09:56:56","slug":"hola-edu-no-me-bajo-nada-espert-se-bajo-igual-y-se-convirtio-en-el-hazmerreir-de-las-redes","status":"publish","type":"post","link":"https:\/\/www.enorsai.com\/noticias\/politica\/hola-edu-no-me-bajo-nada-espert-se-bajo-igual-y-se-convirtio-en-el-hazmerreir-de-las-redes\/","title":{"rendered":"\u201cHola Edu, no me bajo nada\u201d: Espert se baj\u00f3 igual y se convirti\u00f3 en el hazmerre\u00edr de las redes"},"content":{"rendered":"\n<p>Jos\u00e9 Luis Espert logr\u00f3 en menos de 24 horas lo que pocos pol\u00edticos consiguen: desmentirse a s\u00ed mismo en tiempo r\u00e9cord y transformarse en el protagonista de la burla colectiva m\u00e1s viral del fin de se<\/p>\n\n\n\n<p>mana. \u201cHola Edu! No me bajo nada\u201d, escribi\u00f3 desafiante en X (ex Twitter) respondiendo a Eduardo Feinmann, que hab\u00eda anticipado su renuncia. Apenas unas horas despu\u00e9s, el mismo Espert anunciaba su salida de la candidatura a diputado por la provincia de Buenos Aires. Un bochorno de manual.<br><br>La escena fue tan absurda que ni los humoristas necesitaron intervenir: las redes hicieron su trabajo. Memes, capturas, videos y chistes se multiplicaron sin descanso. El \u201cno me bajo nada\u201d se transform\u00f3 en un lema invertido, una suerte de epitafio digital que acompa\u00f1\u00f3 al economista en su ca\u00edda libre de credibilidad. En pocas horas pas\u00f3 de hacerse el valiente ante Feinmann a ser el protagonista de la comedia pol\u00edtica del a\u00f1o.<br><br>Mientras los usuarios explotaban en iron\u00edas, desde el propio oficialismo se filtraban las verdaderas razones: la presi\u00f3n directa de Javier Milei para que bajara su candidatura, despu\u00e9s de que estallaran los esc\u00e1ndalos por sus v\u00ednculos con el empresario detenido por narcotr\u00e1fico Federico \u201cFred\u201d Machado. Espert hab\u00eda admitido que utiliz\u00f3 los aviones privados del empresario en m\u00e1s de 17 oportunidades, pero jura que \u201cno sab\u00eda\u201d con qui\u00e9n volaba. Una inocencia tan conveniente como poco cre\u00edble.<\/p>\n\n\n\n<figure class=\"wp-block-embed is-type-rich is-provider-twitter wp-block-embed-twitter\"><div class=\"wp-block-embed__wrapper\">\n<blockquote class=\"twitter-tweet\" data-width=\"550\" data-dnt=\"true\"><p lang=\"es\" dir=\"ltr\">Hola Edu!<br>No me bajo nada.<br>Te veo el lunes en tu programa de A24.<br>Salute! <a href=\"https:\/\/t.co\/2UFq3esrvg\">https:\/\/t.co\/2UFq3esrvg<\/a><\/p>&mdash; Jos\u00e9 Luis Espert (@jlespert) <a href=\"https:\/\/twitter.com\/jlespert\/status\/1974281955639504922?ref_src=twsrc%5Etfw\">October 4, 2025<\/a><\/blockquote><script async src=\"https:\/\/platform.twitter.com\/widgets.js\" charset=\"utf-8\"><\/script>\n<\/div><\/figure>\n\n\n\n<p><br><br>En la Casa Rosada intentaron minimizar el papel\u00f3n, pero la secuencia fue demasiado grotesca. Primero el tuit de macho alfa libertario (\u201cno me bajo nada\u201d), despu\u00e9s el silencio inc\u00f3modo, y finalmente la renuncia envuelta en un comunicado tibio. Milei lo hab\u00eda citado en Olivos d\u00edas antes, en una reuni\u00f3n que supuestamente buscaba \u201calinear estrategias\u201d. Traducido del mile\u00edsmo al castellano: lo bajaron.<br><br>Eduardo Feinmann, el destinatario original del tuit desafiante, no dej\u00f3 pasar la oportunidad y devolvi\u00f3 el golpe con iron\u00eda quir\u00fargica. \u201c\u00bfTe espero igual ma\u00f1ana a las 18:30? La silla estar\u00e1 esperando en A24. Salute\u201d, escribi\u00f3, completando el c\u00edrculo del rid\u00edculo. Lo que comenz\u00f3 como un intercambio de egos televisivos termin\u00f3 convertido en una comedia pol\u00edtica digna de sketch de Peter Capusotto.<\/p>\n\n\n\n<figure class=\"wp-block-embed is-type-rich is-provider-twitter wp-block-embed-twitter\"><div class=\"wp-block-embed__wrapper\">\n<blockquote class=\"twitter-tweet\" data-width=\"550\" data-dnt=\"true\"><p lang=\"es\" dir=\"ltr\"><a href=\"https:\/\/twitter.com\/jlespert?ref_src=twsrc%5Etfw\">@jlespert<\/a> te espero igual ma\u00f1ana a las 18:30 ?   La silla estar\u00e1 esperando.  <a href=\"https:\/\/twitter.com\/A24COM?ref_src=twsrc%5Etfw\">@A24COM<\/a>  Salute! <a href=\"https:\/\/t.co\/7BEBBjPFx0\">https:\/\/t.co\/7BEBBjPFx0<\/a><\/p>&mdash; Eduardo Feinmann (@edufeiok) <a href=\"https:\/\/twitter.com\/edufeiok\/status\/1974965017201258721?ref_src=twsrc%5Etfw\">October 5, 2025<\/a><\/blockquote><script async src=\"https:\/\/platform.twitter.com\/widgets.js\" charset=\"utf-8\"><\/script>\n<\/div><\/figure>\n\n\n\n<p><br><br>La ca\u00edda de Espert es, adem\u00e1s, un s\u00edntoma del momento libertario: dirigentes que se desdicen, candidatos que duran menos que un tuit, y un gobierno que acumula papelones como si fueran medallas. La contradicci\u00f3n de Espert \u2014negar su renuncia y terminar baj\u00e1ndose igual\u2014 se volvi\u00f3 una met\u00e1fora perfecta del mile\u00edsmo en ejercicio: la arrogancia primero, la improvisaci\u00f3n despu\u00e9s, y el bochorno al final.<br><br>En definitiva, el economista que se cans\u00f3 de dar lecciones sobre coherencia, disciplina y \u201cla superioridad moral del mercado\u201d, termin\u00f3 siendo v\u00edctima de su propio libreto. Se subi\u00f3 a la soberbia y se baj\u00f3 de la lista. Y esta vez, ni los trolls libertarios pudieron salvarlo del rid\u00edculo.<\/p>\n","protected":false},"excerpt":{"rendered":"<p>Jos\u00e9 Luis Espert logr\u00f3 en menos de 24 horas lo que pocos pol\u00edticos consiguen: desmentirse a s\u00ed mismo en tiempo r\u00e9cord y transformarse en el protagonista de la burla colectiva m\u00e1s viral del fin de se mana. \u201cHola Edu! No me bajo nada\u201d, escribi\u00f3 desafiante en X (ex Twitter) respondiendo a Eduardo Feinmann, que hab\u00eda&#8230;<\/p>\n","protected":false},"author":11,"featured_media":9376,"comment_status":"open","ping_status":"open","sticky":false,"template":"","format":"standard","meta":{"_monsterinsights_skip_tracking":false,"_monsterinsights_sitenote_active":false,"_monsterinsights_sitenote_note":"","_monsterinsights_sitenote_category":0,"footnotes":"","jetpack_publicize_message":"","jetpack_publicize_feature_enabled":true,"jetpack_social_post_already_shared":true,"jetpack_social_options":{"image_generator_settings":{"template":"highway","default_image_id":0,"font":"","enabled":false},"version":2}},"categories":[2],"tags":[],"class_list":["post-9377","post","type-post","status-publish","format-standard","has-post-thumbnail","hentry","category-politica"],"jetpack_publicize_connections":[],"_links":{"self":[{"href":"https:\/\/www.enorsai.com\/noticias\/wp-json\/wp\/v2\/posts\/9377","targetHints":{"allow":["GET"]}}],"collection":[{"href":"https:\/\/www.enorsai.com\/noticias\/wp-json\/wp\/v2\/posts"}],"about":[{"href":"https:\/\/www.enorsai.com\/noticias\/wp-json\/wp\/v2\/types\/post"}],"author":[{"embeddable":true,"href":"https:\/\/www.enorsai.com\/noticias\/wp-json\/wp\/v2\/users\/11"}],"replies":[{"embeddable":true,"href":"https:\/\/www.enorsai.com\/noticias\/wp-json\/wp\/v2\/comments?post=9377"}],"version-history":[{"count":0,"href":"https:\/\/www.enorsai.com\/noticias\/wp-json\/wp\/v2\/posts\/9377\/revisions"}],"wp:featuredmedia":[{"embeddable":true,"href":"https:\/\/www.enorsai.com\/noticias\/wp-json\/wp\/v2\/media\/9376"}],"wp:attachment":[{"href":"https:\/\/www.enorsai.com\/noticias\/wp-json\/wp\/v2\/media?parent=9377"}],"wp:term":[{"taxonomy":"category","embeddable":true,"href":"https:\/\/www.enorsai.com\/noticias\/wp-json\/wp\/v2\/categories?post=9377"},{"taxonomy":"post_tag","embeddable":true,"href":"https:\/\/www.enorsai.com\/noticias\/wp-json\/wp\/v2\/tags?post=9377"}],"curies":[{"name":"wp","href":"https:\/\/api.w.org\/{rel}","templated":true}]}}