{"id":9373,"date":"2025-10-05T21:48:21","date_gmt":"2025-10-06T00:48:21","guid":{"rendered":"https:\/\/www.enorsai.com\/noticias\/?p=9373"},"modified":"2025-10-05T21:57:32","modified_gmt":"2025-10-06T00:57:32","slug":"la-confesion-de-milei-en-vivo-admitio-haber-interferido-en-la-justicia-para-perseguir-a-cfk","status":"publish","type":"post","link":"https:\/\/www.enorsai.com\/noticias\/politica\/la-confesion-de-milei-en-vivo-admitio-haber-interferido-en-la-justicia-para-perseguir-a-cfk\/","title":{"rendered":"La confesi\u00f3n de Milei en vivo: admiti\u00f3 haber interferido en la Justicia para perseguir a CFK"},"content":{"rendered":"\n<p>En una frase tan imprudente como reveladora, el propio presidente reconoci\u00f3 p\u00fablicamente haber \u201ctomado la decisi\u00f3n\u201d de meter presa a la exmandataria, dejando al descubierto el uso pol\u00edtico del Poder Judicial como herramienta de venganza y persecuci\u00f3n.<br><br>Lejos de cualquier l\u00edmite institucional, Javier Milei volvi\u00f3 a exponer su desprecio por la divisi\u00f3n de poderes al atribuirse una potestad que solo le corresponde a los tribunales. Su declaraci\u00f3n sobre Cristina Fern\u00e1ndez de Kirchner desnuda no solo una peligrosa confesi\u00f3n de interferencia judicial, sino tambi\u00e9n la matriz autoritaria que atraviesa su gobierno.<br><br>En una nueva muestra de descontrol verbal y desprecio por la institucionalidad democr\u00e1tica, Javier Milei declar\u00f3 p\u00fablicamente que la renuncia de Jos\u00e9 Luis Espert se deb\u00eda a \u201cuna venganza porque soy el primer presidente que tom\u00f3 la decisi\u00f3n de meter presa a Cristina\u201d. La frase, pronunciada con total liviandad, equivale a una confesi\u00f3n expl\u00edcita de injerencia directa sobre el Poder Judicial, algo que en cualquier democracia sana ser\u00eda considerado un esc\u00e1ndalo institucional de primer orden.<br><br>Con esas palabras, Milei no solo reconoci\u00f3 haber impulsado \u2014o al menos intentado\u2014 una persecuci\u00f3n pol\u00edtica contra la ex presidenta Cristina Fern\u00e1ndez de Kirchner, sino que adem\u00e1s asumi\u00f3 con orgullo el rol de jefe pol\u00edtico de un Poder Judicial subordinado, como si los jueces fueran empleados a su servicio. En la historia argentina reciente, ni siquiera los gobiernos m\u00e1s cuestionados por el uso pol\u00edtico de la Justicia se hab\u00edan atrevido a decirlo tan abiertamente.<br><br>La afirmaci\u00f3n de Milei tiene implicancias grav\u00edsimas: revela que las causas contra la exmandataria no son el resultado de un proceso judicial independiente, sino parte de una estrategia pol\u00edtica coordinada desde la Casa Rosada. El presidente no habla como un observador externo, sino como el autor intelectual de una persecuci\u00f3n que \u00e9l mismo denomina \u201cdecisi\u00f3n\u201d.<br><\/p>\n\n\n\n<figure class=\"wp-block-embed is-type-rich is-provider-twitter wp-block-embed-twitter\"><div class=\"wp-block-embed__wrapper\">\n<blockquote class=\"twitter-tweet\" data-width=\"550\" data-dnt=\"true\"><p lang=\"es\" dir=\"ltr\">&quot;Esto es la venganza porque soy el primer presidente que TOM\u00d3 LA DECISI\u00d3N de meter presa a Cristina&quot;<br><br>Confes\u00f3. Destituci\u00f3n inmediata <a href=\"https:\/\/t.co\/FI6I4gc5uK\">pic.twitter.com\/FI6I4gc5uK<\/a><\/p>&mdash; Arrepentidos de Milei (@ArrepentidosLLA) <a href=\"https:\/\/twitter.com\/ArrepentidosLLA\/status\/1974991405996298686?ref_src=twsrc%5Etfw\">October 6, 2025<\/a><\/blockquote><script async src=\"https:\/\/platform.twitter.com\/widgets.js\" charset=\"utf-8\"><\/script>\n<\/div><\/figure>\n\n\n\n<p><br>Esta admisi\u00f3n p\u00fablica, adem\u00e1s, refuerza la visi\u00f3n de que el gobierno libertario utiliza el aparato judicial como un instrumento de disciplinamiento y revancha pol\u00edtica. La supuesta \u201cvenganza\u201d que menciona Milei es, en realidad, la venganza del poder econ\u00f3mico y medi\u00e1tico que lo sostiene, contra un proyecto pol\u00edtico que durante a\u00f1os defendi\u00f3 la soberan\u00eda nacional y los derechos sociales.<br><br>En democracia, el Poder Ejecutivo no puede \u2014ni debe\u2014 \u201cmeter presa\u201d a nadie. Esa tarea corresponde exclusivamente al Poder Judicial, dentro de los l\u00edmites que impone la Constituci\u00f3n. Cuando el propio presidente se jacta de haber tomado esa decisi\u00f3n, lo que est\u00e1 diciendo es que el pa\u00eds vive bajo un esquema de poder concentrado, donde la justicia act\u00faa al comp\u00e1s de las \u00f3rdenes del Ejecutivo.<br><br>El mensaje tambi\u00e9n deja en evidencia la matriz de impunidad que rodea al gobierno. Mientras Milei confiesa haber presionado a la Justicia contra Cristina Fern\u00e1ndez de Kirchner, guarda silencio ante las causas que salpican a su entorno m\u00e1s cercano: los negociados financieros del caso Libra, las coimas del 3%, la estafa a los productores y las conexiones del ahora exdiputado Espert con el empresario detenido por narcotr\u00e1fico Federico \u201cFred\u201d Machado.<br><br>La frase de Milei no es un exabrupto m\u00e1s. Es la prueba de que el discurso del \u201cfin de la casta\u201d y la \u201crep\u00fablica\u201d fue apenas un envoltorio para justificar una ofensiva autoritaria, que busca disciplinar a la oposici\u00f3n pol\u00edtica, perseguir a la dirigencia sindical y someter al Poder Judicial a la voluntad del Ejecutivo.<br><br>Confesar p\u00fablicamente que \u201ctom\u00f3 la decisi\u00f3n\u201d de meter presa a una dirigente pol\u00edtica opositora no es solo un acto de soberbia; es una confesi\u00f3n de culpabilidad institucional. Milei dej\u00f3 de ser un presidente pol\u00e9mico para convertirse, con sus propias palabras, en el s\u00edmbolo del ataque m\u00e1s frontal al Estado de derecho desde el retorno de la democracia.<br><br>La pregunta que queda flotando es inquietante: si hoy el presidente se adjudica el poder de encarcelar a una ex presidenta, \u00bfqu\u00e9 l\u00edmites tendr\u00e1 ma\u00f1ana frente a cualquier ciudadano o dirigente que se atreva a cuestionarlo?<\/p>\n","protected":false},"excerpt":{"rendered":"<p>En una frase tan imprudente como reveladora, el propio presidente reconoci\u00f3 p\u00fablicamente haber \u201ctomado la decisi\u00f3n\u201d de meter presa a la exmandataria, dejando al descubierto el uso pol\u00edtico del Poder Judicial como herramienta de venganza y persecuci\u00f3n. Lejos de cualquier l\u00edmite institucional, Javier Milei volvi\u00f3 a exponer su desprecio por la divisi\u00f3n de poderes al&#8230;<\/p>\n","protected":false},"author":9,"featured_media":9372,"comment_status":"open","ping_status":"open","sticky":false,"template":"","format":"standard","meta":{"_monsterinsights_skip_tracking":false,"_monsterinsights_sitenote_active":false,"_monsterinsights_sitenote_note":"","_monsterinsights_sitenote_category":0,"footnotes":"","jetpack_publicize_message":"","jetpack_publicize_feature_enabled":true,"jetpack_social_post_already_shared":true,"jetpack_social_options":{"image_generator_settings":{"template":"highway","default_image_id":0,"font":"","enabled":false},"version":2}},"categories":[2],"tags":[],"class_list":["post-9373","post","type-post","status-publish","format-standard","has-post-thumbnail","hentry","category-politica"],"jetpack_publicize_connections":[],"_links":{"self":[{"href":"https:\/\/www.enorsai.com\/noticias\/wp-json\/wp\/v2\/posts\/9373","targetHints":{"allow":["GET"]}}],"collection":[{"href":"https:\/\/www.enorsai.com\/noticias\/wp-json\/wp\/v2\/posts"}],"about":[{"href":"https:\/\/www.enorsai.com\/noticias\/wp-json\/wp\/v2\/types\/post"}],"author":[{"embeddable":true,"href":"https:\/\/www.enorsai.com\/noticias\/wp-json\/wp\/v2\/users\/9"}],"replies":[{"embeddable":true,"href":"https:\/\/www.enorsai.com\/noticias\/wp-json\/wp\/v2\/comments?post=9373"}],"version-history":[{"count":2,"href":"https:\/\/www.enorsai.com\/noticias\/wp-json\/wp\/v2\/posts\/9373\/revisions"}],"predecessor-version":[{"id":9375,"href":"https:\/\/www.enorsai.com\/noticias\/wp-json\/wp\/v2\/posts\/9373\/revisions\/9375"}],"wp:featuredmedia":[{"embeddable":true,"href":"https:\/\/www.enorsai.com\/noticias\/wp-json\/wp\/v2\/media\/9372"}],"wp:attachment":[{"href":"https:\/\/www.enorsai.com\/noticias\/wp-json\/wp\/v2\/media?parent=9373"}],"wp:term":[{"taxonomy":"category","embeddable":true,"href":"https:\/\/www.enorsai.com\/noticias\/wp-json\/wp\/v2\/categories?post=9373"},{"taxonomy":"post_tag","embeddable":true,"href":"https:\/\/www.enorsai.com\/noticias\/wp-json\/wp\/v2\/tags?post=9373"}],"curies":[{"name":"wp","href":"https:\/\/api.w.org\/{rel}","templated":true}]}}