{"id":9363,"date":"2025-10-05T13:18:43","date_gmt":"2025-10-05T16:18:43","guid":{"rendered":"https:\/\/www.enorsai.com\/noticias\/?p=9363"},"modified":"2025-10-05T13:33:33","modified_gmt":"2025-10-05T16:33:33","slug":"escandalo-la-corte-suprema-y-el-gobierno-de-milei-bajo-sospecha-por-proteger-al-narco-fred-machado","status":"publish","type":"post","link":"https:\/\/www.enorsai.com\/noticias\/politica\/escandalo-la-corte-suprema-y-el-gobierno-de-milei-bajo-sospecha-por-proteger-al-narco-fred-machado\/","title":{"rendered":"\u00a1Esc\u00e1ndalo! La Corte Suprema y el Gobierno de Milei bajo sospecha por proteger al narco Fred Machado"},"content":{"rendered":"\n<p>Juan Grabois expuso en redes una serie de v\u00ednculos entre funcionarios del gobierno de Javier Milei, abogados cercanos al Presidente y el empresario narcotraficante Fred Machado, cuya extradici\u00f3n a Estados Unidos lleva a\u00f1os demorada.<br \/><br \/>El referente social acus\u00f3 a la Corte Suprema y al gobierno nacional de obstaculizar deliberadamente la entrega del capo narco a la justicia norteamericana. Seg\u00fan Grabois, si Machado declara en Texas podr\u00eda revelar una trama de financiamiento pol\u00edtico y complicidades judiciales que comprometen al oficialismo.<br \/><br \/>Juan Grabois volvi\u00f3 a encender las alarmas en la pol\u00edtica argentina con una denuncia que combina poder, dinero y narcotr\u00e1fico. En una publicaci\u00f3n en su cuenta de X, el dirigente del Frente Patria Grande apunt\u00f3 directamente contra el gobierno de Javier Milei y la Corte Suprema por la escandalosa demora en la extradici\u00f3n del empresario Fred Machado, detenido hace m\u00e1s de tres a\u00f1os por v\u00ednculos con el narcotr\u00e1fico internacional y el lavado de dinero.<br \/><br \/>Seg\u00fan Grabois, el Juzgado Federal de Neuqu\u00e9n, a cargo del juez Gustavo Villanueva, ya cumpli\u00f3 todos los pasos procesales necesarios y respondi\u00f3 de manera correcta los requerimientos judiciales. Sin embargo, la Corte, \u201ctal como solicit\u00f3 Oneto \u2014el abogado que comparten el narco Fred Machado y el presidente Javier Milei\u2014\u201d, contin\u00faa dilatando una decisi\u00f3n que, a esta altura, parece m\u00e1s pol\u00edtica que jur\u00eddica.<\/p>\n\n\n\n<figure class=\"wp-block-embed is-type-rich is-provider-twitter wp-block-embed-twitter\"><div class=\"wp-block-embed__wrapper\">\n<blockquote class=\"twitter-tweet\" data-width=\"550\" data-dnt=\"true\"><p lang=\"es\" dir=\"ltr\">El Juzgado Federal de Neuqu\u00e9n, a cargo de Gustavo Villanueva cumpliendo adecuadamente la funci\u00f3n que le asigna la Constituci\u00f3n, contest\u00f3 la solicitud rid\u00edcula de la Corte Suprema que sigue dilatando -tal como solicit\u00f3 Oneto, el abogado que comparten el narco Fred Machado y el\u2026 <a href=\"https:\/\/t.co\/5i7fFMn1xi\">pic.twitter.com\/5i7fFMn1xi<\/a><\/p>&mdash; Juan Grabois (@JuanGrabois) <a href=\"https:\/\/twitter.com\/JuanGrabois\/status\/1974861827763769407?ref_src=twsrc%5Etfw\">October 5, 2025<\/a><\/blockquote><script async src=\"https:\/\/platform.twitter.com\/widgets.js\" charset=\"utf-8\"><\/script>\n<\/div><\/figure>\n\n\n\n<p><br>El dirigente fue a\u00fan m\u00e1s lejos: sostuvo que existe una \u201cdesesperaci\u00f3n evidente\u201d dentro del gobierno porque Machado podr\u00eda viajar a Texas y declarar en el marco de un plea agreement (acuerdo con el fiscal) que dejar\u00eda al descubierto \u201cla totalidad de la trama narcopol\u00edtica\u201d que hasta ahora s\u00f3lo se conoce parcialmente. Las palabras son graves y resonaron fuerte en las redes, sobre todo porque involucran a figuras clave del gabinete nacional.<br><br>Grabois se\u00f1al\u00f3 que la ministra de Seguridad, Patricia Bullrich, habr\u00eda llamado al fiscal Diego Iglesias, titular de la PROCUNAR, para obtener informaci\u00f3n directa sobre el proceso de extradici\u00f3n. Si eso se confirma, ser\u00eda un hecho de extrema gravedad institucional: una funcionaria pol\u00edtica interfiriendo en una causa judicial que podr\u00eda salpicar a su propio gobierno.<br><br>El hilo de conexiones que el dirigente describe no termina ah\u00ed. C\u00faneo Libarona, ministro de Justicia, figura entre los abogados que representaron a Jos\u00e9 Luis Espert \u2014actual diputado oficialista\u2014 y a Lorena Villaverde, apodada \u201cla narcodiputada\u201d, pareja de Lechuga Ciccarelli, se\u00f1alado como testaferro de Fred Machado. Una red que, seg\u00fan Grabois, muestra la profundidad de los v\u00ednculos entre la estructura narco y sectores del poder pol\u00edtico que hoy administran el Estado.<br><br>La causa por la extradici\u00f3n de Machado, que ya cumpli\u00f3 todos los requisitos legales, se convirti\u00f3 en un nuevo emblema del doble est\u00e1ndar judicial argentino. Mientras la Corte Suprema logr\u00f3 proscribir electoralmente a Cristina Fern\u00e1ndez de Kirchner en apenas 70 d\u00edas, lleva m\u00e1s de tres a\u00f1os y cuatro meses sin resolver el pedido de Estados Unidos para que el empresario enfrente a la justicia norteamericana.<br><br>No se trata s\u00f3lo de un expediente demorado: es un s\u00edntoma del deterioro institucional que atraviesa el pa\u00eds. Un Poder Judicial que act\u00faa con celeridad cuando se trata de perseguir opositores, pero se vuelve inerte cuando debe investigar o extraditar a quienes podr\u00edan revelar los nexos oscuros entre el narcotr\u00e1fico y el poder pol\u00edtico.<br><br>Grabois cerr\u00f3 su denuncia con una frase que condensa el clima de sospecha: \u201cTodos los requisitos legales para proceder a la extradici\u00f3n est\u00e1n sobradamente cumplidos. Si esto no sucede en las pr\u00f3ximas horas, es porque la Corte lo protege. No hay alternativas\u201d.<br><br>La contundencia del mensaje dej\u00f3 expuesta una realidad inc\u00f3moda para el gobierno de Javier Milei. Entre el discurso de \u201cmoralidad y orden\u201d que proclama y las sombras que rodean a varios de sus aliados, se abre una grieta profunda. Y en esa grieta asoma una pregunta inevitable: \u00bfcu\u00e1nta verdad puede soportar el poder antes de caer en su propio laberinto de complicidades?<\/p>\n","protected":false},"excerpt":{"rendered":"<p>Juan Grabois expuso en redes una serie de v\u00ednculos entre funcionarios del gobierno de Javier Milei, abogados cercanos al Presidente y el empresario narcotraficante Fred Machado, cuya extradici\u00f3n a Estados Unidos lleva a\u00f1os demorada. El referente social acus\u00f3 a la Corte Suprema y al gobierno nacional de obstaculizar deliberadamente la entrega del capo narco a&#8230;<\/p>\n","protected":false},"author":1,"featured_media":9362,"comment_status":"open","ping_status":"open","sticky":false,"template":"","format":"standard","meta":{"_monsterinsights_skip_tracking":false,"_monsterinsights_sitenote_active":false,"_monsterinsights_sitenote_note":"","_monsterinsights_sitenote_category":0,"footnotes":"","jetpack_publicize_message":"","jetpack_publicize_feature_enabled":true,"jetpack_social_post_already_shared":true,"jetpack_social_options":{"image_generator_settings":{"template":"highway","default_image_id":0,"font":"","enabled":false},"version":2}},"categories":[2],"tags":[262,75,646,923,3569,599,70,45,303],"class_list":["post-9363","post","type-post","status-publish","format-standard","has-post-thumbnail","hentry","category-politica","tag-bullrich","tag-corrupcion","tag-cortesuprema","tag-espert","tag-extradicion","tag-grabois","tag-justicia","tag-milei","tag-narcotrafico"],"jetpack_publicize_connections":[],"_links":{"self":[{"href":"https:\/\/www.enorsai.com\/noticias\/wp-json\/wp\/v2\/posts\/9363","targetHints":{"allow":["GET"]}}],"collection":[{"href":"https:\/\/www.enorsai.com\/noticias\/wp-json\/wp\/v2\/posts"}],"about":[{"href":"https:\/\/www.enorsai.com\/noticias\/wp-json\/wp\/v2\/types\/post"}],"author":[{"embeddable":true,"href":"https:\/\/www.enorsai.com\/noticias\/wp-json\/wp\/v2\/users\/1"}],"replies":[{"embeddable":true,"href":"https:\/\/www.enorsai.com\/noticias\/wp-json\/wp\/v2\/comments?post=9363"}],"version-history":[{"count":2,"href":"https:\/\/www.enorsai.com\/noticias\/wp-json\/wp\/v2\/posts\/9363\/revisions"}],"predecessor-version":[{"id":9365,"href":"https:\/\/www.enorsai.com\/noticias\/wp-json\/wp\/v2\/posts\/9363\/revisions\/9365"}],"wp:featuredmedia":[{"embeddable":true,"href":"https:\/\/www.enorsai.com\/noticias\/wp-json\/wp\/v2\/media\/9362"}],"wp:attachment":[{"href":"https:\/\/www.enorsai.com\/noticias\/wp-json\/wp\/v2\/media?parent=9363"}],"wp:term":[{"taxonomy":"category","embeddable":true,"href":"https:\/\/www.enorsai.com\/noticias\/wp-json\/wp\/v2\/categories?post=9363"},{"taxonomy":"post_tag","embeddable":true,"href":"https:\/\/www.enorsai.com\/noticias\/wp-json\/wp\/v2\/tags?post=9363"}],"curies":[{"name":"wp","href":"https:\/\/api.w.org\/{rel}","templated":true}]}}