{"id":9352,"date":"2025-10-05T07:59:40","date_gmt":"2025-10-05T10:59:40","guid":{"rendered":"https:\/\/www.enorsai.com\/noticias\/?p=9352"},"modified":"2025-10-05T08:02:22","modified_gmt":"2025-10-05T11:02:22","slug":"la-corte-proscribio-a-cristina-en-70-dias-pero-lleva-mas-de-3-anos-sin-resolver-la-extradicion-del-narco-financista-de-espert","status":"publish","type":"post","link":"https:\/\/www.enorsai.com\/noticias\/politica\/la-corte-proscribio-a-cristina-en-70-dias-pero-lleva-mas-de-3-anos-sin-resolver-la-extradicion-del-narco-financista-de-espert\/","title":{"rendered":"La Corte proscribi\u00f3 a Cristina en 70 d\u00edas pero lleva m\u00e1s de 3 a\u00f1os sin resolver la extradici\u00f3n del narco financista de Espert"},"content":{"rendered":"\n<p>Mientras la Corte Suprema confirm\u00f3 en apenas 70 d\u00edas la inhabilitaci\u00f3n electoral de Cristina Fern\u00e1ndez de Kirchner, la misma instancia acumula m\u00e1s de 3 a\u00f1os sin resolver la extradici\u00f3n a Estados Unidos de Federico \u201cFred\u201d Machado, empresario detenido y se\u00f1alado como financista del espacio de Jos\u00e9 Luis Espert. La contradicci\u00f3n alimenta la teor\u00eda \u2014y la indignaci\u00f3n pol\u00edtica\u2014 sobre una justicia selectiva.<br><br>La rapidez con la que el m\u00e1ximo tribunal ratific\u00f3 la condena que deja a CFK fuera de las candidaturas contrasta con la lentitud procesal en el expediente que reclama la entrega de un imputado por narcotr\u00e1fico requerido por tribunales norteamericanos. Pol\u00edticos, dirigentes y medios de distintas corrientes interpretan esa diferencia como una se\u00f1al de arbitrariedad institucional; la nota recorre los hechos, las fechas clave y las reacciones p\u00fablicas registradas en los principales portales del pa\u00eds.<br><br>El 10 de junio de 2025 la Corte Suprema ratific\u00f3 la condena en la llamada causa Vialidad y, con ello, dej\u00f3 firme la inhabilitaci\u00f3n que impide a Cristina Fern\u00e1ndez de Kirchner competir en cargos electivos. La decisi\u00f3n, tomada con velocidad y pocas dilaciones procesales, gener\u00f3 alertas inmediatas sobre una proscripci\u00f3n pol\u00edtica que muchos calificaron como in\u00e9dita en su celeridad y efectos. <br><br>Apenas semanas despu\u00e9s la misma Corte aparece en el centro de otra pol\u00e9mica: el expediente de extradici\u00f3n solicitado por Estados Unidos contra Federico Andr\u00e9s \u201cFred\u201d Machado \u2014detenido desde 2021 y vinculado por la Justicia norteamericana a causas por tr\u00e1fico de coca\u00edna, lavado y otros il\u00edcitos\u2014 sigue esperando una definici\u00f3n final del m\u00e1ximo tribunal. Organismos, dirigentes y periodistas han se\u00f1alado que el tr\u00e1mite lleva m\u00e1s de tres a\u00f1os sin una resoluci\u00f3n definitiva, lo que se contrapone con la rapidez desplegada en el fallo contra CFK. <br><br>El caso Machado, adem\u00e1s, cobr\u00f3 relevancia p\u00fablica porque varios portales advirtieron su v\u00ednculo econ\u00f3mico con figuras pol\u00edticas: lo se\u00f1alaron como financista de la campa\u00f1a de Jos\u00e9 Luis Espert y lo vincularon con aportes y favores que ahora embarran la campa\u00f1a del candidato ligado al espacio de Javier Milei. Esas conexiones alimentaron cr\u00edticas sobre intereses pol\u00edticos y econ\u00f3micos que rodean ambos expedientes: la proscripci\u00f3n de una figura del peronismo y la demora en la entrega a la Justicia extranjera de un empresario acusado de narcotr\u00e1fico. <br><br>El reproche p\u00fablico no se limit\u00f3 a un sector: actores pol\u00edticos y referentes sociales expresaron su enojo en redes y comunicados. Voces del peronismo y agrupaciones de derechos civiles calificaron la confirmaci\u00f3n de la condena como un acto de proscripci\u00f3n y denunciaron la selectividad del Poder Judicial. En paralelo, legisladores y columnistas se preguntaron por qu\u00e9 un caso con pedido formal de extradici\u00f3n desde 2021 no tiene a\u00fan su tr\u00e1mite resuelto en la Corte. <br><br>Periodismo de investigaci\u00f3n y cr\u00f3nicas locales ampliaron la foto: desde la descripci\u00f3n de la domiciliaria y la mansi\u00f3n donde Machado cumpli\u00f3 arresto domiciliario, hasta el detalle de los pedidos de la Justicia de Estados Unidos (entre ellos, cargos por tr\u00e1fico y exigencias millonarias de decomiso), las notas muestran un expediente robusto en el exterior que exige una definici\u00f3n judicial en Argentina. Mientras tanto, el relato pol\u00edtico lo convirti\u00f3 en un s\u00edmbolo: \u201ccajoneo\u201d de una extradici\u00f3n frente a la celeridad en una proscripci\u00f3n que altera el calendario electoral. <br><br>La disputa plantea una pregunta institucional m\u00e1s amplia: \u00bfpuede la Justicia administrar tiempos procesales que terminan afectando la competencia pol\u00edtica? Para muchos analistas citados por los medios, la percepci\u00f3n de doble est\u00e1ndar erosiona la confianza en el sistema judicial y politiza a\u00fan m\u00e1s el escenario electoral. Otros juristas consultados \u2014y reportados en la prensa\u2014 recuerdan que cada expediente tiene complejidades propias (controles diplom\u00e1ticos, requisitos de prueba, recursos interpuestos), aunque admiten que la visible diferencia de tiempos alimenta la sospecha p\u00fablica. <br><br>Por \u00faltimo, las declaraciones p\u00fablicas en redes sociales y en pronunciamientos oficiales mantienen la tensi\u00f3n: figuras como referentes del oficialismo y de la oposici\u00f3n utilizaron ambos hechos \u2014la proscripci\u00f3n y la extradici\u00f3n lenta\u2014 para construir narrativas contrapuestas sobre justicia, democracia y persecuci\u00f3n pol\u00edtica. El caso seguir\u00e1 en las tapas mientras la Corte deba dar una respuesta clara sobre el pedido de traslado de Machado y el pa\u00eds digiere las consecuencias pol\u00edticas de la confirmaci\u00f3n judicial que dej\u00f3 fuera de las candidaturas a una de las l\u00edderes con mayor apoyo popular. <\/p>\n","protected":false},"excerpt":{"rendered":"<p>Mientras la Corte Suprema confirm\u00f3 en apenas 70 d\u00edas la inhabilitaci\u00f3n electoral de Cristina Fern\u00e1ndez de Kirchner, la misma instancia acumula m\u00e1s de 3 a\u00f1os sin resolver la extradici\u00f3n a Estados Unidos de Federico \u201cFred\u201d Machado, empresario detenido y se\u00f1alado como financista del espacio de Jos\u00e9 Luis Espert. La contradicci\u00f3n alimenta la teor\u00eda \u2014y la&#8230;<\/p>\n","protected":false},"author":11,"featured_media":9351,"comment_status":"open","ping_status":"open","sticky":false,"template":"","format":"standard","meta":{"_monsterinsights_skip_tracking":false,"_monsterinsights_sitenote_active":false,"_monsterinsights_sitenote_note":"","_monsterinsights_sitenote_category":0,"footnotes":"","jetpack_publicize_message":"","jetpack_publicize_feature_enabled":true,"jetpack_social_post_already_shared":true,"jetpack_social_options":{"image_generator_settings":{"template":"highway","default_image_id":0,"font":"","enabled":false},"version":2}},"categories":[2],"tags":[],"class_list":["post-9352","post","type-post","status-publish","format-standard","has-post-thumbnail","hentry","category-politica"],"jetpack_publicize_connections":[],"_links":{"self":[{"href":"https:\/\/www.enorsai.com\/noticias\/wp-json\/wp\/v2\/posts\/9352","targetHints":{"allow":["GET"]}}],"collection":[{"href":"https:\/\/www.enorsai.com\/noticias\/wp-json\/wp\/v2\/posts"}],"about":[{"href":"https:\/\/www.enorsai.com\/noticias\/wp-json\/wp\/v2\/types\/post"}],"author":[{"embeddable":true,"href":"https:\/\/www.enorsai.com\/noticias\/wp-json\/wp\/v2\/users\/11"}],"replies":[{"embeddable":true,"href":"https:\/\/www.enorsai.com\/noticias\/wp-json\/wp\/v2\/comments?post=9352"}],"version-history":[{"count":1,"href":"https:\/\/www.enorsai.com\/noticias\/wp-json\/wp\/v2\/posts\/9352\/revisions"}],"predecessor-version":[{"id":9353,"href":"https:\/\/www.enorsai.com\/noticias\/wp-json\/wp\/v2\/posts\/9352\/revisions\/9353"}],"wp:featuredmedia":[{"embeddable":true,"href":"https:\/\/www.enorsai.com\/noticias\/wp-json\/wp\/v2\/media\/9351"}],"wp:attachment":[{"href":"https:\/\/www.enorsai.com\/noticias\/wp-json\/wp\/v2\/media?parent=9352"}],"wp:term":[{"taxonomy":"category","embeddable":true,"href":"https:\/\/www.enorsai.com\/noticias\/wp-json\/wp\/v2\/categories?post=9352"},{"taxonomy":"post_tag","embeddable":true,"href":"https:\/\/www.enorsai.com\/noticias\/wp-json\/wp\/v2\/tags?post=9352"}],"curies":[{"name":"wp","href":"https:\/\/api.w.org\/{rel}","templated":true}]}}