{"id":935,"date":"2025-02-10T10:23:41","date_gmt":"2025-02-10T13:23:41","guid":{"rendered":"https:\/\/www.enorsai.com\/noticias\/?p=935"},"modified":"2025-02-13T13:46:24","modified_gmt":"2025-02-13T16:46:24","slug":"kicillof-envia-bomberos-a-la-patagonia-mientras-el-gobierno-nacional-brilla-por-su-ausencia","status":"publish","type":"post","link":"https:\/\/www.enorsai.com\/noticias\/politica\/kicillof-envia-bomberos-a-la-patagonia-mientras-el-gobierno-nacional-brilla-por-su-ausencia\/","title":{"rendered":"Kicillof env\u00eda bomberos a la Patagonia mientras el gobierno nacional brilla por su ausencia"},"content":{"rendered":"\n<p><strong><em>La provincia de Buenos Aires despliega recursos humanos y materiales para combatir los incendios en Neuqu\u00e9n y R\u00edo Negro, en contraste con la falta de acci\u00f3n visible del gobierno nacional.<br><\/em><\/strong><br>Mientras los incendios arrasan la Patagonia, el gobernador Axel Kicillof moviliza brigadistas, veh\u00edculos y equipamiento para colaborar con las provincias afectadas. \u00bfD\u00f3nde est\u00e1 el gobierno de Javier Milei en esta crisis ambiental?<br><br>La Patagonia arde, y mientras las llamas consumen miles de hect\u00e1reas en Neuqu\u00e9n y R\u00edo Negro, la provincia de Buenos Aires ha decidido no quedarse de brazos cruzados. En respuesta a un pedido del Servicio Nacional de Manejo del Fuego (SNMF), el gobierno de Axel Kicillof ha enviado 110 efectivos, 17 veh\u00edculos y equipamiento forestal y log\u00edstico a Alumin\u00e9, Neuqu\u00e9n. Adem\u00e1s, ha reforzado su presencia en El Bols\u00f3n, R\u00edo Negro, con 26 nuevos brigadistas y cinco m\u00f3viles adicionales. Esta movilizaci\u00f3n se suma a los recursos enviados la semana pasada, demostrando un compromiso tangible con las provincias afectadas.<\/p>\n\n\n\n<figure class=\"wp-block-image size-full\"><a href=\"https:\/\/x.com\/Kicillofok\/status\/1888735290941989372\"><img loading=\"lazy\" decoding=\"async\" width=\"593\" height=\"519\" src=\"https:\/\/www.enorsai.com\/noticias\/wp-content\/uploads\/2025\/02\/Sin-titulo.png\" alt=\"\" class=\"wp-image-964\" srcset=\"https:\/\/www.enorsai.com\/noticias\/wp-content\/uploads\/2025\/02\/Sin-titulo.png 593w, https:\/\/www.enorsai.com\/noticias\/wp-content\/uploads\/2025\/02\/Sin-titulo-300x263.png 300w\" sizes=\"auto, (max-width: 593px) 100vw, 593px\" \/><\/a><\/figure>\n\n\n\n<p>Sin embargo, esta acci\u00f3n contrasta fuertemente con la ausencia visible del gobierno nacional. Mientras Kicillof despliega recursos y personal especializado, el gobierno de Javier Milei parece limitarse a hacer pedidos formales sin una presencia activa en el terreno. Esta falta de liderazgo y acci\u00f3n directa por parte del gobierno nacional no pasa desapercibida, especialmente en un contexto donde la crisis ambiental demanda respuestas urgentes y coordinadas.<br><br>El personal enviado por la provincia de Buenos Aires incluye miembros de Defensa Civil, bomberos de la Polic\u00eda y voluntarios de las tres Federaciones que operan en territorio bonaerense. Estos equipos trabajan bajo la coordinaci\u00f3n del Ministerio de Seguridad de la provincia, colaborando estrechamente con los gobiernos locales y los afectados por los incendios. Esta estrategia de cooperaci\u00f3n y apoyo directo contrasta con la aparente descoordinaci\u00f3n y falta de iniciativa del gobierno nacional, que hasta ahora no ha mostrado un plan claro ni recursos adicionales para enfrentar la emergencia.<\/p>\n\n\n\n<div class=\"wp-block-jetpack-related-posts\">\n<h2 class=\"wp-block-heading\"><\/h2>\n<\/div>\n\n\n\n<p><br><br>Kicillof, en un posteo en la red social X, destac\u00f3 que la provincia de Buenos Aires siempre estar\u00e1 dispuesta a cooperar en situaciones de emergencia, \u00absin oportunismo y sin especulaciones pol\u00edticas\u00bb. Esta declaraci\u00f3n, aunque no menciona directamente al gobierno nacional, parece ser una cr\u00edtica velada a la falta de acci\u00f3n y liderazgo de Milei en esta crisis. Mientras tanto, los incendios contin\u00faan devastando la regi\u00f3n, y la pregunta que muchos se hacen es: \u00bfd\u00f3nde est\u00e1 el gobierno nacional?<br><br>La situaci\u00f3n en la Patagonia es cr\u00edtica. Los incendios no solo est\u00e1n destruyendo vastas \u00e1reas de bosques y pastizales, sino que tambi\u00e9n est\u00e1n afectando a comunidades enteras, que ven c\u00f3mo sus hogares y medios de vida est\u00e1n en peligro. En este contexto, la ayuda de la provincia de Buenos Aires es un alivio, pero no es suficiente. Se necesita una respuesta coordinada y masiva a nivel nacional, algo que hasta ahora no se ha visto.<br><br>El gobierno de Milei, que ha centrado su discurso en la austeridad y la reducci\u00f3n del gasto p\u00fablico, parece estar m\u00e1s preocupado por las cifras macroecon\u00f3micas que por las emergencias humanitarias y ambientales. Esta falta de acci\u00f3n no solo es cuestionable desde un punto de vista \u00e9tico, sino que tambi\u00e9n pone en evidencia una falta de visi\u00f3n estrat\u00e9gica. Los incendios en la Patagonia no son solo un problema local; son una crisis nacional que requiere una respuesta a la altura.<br><br>Mientras tanto, Kicillof y su equipo demuestran que es posible actuar con rapidez y eficacia cuando hay voluntad pol\u00edtica. La provincia de Buenos Aires no solo ha enviado recursos materiales, sino que tambi\u00e9n ha movilizado a personal especializado, demostrando un compromiso real con las provincias afectadas. Esta acci\u00f3n contrasta con la pasividad del gobierno nacional, que hasta ahora no ha mostrado un plan claro ni recursos adicionales para enfrentar la emergencia.<br><br>La crisis de los incendios en la Patagonia no solo est\u00e1 poniendo a prueba la capacidad de respuesta del gobierno nacional, sino que tambi\u00e9n est\u00e1 dejando en evidencia las prioridades de la administraci\u00f3n de Milei. Mientras Kicillof act\u00faa, Milei parece m\u00e1s preocupado por mantener su discurso de austeridad que por enfrentar una emergencia que est\u00e1 devastando el pa\u00eds. La pregunta que queda en el aire es: \u00bfcu\u00e1nto m\u00e1s tendr\u00e1 que arder la Patagonia para que el gobierno nacional decida actuar?<br><\/p>\n\n\n\n<p><br><\/p>\n\n\n","protected":false},"excerpt":{"rendered":"<p>La provincia de Buenos Aires despliega recursos humanos y materiales para combatir los incendios en Neuqu\u00e9n y R\u00edo Negro, en contraste con la falta de acci\u00f3n visible del gobierno nacional.Mientras los incendios arrasan la Patagonia, el gobernador Axel Kicillof moviliza brigadistas, veh\u00edculos y equipamiento para colaborar con las provincias afectadas. \u00bfD\u00f3nde est\u00e1 el gobierno de&#8230;<\/p>\n","protected":false},"author":1,"featured_media":963,"comment_status":"open","ping_status":"open","sticky":false,"template":"","format":"standard","meta":{"_monsterinsights_skip_tracking":false,"_monsterinsights_sitenote_active":false,"_monsterinsights_sitenote_note":"","_monsterinsights_sitenote_category":0,"footnotes":"","jetpack_publicize_message":"","jetpack_publicize_feature_enabled":true,"jetpack_social_post_already_shared":true,"jetpack_social_options":{"image_generator_settings":{"template":"highway","default_image_id":0,"font":"","enabled":false},"version":2}},"categories":[2],"tags":[],"class_list":["post-935","post","type-post","status-publish","format-standard","has-post-thumbnail","hentry","category-politica"],"jetpack_publicize_connections":[],"_links":{"self":[{"href":"https:\/\/www.enorsai.com\/noticias\/wp-json\/wp\/v2\/posts\/935","targetHints":{"allow":["GET"]}}],"collection":[{"href":"https:\/\/www.enorsai.com\/noticias\/wp-json\/wp\/v2\/posts"}],"about":[{"href":"https:\/\/www.enorsai.com\/noticias\/wp-json\/wp\/v2\/types\/post"}],"author":[{"embeddable":true,"href":"https:\/\/www.enorsai.com\/noticias\/wp-json\/wp\/v2\/users\/1"}],"replies":[{"embeddable":true,"href":"https:\/\/www.enorsai.com\/noticias\/wp-json\/wp\/v2\/comments?post=935"}],"version-history":[{"count":2,"href":"https:\/\/www.enorsai.com\/noticias\/wp-json\/wp\/v2\/posts\/935\/revisions"}],"predecessor-version":[{"id":965,"href":"https:\/\/www.enorsai.com\/noticias\/wp-json\/wp\/v2\/posts\/935\/revisions\/965"}],"wp:featuredmedia":[{"embeddable":true,"href":"https:\/\/www.enorsai.com\/noticias\/wp-json\/wp\/v2\/media\/963"}],"wp:attachment":[{"href":"https:\/\/www.enorsai.com\/noticias\/wp-json\/wp\/v2\/media?parent=935"}],"wp:term":[{"taxonomy":"category","embeddable":true,"href":"https:\/\/www.enorsai.com\/noticias\/wp-json\/wp\/v2\/categories?post=935"},{"taxonomy":"post_tag","embeddable":true,"href":"https:\/\/www.enorsai.com\/noticias\/wp-json\/wp\/v2\/tags?post=935"}],"curies":[{"name":"wp","href":"https:\/\/api.w.org\/{rel}","templated":true}]}}