{"id":9345,"date":"2025-10-05T07:13:30","date_gmt":"2025-10-05T10:13:30","guid":{"rendered":"https:\/\/www.enorsai.com\/noticias\/?p=9345"},"modified":"2025-10-05T07:19:16","modified_gmt":"2025-10-05T10:19:16","slug":"mas-deportados-que-pierden-todo-regresan-sin-contencion-y-con-la-indiferencia-de-milei","status":"publish","type":"post","link":"https:\/\/www.enorsai.com\/noticias\/politica\/mas-deportados-que-pierden-todo-regresan-sin-contencion-y-con-la-indiferencia-de-milei\/","title":{"rendered":"M\u00e1s deportados que pierden todo, regresan sin contenci\u00f3n y con la indiferencia de Milei"},"content":{"rendered":"\n<p>Mientras Estados Unidos endurece su control migratorio, el gobierno de Javier Milei mantiene una actitud pasiva ante los compatriotas que regresan al pa\u00eds tras perder sus empleos, hogares y proyectos de vida. Historias de detenci\u00f3n prolongada y condiciones extremas muestran la urgencia de un abordaje estatal responsable.<br><br>Este martes por la madrugada, el Aeropuerto Internacional de Ezeiza recibi\u00f3 un nuevo vuelo con argentinos deportados desde Estados Unidos. Es el cuarto operativo en lo que va del a\u00f1o, sumando un preocupante patr\u00f3n de repatriaciones forzadas que expone a nuestros compatriotas a la p\u00e9rdida total de su vida construida en el exterior. \u201cPerdieron todo lo que ten\u00edan\u201d, cont\u00f3 la hermana de una de las deportadas, quien pas\u00f3 m\u00e1s de cuatro meses detenida, primero en condiciones aceptables y luego en un centro militar donde deb\u00eda dormir en el piso.<br><br>Los deportados llegaron a bordo de un Airbus A320-214 operado por GlobalX, contratada por el Servicio de Inmigraci\u00f3n y Control de Aduanas (ICE). Siete ciudadanos argentinos descendieron del avi\u00f3n y, tras los procedimientos migratorios, fueron liberados alrededor de las 2 de la madrugada, escoltados por la Polic\u00eda de Seguridad Aeroportuaria. La escena no es excepcional, sino un reflejo de la creciente hostilidad hacia migrantes en Estados Unidos y de la ausencia de un plan de contenci\u00f3n desde el Estado argentino.<br><br>Entre los relatos de familiares se repite la sensaci\u00f3n de abandono y desprotecci\u00f3n. J\u00f3venes que dejaron el pa\u00eds con expectativas de trabajo y estudios se ven repentinamente forzados a recalibrar su vida, sin empleo, sin vivienda y con una incertidumbre econ\u00f3mica que el gobierno de Milei parece ignorar. Este regreso abrupto contrasta con los discursos oficiales que prometen apoyo a la ciudadan\u00eda, dejando al descubierto la falta de pol\u00edticas concretas frente a situaciones de vulnerabilidad internacional.<br><br>El antecedente m\u00e1s reciente, de mediados de septiembre, involucr\u00f3 el regreso de diez argentinos deportados en un Boeing 767-300 contratado en Estados Unidos. Sus historias evidencian un patr\u00f3n: detenciones prolongadas, traslados a centros militares y una total disrupci\u00f3n de la vida cotidiana. Mientras tanto, en Argentina, los repatriados encuentran un sistema estatal que no garantiza acompa\u00f1amiento psicol\u00f3gico, laboral ni social.<br><br>El caso expone, adem\u00e1s, la falta de preparaci\u00f3n del gobierno para enfrentar los efectos de decisiones pol\u00edticas en el extranjero que impactan directamente sobre ciudadanos argentinos. Frente a la crudeza de las deportaciones, la ret\u00f3rica de Milei sobre autonom\u00eda econ\u00f3mica y seguridad parece vac\u00eda, desconectada de la realidad de quienes regresan al pa\u00eds en situaciones extremas. La cr\u00edtica se impone: no basta con observar desde la distancia; la repatriaci\u00f3n de ciudadanos exige medidas integrales, acompa\u00f1amiento y pol\u00edticas p\u00fablicas que protejan al vulnerable, no que lo dejen librado a su suerte.<br><br>La historia de los deportados muestra una compleja intersecci\u00f3n de pol\u00edticas internacionales y ausencia de respaldo local. Entre la p\u00e9rdida de empleo, la detenci\u00f3n en condiciones extremas y la falta de contenci\u00f3n estatal, los repatriados regresan a un pa\u00eds que les da la bienvenida con burocracia y desinter\u00e9s. Si Milei insiste en atribuir los problemas a terceros, deber\u00eda mirar primero hacia dentro: la protecci\u00f3n de los ciudadanos en el exterior y a su regreso no es un lujo, es un deber del Estado.<br><br>Fuente <\/p>\n\n\n\n<p>.https:\/\/www.rionegro.com.ar\/politica\/llego-un-cuarto-vuelo-al-pais-con-argentinos-deportados-de-estados-unidos-perdieron-todo-relato-un-familiar-4319495\/?amp=1<\/p>\n","protected":false},"excerpt":{"rendered":"<p>Mientras Estados Unidos endurece su control migratorio, el gobierno de Javier Milei mantiene una actitud pasiva ante los compatriotas que regresan al pa\u00eds tras perder sus empleos, hogares y proyectos de vida. Historias de detenci\u00f3n prolongada y condiciones extremas muestran la urgencia de un abordaje estatal responsable. Este martes por la madrugada, el Aeropuerto Internacional&#8230;<\/p>\n","protected":false},"author":5,"featured_media":9344,"comment_status":"open","ping_status":"open","sticky":false,"template":"","format":"standard","meta":{"_monsterinsights_skip_tracking":false,"_monsterinsights_sitenote_active":false,"_monsterinsights_sitenote_note":"","_monsterinsights_sitenote_category":0,"footnotes":"","jetpack_publicize_message":"","jetpack_publicize_feature_enabled":true,"jetpack_social_post_already_shared":true,"jetpack_social_options":{"image_generator_settings":{"template":"highway","default_image_id":0,"font":"","enabled":false},"version":2}},"categories":[2],"tags":[93,2510,3881,69,471,1332,45,72,3882,3598],"class_list":["post-9345","post","type-post","status-publish","format-standard","has-post-thumbnail","hentry","category-politica","tag-argentina","tag-ciudadania","tag-deportaciones","tag-derechos","tag-estadosunidos","tag-migracion","tag-milei","tag-politica","tag-repatriacion","tag-vulnerabilidad"],"jetpack_publicize_connections":[],"_links":{"self":[{"href":"https:\/\/www.enorsai.com\/noticias\/wp-json\/wp\/v2\/posts\/9345","targetHints":{"allow":["GET"]}}],"collection":[{"href":"https:\/\/www.enorsai.com\/noticias\/wp-json\/wp\/v2\/posts"}],"about":[{"href":"https:\/\/www.enorsai.com\/noticias\/wp-json\/wp\/v2\/types\/post"}],"author":[{"embeddable":true,"href":"https:\/\/www.enorsai.com\/noticias\/wp-json\/wp\/v2\/users\/5"}],"replies":[{"embeddable":true,"href":"https:\/\/www.enorsai.com\/noticias\/wp-json\/wp\/v2\/comments?post=9345"}],"version-history":[{"count":1,"href":"https:\/\/www.enorsai.com\/noticias\/wp-json\/wp\/v2\/posts\/9345\/revisions"}],"predecessor-version":[{"id":9346,"href":"https:\/\/www.enorsai.com\/noticias\/wp-json\/wp\/v2\/posts\/9345\/revisions\/9346"}],"wp:featuredmedia":[{"embeddable":true,"href":"https:\/\/www.enorsai.com\/noticias\/wp-json\/wp\/v2\/media\/9344"}],"wp:attachment":[{"href":"https:\/\/www.enorsai.com\/noticias\/wp-json\/wp\/v2\/media?parent=9345"}],"wp:term":[{"taxonomy":"category","embeddable":true,"href":"https:\/\/www.enorsai.com\/noticias\/wp-json\/wp\/v2\/categories?post=9345"},{"taxonomy":"post_tag","embeddable":true,"href":"https:\/\/www.enorsai.com\/noticias\/wp-json\/wp\/v2\/tags?post=9345"}],"curies":[{"name":"wp","href":"https:\/\/api.w.org\/{rel}","templated":true}]}}