{"id":9337,"date":"2025-10-04T21:51:49","date_gmt":"2025-10-05T00:51:49","guid":{"rendered":"https:\/\/www.enorsai.com\/noticias\/?p=9337"},"modified":"2025-10-04T21:51:53","modified_gmt":"2025-10-05T00:51:53","slug":"milei-suspendio-otra-caravana-en-santa-fe-no-puede-pisar-la-calle-sin-que-lo-escrachen","status":"publish","type":"post","link":"https:\/\/www.enorsai.com\/noticias\/uncategorized\/milei-suspendio-otra-caravana-en-santa-fe-no-puede-pisar-la-calle-sin-que-lo-escrachen\/","title":{"rendered":"Milei suspendi\u00f3 otra caravana en Santa Fe: no puede pisar la calle sin que lo escrachen"},"content":{"rendered":"\n<p><strong>El presidente Javier Milei volvi\u00f3 a cancelar una actividad p\u00fablica en el interior del pa\u00eds. Esta vez fue en Santa Fe, donde los incidentes y el rechazo popular lo obligaron a suspender una caravana y refugiarse en un hotel. La escena refleja un s\u00edntoma pol\u00edtico que se repite: el mandatario no puede caminar entre la gente sin ser increpado.<\/strong><\/p>\n\n\n\n<p>La jornada en Santa Fe estaba pensada como un acto de campa\u00f1a, una caravana y caminata por la tradicional peatonal San Mart\u00edn, donde el presidente intentar\u00eda mostrarse cercano a los vecinos y reforzar su imagen en el interior productivo del pa\u00eds. Pero el intento termin\u00f3 en un nuevo papel\u00f3n. Manifestantes opositores, organizaciones sociales y vecinos autoconvocados se concentraron para rechazar su visita y protestar contra las pol\u00edticas de ajuste del gobierno nacional. Los enfrentamientos con la custodia presidencial y los seguidores libertarios no tardaron en producirse.<\/p>\n\n\n\n<p>Hubo empujones, insultos, lanzamiento de huevos y destrozos en un gazebo montado por militantes de La Libertad Avanza. El clima se tens\u00f3 al punto de obligar a la seguridad presidencial a suspender la actividad y evacuar r\u00e1pidamente al mandatario hacia un hotel cercano, donde finalmente se limit\u00f3 a saludar desde un balc\u00f3n. Cuatro personas fueron detenidas por los disturbios, aunque desde el propio gobierno provincial aclararon que la prioridad fue evitar una escalada mayor.<\/p>\n\n\n\n<p>No es el primer episodio de este tipo. Milei ya hab\u00eda tenido que modificar recorridas similares en otras provincias por protestas o fallas en la organizaci\u00f3n. En Tierra del Fuego y en C\u00f3rdoba, tambi\u00e9n debi\u00f3 replegarse ante manifestaciones espont\u00e1neas. El patr\u00f3n se repite: cada intento de \u201csalir a la calle\u201d termina en tensi\u00f3n, repudio o incidentes. Lo que en otros gobiernos era una demostraci\u00f3n de cercan\u00eda con la gente, en el actual se transform\u00f3 en un riesgo de imagen y seguridad.<\/p>\n\n\n\n<figure class=\"wp-block-embed is-type-rich is-provider-twitter wp-block-embed-twitter\"><div class=\"wp-block-embed__wrapper\">\n<blockquote class=\"twitter-tweet\" data-width=\"550\" data-dnt=\"true\"><p lang=\"es\" dir=\"ltr\">Otra caravana suspendida por Milei en Santa Fe . No puede pisar la calle sin que se lo coman crudo. <a href=\"https:\/\/t.co\/8ZyjVaMBZV\">pic.twitter.com\/8ZyjVaMBZV<\/a><\/p>&mdash; Marian Herrera (@marianherrrera) <a href=\"https:\/\/twitter.com\/marianherrrera\/status\/1974504851577999813?ref_src=twsrc%5Etfw\">October 4, 2025<\/a><\/blockquote><script async src=\"https:\/\/platform.twitter.com\/widgets.js\" charset=\"utf-8\"><\/script>\n<\/div><\/figure>\n\n\n\n<p>El contexto pol\u00edtico agrava la situaci\u00f3n. Mientras el gobierno intenta recuperar iniciativa tras semanas de conflictos internos, el esc\u00e1ndalo por el financiamiento de la campa\u00f1a del diputado Jos\u00e9 Luis Espert \u2014acusado de haber recibido dinero de un empresario vinculado al narcotr\u00e1fico\u2014 golpea la credibilidad del espacio oficialista. La escena de un Milei replegado y custodiado, aislado en un hotel para evitar el contacto con la calle, se superpone con el desgaste de un gobierno que prometi\u00f3 \u201cromper con la casta\u201d pero que hoy se muestra blindado y distante.<\/p>\n\n\n\n<p>El fracaso de la caravana santafesina no solo exhibe problemas de log\u00edstica o seguridad, sino una crisis pol\u00edtica m\u00e1s profunda. Milei ha construido su poder sobre el conflicto, pero ese mismo conflicto parece ahora devorarlo. Su discurso antisistema encuentra un l\u00edmite cuando la calle \u2014el territorio simb\u00f3lico de la legitimidad democr\u00e1tica\u2014 se convierte en un espacio hostil. Lo que antes era provocaci\u00f3n ahora se lee como debilidad: un presidente que no puede caminar entre la gente sin ser repudiado.<\/p>\n\n\n\n<p>El intento de transformar la visita en un acto controlado, con militancia filtrada y fuerte presencia policial, solo profundiz\u00f3 la sensaci\u00f3n de aislamiento. En lugar de mostrarse como un l\u00edder popular, Milei se mostr\u00f3 como un dirigente que necesita blindarse para evitar el contacto con quienes sufre las consecuencias del ajuste. Una met\u00e1fora viva de un gobierno que promet\u00eda libertad pero solo cosecha rechazo en la calle.<\/p>\n\n\n\n<p><strong>Fuentes:<\/strong><\/p>\n\n\n\n<p>.<a href=\"https:\/\/www.lanacion.com.ar\/politica\/en-medio-del-escandalo-de-espert-milei-hace-campana-en-santa-fe-y-entre-rios-nid04102025\">https:\/\/www.lanacion.com.ar\/politica\/en-medio-del-escandalo-de-espert-milei-hace-campana-en-santa-fe-y-entre-rios-nid04102025<\/a><\/p>\n\n\n\n<p>.<a href=\"https:\/\/nuevarioja.com.ar\/politica\/milei-debio-suspender-una-caminata-en-santa-fe-por-incidentes.htm\">https:\/\/nuevarioja.com.ar\/politica\/milei-debio-suspender-una-caminata-en-santa-fe-por-incidentes.htm<\/a><\/p>\n\n\n\n<p>.<a href=\"https:\/\/www.tiemposur.com.ar\/politica\/javier-milei-tuvo-que-cancelar-una-caravana-por-santa-fe\">https:\/\/www.tiemposur.com.ar\/politica\/javier-milei-tuvo-que-cancelar-una-caravana-por-santa-fe<\/a><\/p>\n\n\n\n<p>.<a href=\"https:\/\/www.perfil.com\/noticias\/politica\/javier-milei-visitara-entre-rios-como-parte-de-su-gira-nacional-de-cara-a-las-elecciones-de-octubre.phtml\">https:\/\/www.perfil.com\/noticias\/politica\/javier-milei-visitara-entre-rios-como-parte-de-su-gira-nacional-de-cara-a-las-elecciones-de-octubre.phtml<\/a><\/p>\n\n\n\n<hr class=\"wp-block-separator has-alpha-channel-opacity\"\/>\n\n\n\n<p>\u00bfQuer\u00e9s que te prepare tambi\u00e9n la versi\u00f3n corta para redes (Twitter e Instagram)?<\/p>\n","protected":false},"excerpt":{"rendered":"<p>El presidente Javier Milei volvi\u00f3 a cancelar una actividad p\u00fablica en el interior del pa\u00eds. Esta vez fue en Santa Fe, donde los incidentes y el rechazo popular lo obligaron a suspender una caravana y refugiarse en un hotel. La escena refleja un s\u00edntoma pol\u00edtico que se repite: el mandatario no puede caminar entre la&#8230;<\/p>\n","protected":false},"author":1,"featured_media":9339,"comment_status":"open","ping_status":"open","sticky":false,"template":"","format":"standard","meta":{"_monsterinsights_skip_tracking":false,"_monsterinsights_sitenote_active":false,"_monsterinsights_sitenote_note":"","_monsterinsights_sitenote_category":0,"footnotes":"","jetpack_publicize_message":"","jetpack_publicize_feature_enabled":true,"jetpack_social_post_already_shared":true,"jetpack_social_options":{"image_generator_settings":{"template":"highway","default_image_id":0,"font":"","enabled":false},"version":2}},"categories":[1],"tags":[],"class_list":["post-9337","post","type-post","status-publish","format-standard","has-post-thumbnail","hentry","category-uncategorized"],"jetpack_publicize_connections":[],"_links":{"self":[{"href":"https:\/\/www.enorsai.com\/noticias\/wp-json\/wp\/v2\/posts\/9337","targetHints":{"allow":["GET"]}}],"collection":[{"href":"https:\/\/www.enorsai.com\/noticias\/wp-json\/wp\/v2\/posts"}],"about":[{"href":"https:\/\/www.enorsai.com\/noticias\/wp-json\/wp\/v2\/types\/post"}],"author":[{"embeddable":true,"href":"https:\/\/www.enorsai.com\/noticias\/wp-json\/wp\/v2\/users\/1"}],"replies":[{"embeddable":true,"href":"https:\/\/www.enorsai.com\/noticias\/wp-json\/wp\/v2\/comments?post=9337"}],"version-history":[{"count":1,"href":"https:\/\/www.enorsai.com\/noticias\/wp-json\/wp\/v2\/posts\/9337\/revisions"}],"predecessor-version":[{"id":9340,"href":"https:\/\/www.enorsai.com\/noticias\/wp-json\/wp\/v2\/posts\/9337\/revisions\/9340"}],"wp:featuredmedia":[{"embeddable":true,"href":"https:\/\/www.enorsai.com\/noticias\/wp-json\/wp\/v2\/media\/9339"}],"wp:attachment":[{"href":"https:\/\/www.enorsai.com\/noticias\/wp-json\/wp\/v2\/media?parent=9337"}],"wp:term":[{"taxonomy":"category","embeddable":true,"href":"https:\/\/www.enorsai.com\/noticias\/wp-json\/wp\/v2\/categories?post=9337"},{"taxonomy":"post_tag","embeddable":true,"href":"https:\/\/www.enorsai.com\/noticias\/wp-json\/wp\/v2\/tags?post=9337"}],"curies":[{"name":"wp","href":"https:\/\/api.w.org\/{rel}","templated":true}]}}