{"id":9333,"date":"2025-10-04T21:09:27","date_gmt":"2025-10-05T00:09:27","guid":{"rendered":"https:\/\/www.enorsai.com\/noticias\/?p=9333"},"modified":"2025-10-04T21:14:45","modified_gmt":"2025-10-05T00:14:45","slug":"juan-grabois-ademas-de-una-mala-persona-un-violento-sin-limites-y-un-mercenario-repulsivo-sos-un-cobarde","status":"publish","type":"post","link":"https:\/\/www.enorsai.com\/noticias\/politica\/juan-grabois-ademas-de-una-mala-persona-un-violento-sin-limites-y-un-mercenario-repulsivo-sos-un-cobarde\/","title":{"rendered":"Juan Grabois: \u00abadem\u00e1s de una mala persona, un violento sin l\u00edmites y un mercenario repulsivo, sos un cobarde\u00bb"},"content":{"rendered":"\n<p>En un duro mensaje publicado en X, el dirigente social Juan Grabois respondi\u00f3 con crudeza a Jos\u00e9 Luis Espert tras las versiones sobre su v\u00ednculo con un empresario acusado de narcotr\u00e1fico. El cruce vuelve a poner en el centro la \u00e9tica p\u00fablica y la campa\u00f1a del candidato.<\/p>\n\n\n\n<p>Grabois acusa a Espert de hipocres\u00eda, violencia simb\u00f3lica y complicidad moral con actores del delito; lo interpela a \u201cactuar como un hombre digno\u201d y denuncia el uso pol\u00edtico de una supuesta victimizaci\u00f3n. El episodio a\u00f1ade tensi\u00f3n a una campa\u00f1a ya polarizada.<\/p>\n\n\n\n<p>El dirigente social Juan Grabois explot\u00f3 en la red social X contra el candidato Jos\u00e9 Luis Espert, en un post que r\u00e1pidamente se viraliz\u00f3 y volvi\u00f3 a escalar el tono de una disputa p\u00fablica que mezcla acusaciones morales, pol\u00edticas y personales. En su mensaje \u2014publicado de forma directa y sin medias tintas\u2014 Grabois califica a Espert de \u201chip\u00f3crita\u201d, lo acusa de financiarse con actores vinculados al narcotr\u00e1fico y le reprocha conductas de hostigamiento y denigraci\u00f3n hacia los sectores vulnerables.<\/p>\n\n\n\n<p>Lejos de matices, el texto busca construir una narrativa opuesta a la que Espert ha intentado plantear en su defensa: mientras el candidato se presenta como v\u00edctima, Grabois sostiene que quien verdaderamente ha ejercido la violencia es Espert, tanto en su discurso como en sus acciones. El dirigente apunta adem\u00e1s a una cuesti\u00f3n \u00e9tica: recuerda agravios dirigidos por el candidato hacia otras figuras p\u00fablicas y cuestiona que, ante la exposici\u00f3n de supuestos v\u00ednculos comprometidos, Espert adopte ahora una pose de arrepentido o de conmovido. \u201cUn d\u00eda sos el pistolero matador y al d\u00eda siguiente un nenito llorando\u201d, sintetiza la idea de la contradicci\u00f3n en la postura pol\u00edtica y personal del candidato.<\/p>\n\n\n\n<p>El mensaje tambi\u00e9n contiene una fuerte carga moral y simb\u00f3lica. Grabois reclama coherencia y responsabiliza a Espert de no haber mostrado jam\u00e1s compasi\u00f3n por las v\u00edctimas del narcotr\u00e1fico ni por los sectores m\u00e1s desprotegidos: \u201cnunca derramaste una l\u00e1grima por todos los que murieron por el narcotr\u00e1fico que te financia\u201d, escribe, acus\u00e1ndolo de celebrar la crueldad y de burlarse de la vulnerabilidad ajena. Esa acusaci\u00f3n, dif\u00edcil de comprobar en t\u00e9rminos estrictamente period\u00edsticos sin pruebas adicionales, funciona en el post como una condena \u00e9tica que busca incidir en la percepci\u00f3n p\u00fablica sobre la idoneidad moral de quien aspira a ocupar un cargo representativo.<\/p>\n\n\n\n<p>Adem\u00e1s de los reproches \u00e9ticos y personales, Grabois apela a la decencia p\u00fablica: le exige a Espert que deje de \u201cenlodar a la Argentina\u201d y que no se aferre a su banca electoral. El tono no es \u00fanicamente de ataque \u2014es tambi\u00e9n una convocatoria a la responsabilidad\u2014: \u201cAhora actu\u00e1 como un hombre digno por una vez en tu vida\u201d, es una de las l\u00edneas que utiliza para cerrar su mensaje y marcar la expectativa de conducta que reclama desde el \u00e1mbito p\u00fablico.<\/p>\n\n\n\n<p>Este episodio no es aislado: se inserta en una campa\u00f1a marcada por cruces permanentes y por la facilidad con la que las redes sociales amplifican discursos confrontativos. Para la escena pol\u00edtica, el intercambio plantea al menos dos lecturas. Por un lado, refuerza la idea de que la pol\u00edtica argentina atraviesa un momento de alta polarizaci\u00f3n donde las disputas personales se traducen con rapidez en agendas p\u00fablicas. Por el otro, evidencia la fragilidad de las defensas medi\u00e1ticas y legales cuando aparecen vinculaciones con actores bajo sospecha \u2014un problema que obliga a demandas de transparencia y a investigaciones objetivas que clarifiquen hechos y responsabilidades.<\/p>\n\n\n\n<p>En t\u00e9rminos period\u00edsticos, el post de Grabois exige dos reacciones complementarias: verificar los hechos sobre los que pivota la acusaci\u00f3n (v\u00ednculos, pagos o financiamiento) y contrastar el recorrido p\u00fablico de Espert para evaluar la consistencia de las imputaciones morales. Mientras tanto, la reacci\u00f3n de Grabois funcion\u00f3 como un golpe p\u00fablico destinado a colocar la discusi\u00f3n en t\u00e9rminos \u00e9ticos m\u00e1s que t\u00e9cnicos: no s\u00f3lo se discute si hubo o no financiaci\u00f3n irregular, sino qu\u00e9 tipo de representante es aceptable para la pol\u00edtica argentina.<\/p>\n\n\n\n<p>En definitiva, el cruce expone la guerra de narrativas que atraviesa la campa\u00f1a: \u00bfse valora m\u00e1s la imagen de v\u00edctima o la coherencia \u00e9tica del representante? \u00bfC\u00f3mo influyen en el electorado las acusaciones sobre el origen del financiamiento pol\u00edtico? Y, quiz\u00e1s lo m\u00e1s urgente, \u00bfqu\u00e9 pruebas concretas surgir\u00e1n para sustentar o refutar las graves imputaciones que ya circulan en el terreno medi\u00e1tico?<\/p>\n\n\n\n<p>El intercambio deja, por ahora, m\u00e1s preguntas que respuestas. Mientras tanto, la tensi\u00f3n entre denuncias morales y comprobaciones objetivas seguir\u00e1 marcando el pulso de la campa\u00f1a y la cobertura period\u00edstica que deber\u00e1 separar lo probado de lo difamatorio, y la indignaci\u00f3n ret\u00f3rica de la responsabilidad p\u00fablica.<\/p>\n","protected":false},"excerpt":{"rendered":"<p>En un duro mensaje publicado en X, el dirigente social Juan Grabois respondi\u00f3 con crudeza a Jos\u00e9 Luis Espert tras las versiones sobre su v\u00ednculo con un empresario acusado de narcotr\u00e1fico. El cruce vuelve a poner en el centro la \u00e9tica p\u00fablica y la campa\u00f1a del candidato. Grabois acusa a Espert de hipocres\u00eda, violencia simb\u00f3lica&#8230;<\/p>\n","protected":false},"author":11,"featured_media":9334,"comment_status":"open","ping_status":"open","sticky":false,"template":"","format":"standard","meta":{"_monsterinsights_skip_tracking":false,"_monsterinsights_sitenote_active":false,"_monsterinsights_sitenote_note":"","_monsterinsights_sitenote_category":0,"footnotes":"","jetpack_publicize_message":"","jetpack_publicize_feature_enabled":true,"jetpack_social_post_already_shared":true,"jetpack_social_options":{"image_generator_settings":{"template":"highway","default_image_id":0,"font":"","enabled":false},"version":2}},"categories":[2],"tags":[923,599],"class_list":["post-9333","post","type-post","status-publish","format-standard","has-post-thumbnail","hentry","category-politica","tag-espert","tag-grabois"],"jetpack_publicize_connections":[],"_links":{"self":[{"href":"https:\/\/www.enorsai.com\/noticias\/wp-json\/wp\/v2\/posts\/9333","targetHints":{"allow":["GET"]}}],"collection":[{"href":"https:\/\/www.enorsai.com\/noticias\/wp-json\/wp\/v2\/posts"}],"about":[{"href":"https:\/\/www.enorsai.com\/noticias\/wp-json\/wp\/v2\/types\/post"}],"author":[{"embeddable":true,"href":"https:\/\/www.enorsai.com\/noticias\/wp-json\/wp\/v2\/users\/11"}],"replies":[{"embeddable":true,"href":"https:\/\/www.enorsai.com\/noticias\/wp-json\/wp\/v2\/comments?post=9333"}],"version-history":[{"count":1,"href":"https:\/\/www.enorsai.com\/noticias\/wp-json\/wp\/v2\/posts\/9333\/revisions"}],"predecessor-version":[{"id":9335,"href":"https:\/\/www.enorsai.com\/noticias\/wp-json\/wp\/v2\/posts\/9333\/revisions\/9335"}],"wp:featuredmedia":[{"embeddable":true,"href":"https:\/\/www.enorsai.com\/noticias\/wp-json\/wp\/v2\/media\/9334"}],"wp:attachment":[{"href":"https:\/\/www.enorsai.com\/noticias\/wp-json\/wp\/v2\/media?parent=9333"}],"wp:term":[{"taxonomy":"category","embeddable":true,"href":"https:\/\/www.enorsai.com\/noticias\/wp-json\/wp\/v2\/categories?post=9333"},{"taxonomy":"post_tag","embeddable":true,"href":"https:\/\/www.enorsai.com\/noticias\/wp-json\/wp\/v2\/tags?post=9333"}],"curies":[{"name":"wp","href":"https:\/\/api.w.org\/{rel}","templated":true}]}}