{"id":9330,"date":"2025-10-04T21:01:24","date_gmt":"2025-10-05T00:01:24","guid":{"rendered":"https:\/\/www.enorsai.com\/noticias\/?p=9330"},"modified":"2025-10-04T21:01:29","modified_gmt":"2025-10-05T00:01:29","slug":"el-narco-candidato-se-hacia-el-guapo-pidiendo-carcel-o-bala-para-los-chorros-pero-termino-llorando-en-radio-mitre","status":"publish","type":"post","link":"https:\/\/www.enorsai.com\/noticias\/politica\/el-narco-candidato-se-hacia-el-guapo-pidiendo-carcel-o-bala-para-los-chorros-pero-termino-llorando-en-radio-mitre\/","title":{"rendered":"El narco-candidato: Se hac\u00eda el guapo pidiendo c\u00e1rcel o bala para los \u00abchorros\u00bb pero termin\u00f3 llorando en Radio Mitre"},"content":{"rendered":"\n<p>Durante su campa\u00f1a, Jos\u00e9 Luis Espert exig\u00eda mano dura y castigos ejemplares. Hoy, tras reconocer 200 mil d\u00f3lares vinculado a Federico \u201cFred\u201d Machado, se coloca frente al micr\u00f3fono con l\u00e1grimas y victimismo, en un giro que desnuda su doble discurso.<\/p>\n\n\n\n<p>El economista que portaba la bandera de la firmeza frente al delito ve c\u00f3mo su propia credibilidad se derrumba. La admisi\u00f3n p\u00fablica de haber recibido dinero de un empresario acusado por narcotr\u00e1fico pone al descubierto una crisis moral que alcanzar\u00e1 no solo su futuro pol\u00edtico, sino el relato del gobierno que lo respalda.<\/p>\n\n\n\n<p>Durante a\u00f1os, Jos\u00e9 Luis Espert cultiv\u00f3 una imagen de severidad. En sus discursos de campa\u00f1a, exig\u00eda \u201cc\u00e1rcel o bala\u201d para quienes cometan delitos, un slogan extremista que trascendi\u00f3 lo simb\u00f3lico para convertirse en emblema de su radicalismo en seguridad. Pero esa ret\u00f3rica lapidaria no era inocente: era parte esencial de su marca pol\u00edtica. Ahora, cuando su nombre aparece en un esc\u00e1ndalo por haber recibido fondos de un empresario ligado al narcotr\u00e1fico, Espert se presenta en los medios con los ojos llorosos, intentando justificar lo injustificable. Esa transformaci\u00f3n no s\u00f3lo es incongruente, sino ofensiva para los votantes que creyeron en su discurso \u00e9tico.<\/p>\n\n\n\n<p>En los \u00faltimos d\u00edas, los medios revelaron documentaci\u00f3n que vincula a Espert con Federico \u201cFred\u201d Machado. En un mensaje grabado, el candidato admiti\u00f3 que recibi\u00f3 200 mil d\u00f3lares de Machado, preso en la Patagonia con pedido de extradici\u00f3n por delitos relacionados con narcotr\u00e1fico. Seg\u00fan \u00e9l, esa transferencia no se relaciona con la campa\u00f1a electoral ni con su funci\u00f3n p\u00fablica, sino que responder\u00eda a un contrato de asesor\u00eda privada con una empresa minera vinculada al empresario. La versi\u00f3n no convence.<\/p>\n\n\n\n<p>Pero lo m\u00e1s impactante no es la cifra: es su actuaci\u00f3n p\u00fablica frente al conflicto. En una conferencia radial, Espert se quebr\u00f3. Con voz temblorosa, dijo estar \u201croto\u201d por dentro, acus\u00f3 a Juan Grabois de destruir su nombre y expres\u00f3 angustia por el da\u00f1o causado a su familia.  Busc\u00f3 encarnar la figura de v\u00edctima, mientras su argumento central quedaba reducido a: \u201cYo jam\u00e1s quise recibir fondos de un narco\u201d. \u201cNi en pedo sab\u00eda que era narco\u201d, lleg\u00f3 a decir, argumentando ingenuidad. <\/p>\n\n\n\n<p>El cinismo de esa postura salta a la vista si uno recuerda que Espert fue denunciado previamente por su frase \u201cc\u00e1rcel o bala\u201d, que busca incitar dureza extrema contra quienes considera enemigos ideol\u00f3gicos. Ahora, cuando la acusaci\u00f3n lo salpica personalmente, el discurso que \u00e9l promov\u00eda se convierte en una espada que podr\u00eda alcanzarlo. \u00bfC\u00f3mo puede exigir castigos draconianos para los dem\u00e1s, cuando \u00e9l mismo est\u00e1 imputado por recibir fondos de un actor sospechado de narcotr\u00e1fico? La contradicci\u00f3n es flagrante.<\/p>\n\n\n\n<p>Otro aspecto revelador es su defensa p\u00fablica. En una de sus reacciones, Espert declar\u00f3: \u201cNunca devolv\u00ed la plata, pero cuando supe que era narco no le agarr\u00e9 un mango m\u00e1s\u201d. Ese \u201cpero\u201d lo delata: admite que se benefici\u00f3 del dinero, pero que \u2014seg\u00fan \u00e9l\u2014 se acab\u00f3 su relaci\u00f3n con Machado en el momento en que descubri\u00f3 la acusaci\u00f3n. Esa frase trivializa el hecho de haber aceptado fondos de alguien que considera luego un personaje despreciable. Un pol\u00edtico con dignidad no acepta dinero del narco aunque diga desconocerlo; menos a\u00fan cuando su campa\u00f1a se funda en la demarcaci\u00f3n moral del que \u201cno es como los otros\u201d.<\/p>\n\n\n\n<p>La exposici\u00f3n del caso Espert no se limita a las versiones emocionales de un hombre quebrado: los documentos que comenzaron a difundirse constituyen evidencia concreta. La Naci\u00f3n, por ejemplo, revel\u00f3 registros oficiales del Bank of America que muestran una transferencia por 200 mil d\u00f3lares desde una firma vinculada a Machado, Wright Brothers Aircraft Title Inc., a una cuenta relacionada con Espert. La operaci\u00f3n no figura como \u201chonorarios\u201d o contrato leg\u00edtimo en los registros declarativos de Espert. Esa disparidad entre lo que afirma y lo que muestran los papeles es lo que m\u00e1s deslegitima su defensa.<\/p>\n\n\n\n<p>El respaldo que recibe de Javier Milei tampoco es gratuito. En medio de la tormenta, el presidente decidi\u00f3 sostenerlo p\u00fablicamente, etiquetando las acusaciones como \u201coperaciones pol\u00edticas\u201d o \u201cchimentos de peluquer\u00eda\u201d.  Esa protecci\u00f3n revela que Espert no es un outsider inc\u00f3modo, sino una pieza estrat\u00e9gica dentro del proyecto libertario. Y que, cuando las piezas se ensucian, el sistema las tapar\u00e1. Eso convierte la l\u00f3gica moralista de este gobierno en algo fr\u00e1gil: si la justicia no toca a los suyos, \u00bfQu\u00e9 valor tiene esa pr\u00e9dica de transparencia que tanto pregonaron?<\/p>\n\n\n\n<p>La reacci\u00f3n en redes sociales fue inmediata y brutal. La imagen digital de Espert se desplom\u00f3. En plataformas digitales, las menciones negativas dominaron: \u201cnarco\u201d, \u201clavado\u201d, \u201ctraici\u00f3n\u201d entre las palabras m\u00e1s repetidas. Para alguien que quer\u00eda mostrarse como un \u201cliberal honesto\u201d, ese derrumbe es demoledor. Adem\u00e1s, dentro de su propio espacio pol\u00edtico crecen los rumores de voces disidentes que proponen que baje la candidatura para evitar que el da\u00f1o se extienda al conjunto del oficialismo. <\/p>\n\n\n\n<p>Las contradicciones de Espert no solo lo debilitan a \u00e9l, sino que animan la narrativa cr\u00edtica contra el gobierno de Milei. \u00bfC\u00f3mo sostener un discurso antisistema, anticorrupci\u00f3n y de mano dura, si sus principales voceros resultan estar involucrados en acusaciones de narcotr\u00e1fico? Esa tensi\u00f3n no es accidental: es estructural. Y el caso Espert revela que la pureza moral que prometieron es sustancia gaseosa frente a los esc\u00e1ndalos.<\/p>\n\n\n\n<p>En definitiva, Jos\u00e9 Luis Espert pas\u00f3 de predicar leyes duras y cero tolerancia al delito, a llorar frente a un micr\u00f3fono mientras trata de explicar una operaci\u00f3n que compromete su propia \u00e9tica. Esa metamorfosis no es digna de piedad ni de compasi\u00f3n: es una lecci\u00f3n cruda de lo que ocurre cuando el discurso duro choca con la imposibilidad de vivirlo. Y en esa colisi\u00f3n, el que m\u00e1s pierde no es \u00e9l \u2014aunque su carrera podr\u00eda quedar devastada\u2014, sino los ciudadanos que ten\u00edan derecho a exigir coherencia de quien aspiraba a representarlos.<\/p>\n\n\n\n<p>Fuentes:<\/p>\n\n\n\n<p>.<a href=\"https:\/\/www.ambito.com\/politica\/jose-luis-espert-se-quebro-al-explicar-su-relacion-fred-machado-pero-aseguro-que-ni-pedo-sabia-que-era-narco-n6198376?utm_source=chatgpt.com\">https:\/\/www.ambito.com\/politica\/jose-luis-espert-se-quebro-al-explicar-su-relacion-fred-machado-pero-aseguro-que-ni-pedo-sabia-que-era-narco-n6198376<\/a><\/p>\n\n\n\n<p>.<a href=\"https:\/\/elpais.com\/argentina\/2025-10-04\/el-candidato-de-milei-en-buenos-aires-admite-que-recibio-200000-dolares-de-un-empresario-preso-por-narcotrafico.html?utm_source=chatgpt.com\">https:\/\/elpais.com\/argentina\/2025-10-04\/el-candidato-de-milei-en-buenos-aires-admite-que-recibio-200000-dolares-de-un-empresario-preso-por-narcotrafico.html<\/a><\/p>\n\n\n\n<p>.<a href=\"https:\/\/www.cba24n.com.ar\/argentina\/jose-luis-espert---nunca-devolvi-la-plata--pero-cuando-supe-que-era-narco-no-le-agarre-un-mango-mas-_a68e18e1da007f4fb70f2a5ae?utm_source=chatgpt.com\">https:\/\/www.cba24n.com.ar\/argentina\/jose-luis-espert&#8212;nunca-devolvi-la-plata&#8211;pero-cuando-supe-que-era-narco-no-le-agarre-un-mango-mas-_a68e18e1da007f4fb70f2a5ae<\/a><\/p>\n\n\n\n<p>.<a href=\"https:\/\/www.perfil.com\/noticias\/politica\/cae-la-imagen-digital-de-jose-luis-espert-por-el-escandalo-con-fred-machado-crecen-las-menciones-de-narco-y-lavado.phtml?utm_source=chatgpt.com\">https:\/\/www.perfil.com\/noticias\/politica\/cae-la-imagen-digital-de-jose-luis-espert-por-el-escandalo-con-fred-machado-crecen-las-menciones-de-narco-y-lavado.phtml<\/a><\/p>\n","protected":false},"excerpt":{"rendered":"<p>Durante su campa\u00f1a, Jos\u00e9 Luis Espert exig\u00eda mano dura y castigos ejemplares. Hoy, tras reconocer 200 mil d\u00f3lares vinculado a Federico \u201cFred\u201d Machado, se coloca frente al micr\u00f3fono con l\u00e1grimas y victimismo, en un giro que desnuda su doble discurso. El economista que portaba la bandera de la firmeza frente al delito ve c\u00f3mo su&#8230;<\/p>\n","protected":false},"author":9,"featured_media":9331,"comment_status":"open","ping_status":"open","sticky":false,"template":"","format":"standard","meta":{"_monsterinsights_skip_tracking":false,"_monsterinsights_sitenote_active":false,"_monsterinsights_sitenote_note":"","_monsterinsights_sitenote_category":0,"footnotes":"","jetpack_publicize_message":"","jetpack_publicize_feature_enabled":true,"jetpack_social_post_already_shared":true,"jetpack_social_options":{"image_generator_settings":{"template":"highway","default_image_id":0,"font":"","enabled":false},"version":2}},"categories":[2],"tags":[923],"class_list":["post-9330","post","type-post","status-publish","format-standard","has-post-thumbnail","hentry","category-politica","tag-espert"],"jetpack_publicize_connections":[],"_links":{"self":[{"href":"https:\/\/www.enorsai.com\/noticias\/wp-json\/wp\/v2\/posts\/9330","targetHints":{"allow":["GET"]}}],"collection":[{"href":"https:\/\/www.enorsai.com\/noticias\/wp-json\/wp\/v2\/posts"}],"about":[{"href":"https:\/\/www.enorsai.com\/noticias\/wp-json\/wp\/v2\/types\/post"}],"author":[{"embeddable":true,"href":"https:\/\/www.enorsai.com\/noticias\/wp-json\/wp\/v2\/users\/9"}],"replies":[{"embeddable":true,"href":"https:\/\/www.enorsai.com\/noticias\/wp-json\/wp\/v2\/comments?post=9330"}],"version-history":[{"count":1,"href":"https:\/\/www.enorsai.com\/noticias\/wp-json\/wp\/v2\/posts\/9330\/revisions"}],"predecessor-version":[{"id":9332,"href":"https:\/\/www.enorsai.com\/noticias\/wp-json\/wp\/v2\/posts\/9330\/revisions\/9332"}],"wp:featuredmedia":[{"embeddable":true,"href":"https:\/\/www.enorsai.com\/noticias\/wp-json\/wp\/v2\/media\/9331"}],"wp:attachment":[{"href":"https:\/\/www.enorsai.com\/noticias\/wp-json\/wp\/v2\/media?parent=9330"}],"wp:term":[{"taxonomy":"category","embeddable":true,"href":"https:\/\/www.enorsai.com\/noticias\/wp-json\/wp\/v2\/categories?post=9330"},{"taxonomy":"post_tag","embeddable":true,"href":"https:\/\/www.enorsai.com\/noticias\/wp-json\/wp\/v2\/tags?post=9330"}],"curies":[{"name":"wp","href":"https:\/\/api.w.org\/{rel}","templated":true}]}}