{"id":931,"date":"2025-02-09T21:12:45","date_gmt":"2025-02-10T00:12:45","guid":{"rendered":"https:\/\/www.enorsai.com\/noticias\/?p=931"},"modified":"2025-02-09T21:14:02","modified_gmt":"2025-02-10T00:14:02","slug":"katopodis-desnuda-la-crisis-del-peronismo-no-estamos-a-la-altura-de-la-angustia-de-la-gente","status":"publish","type":"post","link":"https:\/\/www.enorsai.com\/noticias\/politica\/katopodis-desnuda-la-crisis-del-peronismo-no-estamos-a-la-altura-de-la-angustia-de-la-gente\/","title":{"rendered":"Katopodis desnuda la crisis del peronismo: \u00abNo estamos a la altura de la angustia de la gente\u00bb"},"content":{"rendered":"\n<h3 class=\"wp-block-heading\"><\/h3>\n\n\n\n<hr class=\"wp-block-separator has-alpha-channel-opacity\"\/>\n\n\n\n<h3 class=\"wp-block-heading\"><\/h3>\n\n\n\n<p>En una entrevista con&nbsp;<em>Radio 10<\/em>, Gabriel Katopodis, ministro de Infraestructura bonaerense, admiti\u00f3 que el peronismo no est\u00e1 conectando con las preocupaciones de la gente. Critic\u00f3 duramente al gobierno de Milei, defendi\u00f3 la gesti\u00f3n de Axel Kicillof y plante\u00f3 la necesidad de un peronismo m\u00e1s cercano y combativo. \u00bfPodr\u00e1 el movimiento reconectar con una sociedad que clama por respuestas?<\/p>\n\n\n\n<hr class=\"wp-block-separator has-alpha-channel-opacity\"\/>\n\n\n\n<h3 class=\"wp-block-heading\"><\/h3>\n\n\n\n<p>En una entrevista franca y sin tapujos en&nbsp;<em>Radio 10<\/em>, Gabriel Katopodis, ministro de Infraestructura y Servicios P\u00fablicos de la provincia de Buenos Aires, puso sobre la mesa los desaf\u00edos que enfrenta el peronismo en un contexto de crisis econ\u00f3mica, social y pol\u00edtica. Con una mirada autocr\u00edtica, Katopodis admiti\u00f3 que el movimiento no est\u00e1 conectando con las preocupaciones cotidianas de la gente, mientras critic\u00f3 con dureza al gobierno de Javier Milei y defendi\u00f3 la gesti\u00f3n de Axel Kicillof como la \u00ab\u00faltima trinchera\u00bb del peronismo.<\/p>\n\n\n\n<p>\u00ab<strong>No estamos a la altura de la angustia que est\u00e1 expresando claramente la calle<\/strong>\u00ab, reconoci\u00f3 Katopodis, en un momento de sinceridad poco com\u00fan en la pol\u00edtica argentina. Seg\u00fan el ministro, el peronismo debe dar un giro urgente para reconectar con una sociedad que clama por respuestas concretas: trabajo, tranquilidad y prosperidad. \u00ab<strong>La gente quiere vivir bien, y nosotros, desde el peronismo, tenemos que entender qu\u00e9 le proponemos para eso<\/strong>\u00ab, afirm\u00f3.<\/p>\n\n\n\n<p>Katopodis no solo hizo autocr\u00edtica, sino que tambi\u00e9n lanz\u00f3 duras acusaciones contra el gobierno nacional. \u00ab<strong>Enfrente hay una fuerza de centroderecha muy bien organizada, muy poderosa a nivel mundial y regional, pero ac\u00e1 en Argentina, con nombres propios, con gente que ya conocemos de much\u00edsimos a\u00f1os, que viene a saquear el pa\u00eds<\/strong>\u00ab, sentenci\u00f3. Para el ministro, el modelo de Milei no es nuevo: \u00ab<strong>Es el mismo que ya fracas\u00f3 con Mart\u00ednez de Hoz y con el Rodrigazo<\/strong>\u00ab.<\/p>\n\n\n\n<p>Uno de los ejes de la entrevista fue la defensa de la gesti\u00f3n de Axel Kicillof en la provincia de Buenos Aires. Katopodis describi\u00f3 al gobernador como un l\u00edder que \u00ab<strong>pone el cuerpo y no se rinde<\/strong>\u00ab, y destac\u00f3 su compromiso con la obra p\u00fablica y las pol\u00edticas sociales. \u00ab<strong>Axel no se puede dar el lujo de quedarse discutiendo en internas. La provincia de Buenos Aires no se puede dar el lujo de frenar la obra p\u00fablica<\/strong>\u00ab, afirm\u00f3.<\/p>\n\n\n\n<p>El ministro tambi\u00e9n critic\u00f3 el recorte de fondos a las provincias por parte del gobierno nacional. \u00ab<strong>Nos sacaron 700 mil millones de pesos, que nos hubiesen permitido tener 10.000 patrulleros m\u00e1s o 30.000 c\u00e1maras de videovigilancia por municipio<\/strong>\u00ab, denunci\u00f3. Para Katopodis, la inseguridad no se resuelve con \u00ab<strong>campanitas en las redes<\/strong>\u00ab, sino con inversi\u00f3n y pol\u00edticas serias.<\/p>\n\n\n\n<p>En un momento de la entrevista, Katopodis abord\u00f3 el tema de las PASO y la estrategia electoral del peronismo. \u00ab<strong>Tenemos que escuchar a todos, dialogar con todos, y tomar la decisi\u00f3n que mejor le convenga a los bonaerenses<\/strong>\u00ab, dijo, en referencia a la posibilidad de desdoblar las elecciones. Sin embargo, dej\u00f3 en claro que el objetivo principal es \u00ab<strong>frenar a Milei<\/strong>\u00bb y defender un modelo de pa\u00eds que priorice el desarrollo y la inclusi\u00f3n.<\/p>\n\n\n\n<p>El ministro tambi\u00e9n se refiri\u00f3 a la figura de Kicillof como un posible candidato presidencial en 2027. \u00ab<strong>Cada vez que atacan a Cristina o a Axel, los atacan porque son nuestros mejores dirigentes<\/strong>\u00ab, afirm\u00f3. Para Katopodis, Kicillof representa un modelo de pa\u00eds opuesto al de Milei: \u00ab<strong>Un pa\u00eds con naciones, una sociedad amalgamada, con oportunidades para todos<\/strong>\u00ab.<\/p>\n\n\n\n<p>La entrevista cerr\u00f3 con un llamado a la militancia y a la acci\u00f3n. \u00ab<strong>No podemos naturalizar que cinco vivos se queden con toda la riqueza del pa\u00eds<\/strong>\u00ab, dijo Katopodis, y convoc\u00f3 a construir un peronismo \u00ab<strong>m\u00e1s cercano, m\u00e1s horizontal y m\u00e1s fuerte<\/strong>\u00ab.<\/p>\n\n\n\n<hr class=\"wp-block-separator has-alpha-channel-opacity\"\/>\n\n\n\n<h3 class=\"wp-block-heading\"><\/h3>\n\n\n\n<p>La entrevista de Gabriel Katopodis en&nbsp;<em>Radio 10<\/em>&nbsp;no solo expuso las debilidades del peronismo, sino que tambi\u00e9n plante\u00f3 un camino a seguir: reconectar con la gente, defender la provincia de Buenos Aires como trinchera y construir una alternativa cre\u00edble frente al modelo de Milei. En un contexto de crisis, el desaf\u00edo del peronismo es claro: volver a ser la voz de quienes sienten que el pa\u00eds se les escapa de las manos.<\/p>\n\n\n\n<hr class=\"wp-block-separator has-alpha-channel-opacity\"\/>\n","protected":false},"excerpt":{"rendered":"<p>En una entrevista con&nbsp;Radio 10, Gabriel Katopodis, ministro de Infraestructura bonaerense, admiti\u00f3 que el peronismo no est\u00e1 conectando con las preocupaciones de la gente. Critic\u00f3 duramente al gobierno de Milei, defendi\u00f3 la gesti\u00f3n de Axel Kicillof y plante\u00f3 la necesidad de un peronismo m\u00e1s cercano y combativo. \u00bfPodr\u00e1 el movimiento reconectar con una sociedad que&#8230;<\/p>\n","protected":false},"author":4,"featured_media":932,"comment_status":"open","ping_status":"open","sticky":false,"template":"","format":"standard","meta":{"_monsterinsights_skip_tracking":false,"_monsterinsights_sitenote_active":false,"_monsterinsights_sitenote_note":"","_monsterinsights_sitenote_category":0,"footnotes":"","jetpack_publicize_message":"","jetpack_publicize_feature_enabled":true,"jetpack_social_post_already_shared":true,"jetpack_social_options":{"image_generator_settings":{"template":"highway","default_image_id":0,"font":"","enabled":false},"version":2}},"categories":[2],"tags":[238,364,362,363,285],"class_list":["post-931","post","type-post","status-publish","format-standard","has-post-thumbnail","hentry","category-politica","tag-axel-kicillof","tag-critica-a-milei","tag-gabriel-katopodis","tag-peronismo","tag-provincia-de-buenos-aires"],"jetpack_publicize_connections":[],"_links":{"self":[{"href":"https:\/\/www.enorsai.com\/noticias\/wp-json\/wp\/v2\/posts\/931","targetHints":{"allow":["GET"]}}],"collection":[{"href":"https:\/\/www.enorsai.com\/noticias\/wp-json\/wp\/v2\/posts"}],"about":[{"href":"https:\/\/www.enorsai.com\/noticias\/wp-json\/wp\/v2\/types\/post"}],"author":[{"embeddable":true,"href":"https:\/\/www.enorsai.com\/noticias\/wp-json\/wp\/v2\/users\/4"}],"replies":[{"embeddable":true,"href":"https:\/\/www.enorsai.com\/noticias\/wp-json\/wp\/v2\/comments?post=931"}],"version-history":[{"count":1,"href":"https:\/\/www.enorsai.com\/noticias\/wp-json\/wp\/v2\/posts\/931\/revisions"}],"predecessor-version":[{"id":933,"href":"https:\/\/www.enorsai.com\/noticias\/wp-json\/wp\/v2\/posts\/931\/revisions\/933"}],"wp:featuredmedia":[{"embeddable":true,"href":"https:\/\/www.enorsai.com\/noticias\/wp-json\/wp\/v2\/media\/932"}],"wp:attachment":[{"href":"https:\/\/www.enorsai.com\/noticias\/wp-json\/wp\/v2\/media?parent=931"}],"wp:term":[{"taxonomy":"category","embeddable":true,"href":"https:\/\/www.enorsai.com\/noticias\/wp-json\/wp\/v2\/categories?post=931"},{"taxonomy":"post_tag","embeddable":true,"href":"https:\/\/www.enorsai.com\/noticias\/wp-json\/wp\/v2\/tags?post=931"}],"curies":[{"name":"wp","href":"https:\/\/api.w.org\/{rel}","templated":true}]}}