{"id":9307,"date":"2025-10-04T08:10:08","date_gmt":"2025-10-04T11:10:08","guid":{"rendered":"https:\/\/www.enorsai.com\/noticias\/?p=9307"},"modified":"2025-10-04T08:10:14","modified_gmt":"2025-10-04T11:10:14","slug":"trabajadores-despedidos-protestan-en-unicenter-y-exigen-su-reincorporacion-inmediata","status":"publish","type":"post","link":"https:\/\/www.enorsai.com\/noticias\/sociedad\/trabajadores-despedidos-protestan-en-unicenter-y-exigen-su-reincorporacion-inmediata\/","title":{"rendered":"Trabajadores despedidos protestan en Unicenter y exigen su reincorporaci\u00f3n inmediata"},"content":{"rendered":"\n<p>No hay lugar que no sufra el ajuste. <\/p>\n\n\n\n<p>Un grupo de&nbsp;<strong>trabajadores despedidos de la cadena Rod\u00f3<\/strong>&nbsp;realiz\u00f3 este jueves una manifestaci\u00f3n en la entrada del local del shopping&nbsp;<strong>Unicenter, en Mart\u00ednez<\/strong>, para exigir su reincorporaci\u00f3n. La protesta cont\u00f3 con el respaldo del&nbsp;<strong>Sindicato de Comercio Zona Norte<\/strong>, que se sum\u00f3 al reclamo contra lo que califican como&nbsp;<strong>despidos arbitrarios<\/strong>.<\/p>\n\n\n\n<h3 class=\"wp-block-heading\">Reclamo de reincorporaci\u00f3n inmediata<\/h3>\n\n\n\n<p>Los manifestantes remarcaron que las desvinculaciones \u201ccarecen de justificaci\u00f3n\u201d y exigieron su&nbsp;<strong>inmediata marcha atr\u00e1s<\/strong>. Con pancartas y c\u00e1nticos, visibilizaron la situaci\u00f3n en uno de los shoppings m\u00e1s concurridos de la provincia de Buenos Aires, buscando interpelar tanto a los clientes como a la empresa.<\/p>\n\n\n\n<p>Desde el gremio se\u00f1alaron que la decisi\u00f3n empresaria atenta contra los derechos laborales y que&nbsp;<strong>\u201cno hay excusa que justifique dejar familias en la calle\u201d<\/strong>.<\/p>\n\n\n\n<figure class=\"wp-block-embed is-type-rich is-provider-twitter wp-block-embed-twitter\"><div class=\"wp-block-embed__wrapper\">\n<blockquote class=\"twitter-tweet\" data-width=\"550\" data-dnt=\"true\"><p lang=\"es\" dir=\"ltr\">Movilizaci\u00f3n por despidos adentro del Unicenter. No venden ni en un shopping de SAN ISIDRO. Experto en crecimiento econ\u00f3mico sin dinero <a href=\"https:\/\/t.co\/M9iUJj4xIZ\">pic.twitter.com\/M9iUJj4xIZ<\/a><\/p>&mdash; Arrepentidos de Milei (@ArrepentidosLLA) <a href=\"https:\/\/twitter.com\/ArrepentidosLLA\/status\/1973862334868435072?ref_src=twsrc%5Etfw\">October 2, 2025<\/a><\/blockquote><script async src=\"https:\/\/platform.twitter.com\/widgets.js\" charset=\"utf-8\"><\/script>\n<\/div><\/figure>\n\n\n\n<h3 class=\"wp-block-heading\">Creciente conflictividad laboral<\/h3>\n\n\n\n<p>El caso de Rod\u00f3 se inscribe en un&nbsp;<strong>contexto de tensi\u00f3n creciente en el mercado laboral<\/strong>, con aumentos de despidos y conflictos sindicales en distintos sectores. Para los trabajadores, la reincorporaci\u00f3n es el \u00fanico camino posible, mientras que el sindicato advirti\u00f3 que&nbsp;<strong>intensificar\u00e1 las medidas<\/strong>&nbsp;si no hay una respuesta favorable.<\/p>\n","protected":false},"excerpt":{"rendered":"<p>No hay lugar que no sufra el ajuste. Un grupo de&nbsp;trabajadores despedidos de la cadena Rod\u00f3&nbsp;realiz\u00f3 este jueves una manifestaci\u00f3n en la entrada del local del shopping&nbsp;Unicenter, en Mart\u00ednez, para exigir su reincorporaci\u00f3n. La protesta cont\u00f3 con el respaldo del&nbsp;Sindicato de Comercio Zona Norte, que se sum\u00f3 al reclamo contra lo que califican como&nbsp;despidos arbitrarios&#8230;.<\/p>\n","protected":false},"author":16,"featured_media":9308,"comment_status":"open","ping_status":"open","sticky":false,"template":"","format":"standard","meta":{"_monsterinsights_skip_tracking":false,"_monsterinsights_sitenote_active":false,"_monsterinsights_sitenote_note":"","_monsterinsights_sitenote_category":0,"footnotes":"","jetpack_publicize_message":"","jetpack_publicize_feature_enabled":true,"jetpack_social_post_already_shared":true,"jetpack_social_options":{"image_generator_settings":{"template":"highway","default_image_id":0,"font":"","enabled":false},"version":2}},"categories":[4],"tags":[],"class_list":["post-9307","post","type-post","status-publish","format-standard","has-post-thumbnail","hentry","category-sociedad"],"jetpack_publicize_connections":[],"_links":{"self":[{"href":"https:\/\/www.enorsai.com\/noticias\/wp-json\/wp\/v2\/posts\/9307","targetHints":{"allow":["GET"]}}],"collection":[{"href":"https:\/\/www.enorsai.com\/noticias\/wp-json\/wp\/v2\/posts"}],"about":[{"href":"https:\/\/www.enorsai.com\/noticias\/wp-json\/wp\/v2\/types\/post"}],"author":[{"embeddable":true,"href":"https:\/\/www.enorsai.com\/noticias\/wp-json\/wp\/v2\/users\/16"}],"replies":[{"embeddable":true,"href":"https:\/\/www.enorsai.com\/noticias\/wp-json\/wp\/v2\/comments?post=9307"}],"version-history":[{"count":1,"href":"https:\/\/www.enorsai.com\/noticias\/wp-json\/wp\/v2\/posts\/9307\/revisions"}],"predecessor-version":[{"id":9309,"href":"https:\/\/www.enorsai.com\/noticias\/wp-json\/wp\/v2\/posts\/9307\/revisions\/9309"}],"wp:featuredmedia":[{"embeddable":true,"href":"https:\/\/www.enorsai.com\/noticias\/wp-json\/wp\/v2\/media\/9308"}],"wp:attachment":[{"href":"https:\/\/www.enorsai.com\/noticias\/wp-json\/wp\/v2\/media?parent=9307"}],"wp:term":[{"taxonomy":"category","embeddable":true,"href":"https:\/\/www.enorsai.com\/noticias\/wp-json\/wp\/v2\/categories?post=9307"},{"taxonomy":"post_tag","embeddable":true,"href":"https:\/\/www.enorsai.com\/noticias\/wp-json\/wp\/v2\/tags?post=9307"}],"curies":[{"name":"wp","href":"https:\/\/api.w.org\/{rel}","templated":true}]}}