{"id":9294,"date":"2025-10-03T16:46:10","date_gmt":"2025-10-03T19:46:10","guid":{"rendered":"https:\/\/www.enorsai.com\/noticias\/?p=9294"},"modified":"2025-10-03T18:58:25","modified_gmt":"2025-10-03T21:58:25","slug":"que-hay-detras-de-la-toma-de-datos-biometricos-a-los-docentes","status":"publish","type":"post","link":"https:\/\/www.enorsai.com\/noticias\/sociedad\/que-hay-detras-de-la-toma-de-datos-biometricos-a-los-docentes\/","title":{"rendered":"Qu\u00e9 hay detr\u00e1s de la toma de datos biom\u00e9tricos a los\u00a0docentes"},"content":{"rendered":"\n<p>Desde el gobierno de Jorge Macri aumenta la presi\u00f3n a sindicatos, directivos y docentes para implementar una medida inconsulta, que oculta un trasfondo que busca no salir a la luz, y que ac\u00e1 te contamos en exclusiva.<\/p>\n\n\n\n<p>Desde hace unos meses, pr\u00e1cticamente en solitario, el sindicato docente Ademys sali\u00f3 a hacer frente a una directiva del gobierno de la Ciudad de Buenos Aires que, bajo el manto de una mejora en el servicio de liquidaci\u00f3n de haberes,&nbsp;<strong>parece ocultar un persecuci\u00f3n hacia un gremio atomizado que parece incapaz de mantener un postura firme ante un nuevo avasallamiento<\/strong>&nbsp;que se suma a la pol\u00e9mica nueva \u00abreforma educativa\u00bb,&nbsp;<a href=\"https:\/\/noticiaslainsuperable.com.ar\/tag\/ba-aprende\/\">BA Aprende<\/a>, que viene a pauperizar a\u00fan m\u00e1s a la educaci\u00f3n secundaria porte\u00f1a.<\/p>\n\n\n\n<p>\u00ab<em>Desde que el gobierno comenz\u00f3 con el intento de imponer la huella dactilar para acreditar el presentismo docente y no docente, el rechazo en las escuelas fue contundente. Es as\u00ed, que el Gobierno ha llevado adelante&nbsp;<strong>todo tipo de amenazas a la docencia<\/strong>&nbsp;y a Ademys por organizar el rechazo y no deja de enviar comunicados donde intenta intimidar ya sea por los canales oficiales o a trav\u00e9s de supervisiones o conducciones que se prestan a tal fin. Tambi\u00e9n, algunos sindicatos orientan a sus afilidxs que \u201cpongan la huella porque les pueden descontar\u201d o \u201cno se puede hacer nada<\/em>\u201d\u00bb -se\u00f1alan desde Ademys-. Y agregan-: \u00ab<em>El gobierno insiste en<strong>&nbsp;entregar los datos personales de la docencia a una empresa privada<\/strong>&nbsp;sin dar ning\u00fan tipo de informaci\u00f3n sobre el uso de los mismos ni sobre los fondos que destina para tal fin\u00bb<\/em>.<\/p>\n\n\n\n<h2 class=\"wp-block-heading\">Sin respuestas a la Legislatura<\/h2>\n\n\n\n<p>Desde Noticias La Insuperable nos proponemos dar luz sobre una medida oculta bajo siete llaves, que ha llevado al gobierno que encabeza Jorge Macri a&nbsp;<strong>deso\u00edr los pedidos de informes emanados desde la Legislatura<\/strong>&nbsp;que buscan respuestas ante una medida compulsiva, inconsulta, y que huele m\u00e1s a negociado que otra cosa. Tras casi 20 a\u00f1os en el gobierno, el PRO se ha acostumbrado, lamentablemente, a gobernar sin dar explicaciones<\/p>\n\n\n\n<p>Las preguntas de los legisladores que han quedado en el vac\u00edo, m\u00e1s all\u00e1 del costo operativo, equiparan la implementaci\u00f3n con&nbsp;<strong>la desastrosa tercerizaci\u00f3n en el sistema de licencias m\u00e9dicas del personal docente y municipal de la Ciudad<\/strong>&nbsp;que fue privatizado y, que desde su puesta en funcionamiento, no ha tra\u00eddo nada m\u00e1s que problemas para los trabajadores as\u00ed como errores en las liquidaciones, duplicaciones de haberes y descuentos salariales compulsivos.<\/p>\n\n\n\n<p>\u00ab<em>Se utilizan cifras millonarias del presupuesto en estos negociados, mientras los salarios del personal docente por cargo se encuentra por debajo de la l\u00ednea de la pobreza, y se sigue sin invertir los recursos necesarios para responder las&nbsp;<strong>problem\u00e1ticas de infraestructura en escuelas<\/strong>&nbsp;que cada vez que llueve se inundan o tienen filtraciones, colegios que se cayeron techos o con problemas en las instalaciones el\u00e9ctricas, falta de calefacci\u00f3n y sistema de refrigeraci\u00f3n adecuado, o tienen ratas y plagas, y no cuentan con los recursos y el equipamiento necesario para el dictado de clases adecuadamente<\/em>\u00ab, detalla uno de los pedidos presentados, en este caso por la docente y legisladora Mercedes Trimarchi.<\/p>\n\n\n\n<p>Si bien desde el gobierno no se explica nada, ac\u00e1 sacaremos a la luz un proyecto del ministerio de Educaci\u00f3n que encabeza&nbsp;<strong>Mercedes Miguel, que no contenta con implementar una reforma educativa que parece tener por objetivo bajar la calidad acad\u00e9mica, lanza una licitaci\u00f3n digitada<\/strong>&nbsp;que, adem\u00e1s de oler a negocios de amigos, deja a las claras el poco conocimiento que tienen las autoridades sobre el funcionamiento de las escuelas porte\u00f1as y que parece querer perseguir docentes, dejando adem\u00e1s&nbsp;<strong>una puerta abierta a la exposici\u00f3n de los datos del personal<\/strong>.<\/p>\n\n\n\n<h2 class=\"wp-block-heading\">Los ruidos<\/h2>\n\n\n\n<p>Para llevar adelante el control, el gobierno porte\u00f1o lanz\u00f3 adelante una licitaci\u00f3n que prev\u00e9 la apertura de sobres para el cinco de diciembre de este a\u00f1o, a fin de realizar durante el receso todas las instalaciones t\u00e9cnicas pertinentes en los establecimientos educativos porte\u00f1os e iniciar 2026 con la implementaci\u00f3n.<\/p>\n\n\n\n<p>\u00ab<em>La Subsecretar\u00eda de Gesti\u00f3n de Recursos Humanos efect\u00faa la presente contrataci\u00f3n para la adquisici\u00f3n de relojes de control biom\u00e9trico y el software necesario para su funcionamiento, administraci\u00f3n y monitoreo, mediante el mecanismo de orden de compra abierta, con destino principal a establecimientos educativos del Gobierno de la Ciudad Aut\u00f3noma de Buenos Aires<\/em>\u00ab, indica el pliego de especificaciones t\u00e9cnicas.<\/p>\n\n\n\n<p>Y a continuaci\u00f3n&nbsp;<strong>ya empiezan \u00ablos ruidos\u00bb: lo que parecer\u00eda una licitaci\u00f3n amplia y transparente de golpe se ve limitada a poqu\u00edsimos<\/strong>. Y es que solo se aceptar\u00e1n productos de una marca determinada. El art\u00edculo comienza diciendo: \u00abLos equipos a proveer deber\u00e1n ser relojes de control biom\u00e9trico&nbsp;<strong>marca ZKTeco<\/strong>, nuevos, originales de f\u00e1brica y de primera calidad\u00bb.&nbsp;<strong>S\u00f3lo ZKTeco; ning\u00fan otro<\/strong>.<\/p>\n\n\n\n<figure class=\"wp-block-image\"><img decoding=\"async\" src=\"https:\/\/noticiaslainsuperable.com.ar\/wp-content\/uploads\/2025\/10\/qq1-1.png?w=643\" alt=\"\" class=\"wp-image-105379\"\/><\/figure>\n\n\n\n<h2 class=\"wp-block-heading\">Los chinos<\/h2>\n\n\n\n<p><strong>ZKTeco es una empresa china&nbsp;<\/strong>especializada en soluciones biom\u00e9tricas y de seguridad. Se dedica al desarrollo y fabricaci\u00f3n de tecnolog\u00edas de&nbsp;<strong>identificaci\u00f3n biom\u00e9trica<\/strong>: huellas dactilares, reconocimiento facial, reconocimiento del iris, lectura de venas, etc. El pliego de especificaciones t\u00e9cnicas indica las dos primeras (<strong>huellas y reconocimiento facial<\/strong>) como los medios pertinentes de identificaci\u00f3n para docentes y no docentes. Adem\u00e1s la empresa, en sus servicios, integra software para administrar estos sistemas: plataformas de gesti\u00f3n, control centralizado, conectividad con sistemas empresariales, etc.<\/p>\n\n\n\n<p>Fundada en 1998, ZKTeco es una compa\u00f1\u00eda que cotiza en la Bolsa de Shenzhen (China).&nbsp;<strong>El capital mayoritario de la compa\u00f1\u00eda est\u00e1 en manos de un chino del que poco se sabe: Quanhong Che<\/strong>, quien seg\u00fan&nbsp;<a href=\"https:\/\/simplywall.st\/stocks\/cn\/tech\/szse-301330\/zkteco-shares\/news\/insiders-are-the-top-stockholders-in-zkteco-co-ltd-szse30133?utm_source=chatgpt.com\">SimplyWall<\/a>&nbsp;posee el 53% de la empresa.<\/p>\n\n\n\n<h2 class=\"wp-block-heading\">24 vulnerabilidades cr\u00edticas<\/h2>\n\n\n\n<p>M\u00e1s all\u00e1 de desconocer qui\u00e9nes son los chinos que tendr\u00e1n a su disposici\u00f3n la informaci\u00f3n de miles de trabajadores de la educaci\u00f3n,&nbsp;<strong>es realmente ZKTeco un sistema confiable.&nbsp;<a href=\"https:\/\/www.biometricupdate.com\/202406\/kaspersky-finds-critical-vulnerabilities-in-zkteco-biometric-access-control-terminal?utm_source=chatgpt.com\">Seg\u00fan la reconocida empresa internacional de ciberseguridad&nbsp;<em>Kaspersky<\/em>, la respuesta es NO<\/a><\/strong>.<\/p>\n\n\n\n<p>En junio de 2024,&nbsp;<strong>Kaspersky public\u00f3 un informe en el que identific\u00f3 24 vulnerabilidades cr\u00edticas en terminales h\u00edbridos biom\u00e9tricos de ZKTeco<\/strong>, como por ejemplo, Inyecci\u00f3n SQL (SQL injection), que permitir\u00eda a un atacante insertar c\u00f3digo malicioso en la base de datos, hacerse pasar por otro usuario, etc.; lectura arbitraria de archivos que podr\u00eda&nbsp;<strong>exponer datos sensibles de biometr\u00eda y contrase\u00f1as<\/strong>; permitir escribir archivos arbitrarios, ejecutar comandos maliciosos o instalar \u201cbackdoors\u201d mediante exploits en estos dispositivos, etc. Un marca se\u00f1alada como expertos por su vulnerabilidad es la que eligi\u00f3 el gobierno porte\u00f1o \u00aba dedo\u00bb para administrar datos sensibles de sus trabajadores.<\/p>\n\n\n\n<p>Medios relevantes en la materia, como&nbsp;<a href=\"https:\/\/thehackernews.com\/2024\/06\/zkteco-biometric-system-found.html?utm_source=chatgpt.com\"><em>The Hacker News<\/em><\/a>, publicaron an\u00e1lisis y advertencias sobre c\u00f3mo esas vulnerabilidades podr\u00edan permitir a un atacante comprometer edificios, instalaciones cr\u00edticas o datos sensibles si los dispositivos no estuvieran parcheados o correctamente configurados.<\/p>\n\n\n\n<h2 class=\"wp-block-heading\">En Argentina<\/h2>\n\n\n\n<p>En nuestro pa\u00eds,&nbsp;<strong>ZKTECO ARGENTINA S.A. fue fundada en 2012 por el empresario Marcelo Alfredo Sosa y la octogenaria Norma Gloria Lenguita<\/strong>, a su vez referente en el Consejo Profesional de Trabajo Social CABA (tambi\u00e9n llamado \u201cConsejo Profesional de Graduados en Servicio Social o Trabajo Social de la Ciudad Aut\u00f3noma de Buenos Aires\u201d), entidad colegiada que regula, representa y fiscaliza el ejercicio profesional del Trabajo Social en la jurisdicci\u00f3n de la Ciudad Aut\u00f3noma de Buenos Aires. Ambos compon\u00edan el Directorio de la firma.<\/p>\n\n\n\n<p>En momentos en que el gobierno porte\u00f1o empezaba a garabatear el proceso licitatorio, en abril de este a\u00f1o, Sosa renunci\u00f3 a la presidencia del Directorio y&nbsp;<strong>fue reemplazado por un tal Mei ZHOU<\/strong>, de la que nada se sabe m\u00e1s all\u00e1 de su declarada residencia en el belgranero Barrio Chino sobre la calle 11 de septiembre.<\/p>\n\n\n\n<p>El pliego de bases y condiciones para la Licitaci\u00f3n se public\u00f3 a fines del mes de agosto. El plazo de otorgamiento es de 12 meses, pudiendo la autoridad (el gobierno) renovarlo sin m\u00e1s y establece&nbsp;<strong>una cantidad total de 800 Dispositivos de Control Biom\u00e9trico m\u00e1s el Software<\/strong>.<\/p>\n\n\n\n<p>Seg\u00fan establece la RESOLUCI\u00d3N N.\u00ba 2117\/SSGRH\/25&nbsp;<strong>el monto estimado es \u00ab<em>de Pesos Trescientos Sesenta y Dos Millones ($ 362.000.000)<\/em>\u00ab<\/strong>.<\/p>\n\n\n\n<figure class=\"wp-block-image\"><img decoding=\"async\" src=\"https:\/\/noticiaslainsuperable.com.ar\/wp-content\/uploads\/2025\/10\/qq2-1.png?w=621\" alt=\"\" class=\"wp-image-105382\"\/><\/figure>\n\n\n\n<p>Como se\u00f1alan desde Ademys, \u00ab<em>destinan dinero para empresas amigas, mientras le ponen un cepo al salario docente que pierde d\u00eda a d\u00eda frente al avance del alza en los precios<\/em>\u00ab.<\/p>\n\n\n\n<p><\/p>\n","protected":false},"excerpt":{"rendered":"<p>Desde el gobierno de Jorge Macri aumenta la presi\u00f3n a sindicatos, directivos y docentes para implementar una medida inconsulta, que oculta un trasfondo que busca no salir a la luz, y que ac\u00e1 te contamos en exclusiva. Desde hace unos meses, pr\u00e1cticamente en solitario, el sindicato docente Ademys sali\u00f3 a hacer frente a una directiva&#8230;<\/p>\n","protected":false},"author":16,"featured_media":9295,"comment_status":"open","ping_status":"open","sticky":false,"template":"","format":"standard","meta":{"_monsterinsights_skip_tracking":false,"_monsterinsights_sitenote_active":false,"_monsterinsights_sitenote_note":"","_monsterinsights_sitenote_category":0,"footnotes":"","jetpack_publicize_message":"","jetpack_publicize_feature_enabled":true,"jetpack_social_post_already_shared":true,"jetpack_social_options":{"image_generator_settings":{"template":"highway","default_image_id":0,"font":"","enabled":false},"version":2}},"categories":[4],"tags":[],"class_list":["post-9294","post","type-post","status-publish","format-standard","has-post-thumbnail","hentry","category-sociedad"],"jetpack_publicize_connections":[],"_links":{"self":[{"href":"https:\/\/www.enorsai.com\/noticias\/wp-json\/wp\/v2\/posts\/9294","targetHints":{"allow":["GET"]}}],"collection":[{"href":"https:\/\/www.enorsai.com\/noticias\/wp-json\/wp\/v2\/posts"}],"about":[{"href":"https:\/\/www.enorsai.com\/noticias\/wp-json\/wp\/v2\/types\/post"}],"author":[{"embeddable":true,"href":"https:\/\/www.enorsai.com\/noticias\/wp-json\/wp\/v2\/users\/16"}],"replies":[{"embeddable":true,"href":"https:\/\/www.enorsai.com\/noticias\/wp-json\/wp\/v2\/comments?post=9294"}],"version-history":[{"count":1,"href":"https:\/\/www.enorsai.com\/noticias\/wp-json\/wp\/v2\/posts\/9294\/revisions"}],"predecessor-version":[{"id":9296,"href":"https:\/\/www.enorsai.com\/noticias\/wp-json\/wp\/v2\/posts\/9294\/revisions\/9296"}],"wp:featuredmedia":[{"embeddable":true,"href":"https:\/\/www.enorsai.com\/noticias\/wp-json\/wp\/v2\/media\/9295"}],"wp:attachment":[{"href":"https:\/\/www.enorsai.com\/noticias\/wp-json\/wp\/v2\/media?parent=9294"}],"wp:term":[{"taxonomy":"category","embeddable":true,"href":"https:\/\/www.enorsai.com\/noticias\/wp-json\/wp\/v2\/categories?post=9294"},{"taxonomy":"post_tag","embeddable":true,"href":"https:\/\/www.enorsai.com\/noticias\/wp-json\/wp\/v2\/tags?post=9294"}],"curies":[{"name":"wp","href":"https:\/\/api.w.org\/{rel}","templated":true}]}}