{"id":9287,"date":"2025-10-03T08:55:39","date_gmt":"2025-10-03T11:55:39","guid":{"rendered":"https:\/\/www.enorsai.com\/noticias\/?p=9287"},"modified":"2025-10-03T08:55:39","modified_gmt":"2025-10-03T11:55:39","slug":"no-lo-bancan-milei-mando-a-esconder-a-espert-en-un-acto-oficial-por-el-escandalo-narco","status":"publish","type":"post","link":"https:\/\/www.enorsai.com\/noticias\/politica\/no-lo-bancan-milei-mando-a-esconder-a-espert-en-un-acto-oficial-por-el-escandalo-narco\/","title":{"rendered":"No lo bancan: Milei mand\u00f3 a esconder a Espert en un acto oficial por el esc\u00e1ndalo narco"},"content":{"rendered":"\n<p><strong><em>El candidato libertario cada vez m\u00e1s complicado por sus v\u00ednculos con el narcotraficante Fred Machado fue ubicado lejos e ignorado por la transmisi\u00f3n oficial.<\/em><\/strong><\/p>\n\n\n\n<p>Luego de que quedara expuesto por sus vinculaciones con un empresario vinculado al narcotr\u00e1fico, Jos\u00e9 Luis Espert pas\u00f3 casi desapercibido este jueves, durante el acto que encabez\u00f3 el presidente Javier Milei en la c\u00e1rcel de Ezeiza.<\/p>\n\n\n\n<p>El mandatario present\u00f3 all\u00ed el proyecto del nuevo C\u00f3digo Penal, que girar\u00e1 en breve al Congreso, y estuvo acompa\u00f1ado por los principales funcionarios de su gabinete y del Servicio Penitenciario.<\/p>\n\n\n\n<p>Antes de comenzar el acto, el locutor destac\u00f3 la presencia de la Secretaria General de la Presidencia, Karina Milei; de la ministra de Seguridad, Patricia Bullrich y sus pares de Justicia, Mariano C\u00faneo Libarona, y de Defensa, Luis Petri, entre otros.<\/p>\n\n\n\n<p>Sin embargo, no nombr\u00f3 a Espert, actual diputado de La Libertad Avanza (LLA) por la provincia de Buenos Aires, pese a que estaba en el lugar, ni tampoco apareci\u00f3 en los videos de la transmisi\u00f3n oficial, a cargo de la Oficina de la Presidencia.<\/p>\n\n\n\n<p>El legislador qued\u00f3 apuntado en los \u00faltimos d\u00edas, luego de que confirmaran desde Estados Unidos que recibi\u00f3 200 mil d\u00f3lares por parte del empresario chubutense Federico \u00abFred\u00bb Machado, investigado en Estados Unidos por narcotr\u00e1fico, para solventar su campa\u00f1a en 2019.<\/p>\n\n\n\n<p>Por Data diario<\/p>\n","protected":false},"excerpt":{"rendered":"<p>El candidato libertario cada vez m\u00e1s complicado por sus v\u00ednculos con el narcotraficante Fred Machado fue ubicado lejos e ignorado por la transmisi\u00f3n oficial. Luego de que quedara expuesto por sus vinculaciones con un empresario vinculado al narcotr\u00e1fico, Jos\u00e9 Luis Espert pas\u00f3 casi desapercibido este jueves, durante el acto que encabez\u00f3 el presidente Javier Milei&#8230;<\/p>\n","protected":false},"author":5,"featured_media":9289,"comment_status":"open","ping_status":"open","sticky":false,"template":"","format":"standard","meta":{"_monsterinsights_skip_tracking":false,"_monsterinsights_sitenote_active":false,"_monsterinsights_sitenote_note":"","_monsterinsights_sitenote_category":0,"footnotes":"","jetpack_publicize_message":"","jetpack_publicize_feature_enabled":true,"jetpack_social_post_already_shared":true,"jetpack_social_options":{"image_generator_settings":{"template":"highway","default_image_id":0,"font":"","enabled":false},"version":2}},"categories":[2],"tags":[75,923,1884],"class_list":["post-9287","post","type-post","status-publish","format-standard","has-post-thumbnail","hentry","category-politica","tag-corrupcion","tag-espert","tag-narcos"],"jetpack_publicize_connections":[],"_links":{"self":[{"href":"https:\/\/www.enorsai.com\/noticias\/wp-json\/wp\/v2\/posts\/9287","targetHints":{"allow":["GET"]}}],"collection":[{"href":"https:\/\/www.enorsai.com\/noticias\/wp-json\/wp\/v2\/posts"}],"about":[{"href":"https:\/\/www.enorsai.com\/noticias\/wp-json\/wp\/v2\/types\/post"}],"author":[{"embeddable":true,"href":"https:\/\/www.enorsai.com\/noticias\/wp-json\/wp\/v2\/users\/5"}],"replies":[{"embeddable":true,"href":"https:\/\/www.enorsai.com\/noticias\/wp-json\/wp\/v2\/comments?post=9287"}],"version-history":[{"count":1,"href":"https:\/\/www.enorsai.com\/noticias\/wp-json\/wp\/v2\/posts\/9287\/revisions"}],"predecessor-version":[{"id":9290,"href":"https:\/\/www.enorsai.com\/noticias\/wp-json\/wp\/v2\/posts\/9287\/revisions\/9290"}],"wp:featuredmedia":[{"embeddable":true,"href":"https:\/\/www.enorsai.com\/noticias\/wp-json\/wp\/v2\/media\/9289"}],"wp:attachment":[{"href":"https:\/\/www.enorsai.com\/noticias\/wp-json\/wp\/v2\/media?parent=9287"}],"wp:term":[{"taxonomy":"category","embeddable":true,"href":"https:\/\/www.enorsai.com\/noticias\/wp-json\/wp\/v2\/categories?post=9287"},{"taxonomy":"post_tag","embeddable":true,"href":"https:\/\/www.enorsai.com\/noticias\/wp-json\/wp\/v2\/tags?post=9287"}],"curies":[{"name":"wp","href":"https:\/\/api.w.org\/{rel}","templated":true}]}}