{"id":9284,"date":"2025-10-03T06:58:27","date_gmt":"2025-10-03T09:58:27","guid":{"rendered":"https:\/\/www.enorsai.com\/noticias\/?p=9284"},"modified":"2025-10-03T07:03:25","modified_gmt":"2025-10-03T10:03:25","slug":"axel-kicillof-el-pueblo-bonaerense-rechazo-las-politicas-desastrosas-de-milei","status":"publish","type":"post","link":"https:\/\/www.enorsai.com\/noticias\/politica\/axel-kicillof-el-pueblo-bonaerense-rechazo-las-politicas-desastrosas-de-milei\/","title":{"rendered":"Axel Kicillof: \u201cEl pueblo bonaerense rechaz\u00f3 las pol\u00edticas desastrosas de Milei\u201d"},"content":{"rendered":"\n<p>El gobernador bonaerense lanz\u00f3 un mensaje directo contra las pol\u00edticas del Gobierno nacional y llam\u00f3 a consolidar una alternativa pol\u00edtica de cara al 26 de octubre.<br><br>En un mensaje publicado en su cuenta oficial de X, Axel Kicillof remarc\u00f3 que las elecciones del 7 de septiembre fueron un rechazo al programa de ajuste impulsado por Javier Milei y convoc\u00f3 a la militancia y a los intendentes a fortalecer un frente federal que defienda los intereses del pueblo.<br><br>El gobernador de la provincia de Buenos Aires, Axel Kicillof, sali\u00f3 al cruce de las pol\u00edticas del presidente Javier Milei con un mensaje contundente en sus redes sociales. Seg\u00fan afirm\u00f3, el 7 de septiembre el electorado bonaerense dej\u00f3 en claro que no existe un acompa\u00f1amiento mayoritario para el rumbo de ajuste econ\u00f3mico que golpea a los trabajadores, a los jubilados y a sectores especialmente vulnerables como las personas con discapacidad.<br><br>Kicillof subray\u00f3 que el resultado electoral no fue un hecho aislado, sino un verdadero pronunciamiento popular contra el desmantelamiento del Estado y la p\u00e9rdida de derechos. \u201cFue un mensaje claro, un mensaje que demuestra que no se puede especular ni ser c\u00f3mplices del ajuste. Cuando se va de frente y con coraje, la gente acompa\u00f1a\u201d, sentenci\u00f3 el mandatario provincial, marcando as\u00ed una l\u00ednea cr\u00edtica frente a quienes optan por negociar con el oficialismo nacional.<br><br>La advertencia del gobernador llega en un contexto de creciente malestar social por las pol\u00edticas del Ejecutivo que afectan directamente la vida cotidiana. Kicillof enumer\u00f3 los riesgos de un gobierno que, seg\u00fan sus palabras, \u201camenaza la soberan\u00eda, la salud y la educaci\u00f3n\u201d. Una cr\u00edtica que no solo apunta al presente, sino que plantea un debate urgente sobre el futuro del pa\u00eds.<br><br>Con vistas a las elecciones del 26 de octubre, Kicillof inst\u00f3 a militar con convicci\u00f3n una alternativa que represente los intereses de las mayor\u00edas populares. Bajo la consigna de #FuerzaPatria, destac\u00f3 el rol de Jorge Taiana, Jimena L\u00f3pez y Juan Grabois como referentes de un espacio que busca enfrentar las pol\u00edticas del ajuste. El gobernador se mostr\u00f3 agradecido con los intendentes que participaron de la asamblea de la Federaci\u00f3n Argentina de Municipios, a quienes reconoci\u00f3 como parte esencial en la construcci\u00f3n de un federalismo real y no declamado.<br><br>La postura de Kicillof deja entrever un panorama complejo: mientras Milei avanza con medidas que profundizan la crisis social, desde la provincia m\u00e1s poblada del pa\u00eds se levanta una voz firme que denuncia las consecuencias de este modelo y reclama alternativas de poder. No se trata solo de confrontar un proyecto econ\u00f3mico, sino de defender derechos b\u00e1sicos que hoy est\u00e1n en riesgo.<br><br><\/p>\n","protected":false},"excerpt":{"rendered":"<p>El gobernador bonaerense lanz\u00f3 un mensaje directo contra las pol\u00edticas del Gobierno nacional y llam\u00f3 a consolidar una alternativa pol\u00edtica de cara al 26 de octubre. En un mensaje publicado en su cuenta oficial de X, Axel Kicillof remarc\u00f3 que las elecciones del 7 de septiembre fueron un rechazo al programa de ajuste impulsado por&#8230;<\/p>\n","protected":false},"author":11,"featured_media":9285,"comment_status":"open","ping_status":"open","sticky":false,"template":"","format":"standard","meta":{"_monsterinsights_skip_tracking":false,"_monsterinsights_sitenote_active":false,"_monsterinsights_sitenote_note":"","_monsterinsights_sitenote_category":0,"footnotes":"","jetpack_publicize_message":"","jetpack_publicize_feature_enabled":true,"jetpack_social_post_already_shared":true,"jetpack_social_options":{"image_generator_settings":{"template":"highway","default_image_id":0,"font":"","enabled":false},"version":2}},"categories":[2],"tags":[58,276,190,2529,509,104,45,249,30,292],"class_list":["post-9284","post","type-post","status-publish","format-standard","has-post-thumbnail","hentry","category-politica","tag-ajuste","tag-educacion","tag-elecciones","tag-fuerza-patria","tag-jubilados","tag-kicillof","tag-milei","tag-salud","tag-soberania","tag-trabajadores"],"jetpack_publicize_connections":[],"_links":{"self":[{"href":"https:\/\/www.enorsai.com\/noticias\/wp-json\/wp\/v2\/posts\/9284","targetHints":{"allow":["GET"]}}],"collection":[{"href":"https:\/\/www.enorsai.com\/noticias\/wp-json\/wp\/v2\/posts"}],"about":[{"href":"https:\/\/www.enorsai.com\/noticias\/wp-json\/wp\/v2\/types\/post"}],"author":[{"embeddable":true,"href":"https:\/\/www.enorsai.com\/noticias\/wp-json\/wp\/v2\/users\/11"}],"replies":[{"embeddable":true,"href":"https:\/\/www.enorsai.com\/noticias\/wp-json\/wp\/v2\/comments?post=9284"}],"version-history":[{"count":1,"href":"https:\/\/www.enorsai.com\/noticias\/wp-json\/wp\/v2\/posts\/9284\/revisions"}],"predecessor-version":[{"id":9286,"href":"https:\/\/www.enorsai.com\/noticias\/wp-json\/wp\/v2\/posts\/9284\/revisions\/9286"}],"wp:featuredmedia":[{"embeddable":true,"href":"https:\/\/www.enorsai.com\/noticias\/wp-json\/wp\/v2\/media\/9285"}],"wp:attachment":[{"href":"https:\/\/www.enorsai.com\/noticias\/wp-json\/wp\/v2\/media?parent=9284"}],"wp:term":[{"taxonomy":"category","embeddable":true,"href":"https:\/\/www.enorsai.com\/noticias\/wp-json\/wp\/v2\/categories?post=9284"},{"taxonomy":"post_tag","embeddable":true,"href":"https:\/\/www.enorsai.com\/noticias\/wp-json\/wp\/v2\/tags?post=9284"}],"curies":[{"name":"wp","href":"https:\/\/api.w.org\/{rel}","templated":true}]}}