{"id":9274,"date":"2025-10-02T23:43:23","date_gmt":"2025-10-03T02:43:23","guid":{"rendered":"https:\/\/www.enorsai.com\/noticias\/?p=9274"},"modified":"2026-03-21T19:03:51","modified_gmt":"2026-03-21T22:03:51","slug":"elisa-carrio-contra-milei-macri-y-espert-no-hay-confianza-no-hay-transparencia-la-crisis-institucional-recien-empieza","status":"publish","type":"post","link":"https:\/\/www.enorsai.com\/noticias\/politica\/elisa-carrio-contra-milei-macri-y-espert-no-hay-confianza-no-hay-transparencia-la-crisis-institucional-recien-empieza\/","title":{"rendered":"Elisa Carri\u00f3 contra Milei, Macri y Espert: \u201cNo hay confianza, no hay transparencia, la crisis institucional reci\u00e9n empieza\u201d"},"content":{"rendered":"\n<p><strong>La hist\u00f3rica referenta opositora denunci\u00f3 grave falta de confianza en el gobierno de Javier Milei, acus\u00f3 a Luis Caputo de mala praxis econ\u00f3mica, apunt\u00f3 a la complicidad de Mauricio Macri para partir la oposici\u00f3n y reclam\u00f3 a Espert que d\u00e9 explicaciones urgentes ante la Justicia por financiamiento narco. Un di\u00e1logo explosivo en LN+ con Paulino Rodrigues.<\/strong><\/p>\n\n\n\n<h2 class=\"wp-block-heading\">\u00abMilei opera en la absoluta soledad y con mala praxis\u00bb<\/h2>\n\n\n\n<p>Elisa Carri\u00f3 fue contundente: \u201cLa Argentina est\u00e1 en crisis de confianza. El gobierno tiene una incompetencia continuada en el manejo de la econom\u00eda y no hay credibilidad en el equipo de Caputo.\u201d Alerta sobre el aislamiento del oficialismo: \u201cMilei no tiene coalici\u00f3n parlamentaria, no entiende la Rep\u00fablica y repite errores b\u00e1sicos. Es un gobierno autoritario y carente de di\u00e1logo.\u201d Para Carri\u00f3, la relaci\u00f3n con Trump y el FMI refleja \u201cdesesperaci\u00f3n y sumisi\u00f3n absoluta.\u201d<\/p>\n\n\n\n<h2 class=\"wp-block-heading\">Macri responsable de la fractura: \u201cEl acuerdo con Milei empez\u00f3 mucho antes del 2023\u201d<\/h2>\n\n\n\n<p>La ex diputada revela conversaciones tempranas que anticipaban la ruptura de la oposici\u00f3n: \u201cDesde abril pasado Macri ya buscaba el quiebre con Juntos por el Cambio y el acercamiento a Milei. No fue casual: jugaba al bridge mientras debilitaba la fuerza propia y preparaba el pase.\u201d Para Carri\u00f3, la falta de estrategia y unidad dej\u00f3 expuesta a la clase media.<\/p>\n\n\n\n<h2 class=\"wp-block-heading\">El caso Espert: \u201cDebe presentarse urgente ante la Justicia\u201d<\/h2>\n\n\n\n<p>Carri\u00f3 exige m\u00e1xima transparencia tras el esc\u00e1ndalo del financiamiento de campa\u00f1a vinculado a Fred Machado: \u201cUn funcionario serio, ante una denuncia de fondos dudosos, al otro d\u00eda presenta pruebas ante el juez. Si Espert no lo hace, esconde informaci\u00f3n y debilita a toda la democracia.\u201d Subraya la necesidad de auditor\u00eda real sobre el financiamiento pol\u00edtico y denuncia el peligro de \u201cnaturalizar la corrupci\u00f3n.\u201d<\/p>\n\n\n\n<h2 class=\"wp-block-heading\">Renovar la Justicia y defender la rep\u00fablica<\/h2>\n\n\n\n<ul class=\"wp-block-list\">\n<li>Critica la concentraci\u00f3n de poder, el vaciamiento institucional y las reformas que debilitan al sistema judicial.<\/li>\n\n\n\n<li>Propone revisar concursos y ternas para jueces, promover transparencia y asegurar la independencia de los fiscales.<\/li>\n\n\n\n<li>\u00c1rbitro indispensable del futuro pol\u00edtico argentino, Carri\u00f3 pide no rendirse y apostar a un Parlamento con m\u00e1s figuras \u201ccomprometidas con la verdad\u201d.<\/li>\n<\/ul>\n\n\n\n<h2 class=\"wp-block-heading\">Frases clave de la entrevista<\/h2>\n\n\n\n<ul class=\"wp-block-list\">\n<li>\u201cLa econom\u00eda es confianza y ac\u00e1 ya no hay confianza.\u201d<\/li>\n\n\n\n<li>\u201cCaputo nunca cumpli\u00f3: prometi\u00f3 reservas y no las acumul\u00f3.\u201d<\/li>\n\n\n\n<li>\u201cEl gobierno de Milei tiene una relaci\u00f3n de sumisi\u00f3n desesperada con Trump.\u201d<\/li>\n\n\n\n<li>\u201cEspert debe presentarse ante la justicia y mostrar los papeles. Si no lo hace, le quita transparencia al proceso p\u00fablico.\u201d<\/li>\n\n\n\n<li>\u201cMacri preparaba el acuerdo con Milei mucho antes que la oposici\u00f3n se diera cuenta.\u201d<\/li>\n<\/ul>\n\n\n\n<p>\u00bfPor qu\u00e9 Carri\u00f3 critica a Milei y su equipo?<\/p>\n\n\n\n<p>Acusa mala praxis econ\u00f3mica, p\u00e9rdida de confianza general, aislamiento parlamentario y dependencia pol\u00edtica del extranjero. Afirma que no hay rumbo ni coalici\u00f3n ni transparencia.<\/p>\n\n\n\n<p> \u00bfQu\u00e9 exige Carri\u00f3 sobre el caso Espert?<\/p>\n\n\n\n<p>Transparencia total: pide que Espert aclare en la Justicia la transferencia de fondos narco y presente pruebas, para no dejar dudas sobre corrupci\u00f3n en la pol\u00edtica. <\/p>\n\n\n\n<p>\u00bfPor qu\u00e9 se\u00f1ala a Macri?<\/p>\n\n\n\n<p>Sostiene que Mauricio Macri debilit\u00f3 a la oposici\u00f3n manejando acuerdos ocultos con Milei y desarmando la unidad opositora antes de 2023. <\/p>\n\n\n\n<p>\u00bfC\u00f3mo cree Carri\u00f3 que puede salir Argentina de la crisis?<\/p>\n\n\n\n<p>Con m\u00e1s institucionalidad, justicia independiente, nuevos liderazgos honestos y participaci\u00f3n democr\u00e1tica consciente. Defiende el voto como herramienta de dignidad colectiva.<\/p>\n\n\n\n<p><strong>\u00bfCoincid\u00eds con el an\u00e1lisis de Elisa Carri\u00f3? Dej\u00e1 tu comentario o escribinos a <a href=\"mailto:enorsaionline@gmail.com\">enorsaionline@gmail.com<\/a>.<\/strong><\/p>\n\n\n\n<p><\/p>\n\n\n\n<p><\/p>\n","protected":false},"excerpt":{"rendered":"<p>La hist\u00f3rica referenta opositora denunci\u00f3 grave falta de confianza en el gobierno de Javier Milei, acus\u00f3 a Luis Caputo de mala praxis econ\u00f3mica, apunt\u00f3 a la complicidad de Mauricio Macri para partir la oposici\u00f3n y reclam\u00f3 a Espert que d\u00e9 explicaciones urgentes ante la Justicia por financiamiento narco. Un di\u00e1logo explosivo en LN+ con Paulino&#8230;<\/p>\n","protected":false},"author":5,"featured_media":9275,"comment_status":"open","ping_status":"open","sticky":false,"template":"","format":"standard","meta":{"_monsterinsights_skip_tracking":false,"_monsterinsights_sitenote_active":false,"_monsterinsights_sitenote_note":"","_monsterinsights_sitenote_category":0,"footnotes":"","jetpack_publicize_message":"","jetpack_publicize_feature_enabled":true,"jetpack_social_post_already_shared":true,"jetpack_social_options":{"image_generator_settings":{"template":"highway","default_image_id":0,"font":"","enabled":false},"version":2}},"categories":[3947,2],"tags":[184,3864,75,3855,3862,3867,225,3419,3866,923,3858,1629,514,45,2790,3863,3865],"class_list":["post-9274","post","type-post","status-publish","format-standard","has-post-thumbnail","hentry","category-corrupcion","category-politica","tag-caputo","tag-coalicion-opositora","tag-corrupcion","tag-crisis-de-confianza","tag-criticas-al-gobierno","tag-debate-argentino","tag-economia-argentina","tag-elisa-carrio","tag-entrevista-politica-2025","tag-espert","tag-financiamiento-narco","tag-ln","tag-macri","tag-milei","tag-republica","tag-television-politica","tag-transparencia-politica"],"jetpack_publicize_connections":[],"_links":{"self":[{"href":"https:\/\/www.enorsai.com\/noticias\/wp-json\/wp\/v2\/posts\/9274","targetHints":{"allow":["GET"]}}],"collection":[{"href":"https:\/\/www.enorsai.com\/noticias\/wp-json\/wp\/v2\/posts"}],"about":[{"href":"https:\/\/www.enorsai.com\/noticias\/wp-json\/wp\/v2\/types\/post"}],"author":[{"embeddable":true,"href":"https:\/\/www.enorsai.com\/noticias\/wp-json\/wp\/v2\/users\/5"}],"replies":[{"embeddable":true,"href":"https:\/\/www.enorsai.com\/noticias\/wp-json\/wp\/v2\/comments?post=9274"}],"version-history":[{"count":2,"href":"https:\/\/www.enorsai.com\/noticias\/wp-json\/wp\/v2\/posts\/9274\/revisions"}],"predecessor-version":[{"id":9278,"href":"https:\/\/www.enorsai.com\/noticias\/wp-json\/wp\/v2\/posts\/9274\/revisions\/9278"}],"wp:featuredmedia":[{"embeddable":true,"href":"https:\/\/www.enorsai.com\/noticias\/wp-json\/wp\/v2\/media\/9275"}],"wp:attachment":[{"href":"https:\/\/www.enorsai.com\/noticias\/wp-json\/wp\/v2\/media?parent=9274"}],"wp:term":[{"taxonomy":"category","embeddable":true,"href":"https:\/\/www.enorsai.com\/noticias\/wp-json\/wp\/v2\/categories?post=9274"},{"taxonomy":"post_tag","embeddable":true,"href":"https:\/\/www.enorsai.com\/noticias\/wp-json\/wp\/v2\/tags?post=9274"}],"curies":[{"name":"wp","href":"https:\/\/api.w.org\/{rel}","templated":true}]}}