{"id":9266,"date":"2025-10-02T16:08:20","date_gmt":"2025-10-02T19:08:20","guid":{"rendered":"https:\/\/www.enorsai.com\/noticias\/politica\/ocho-meses-en-rojo-milei-no-logra-frenar-su-imagen-negativa\/"},"modified":"2025-10-02T16:08:20","modified_gmt":"2025-10-02T19:08:20","slug":"ocho-meses-en-rojo-milei-no-logra-frenar-su-imagen-negativa","status":"publish","type":"post","link":"https:\/\/www.enorsai.com\/noticias\/politica\/ocho-meses-en-rojo-milei-no-logra-frenar-su-imagen-negativa\/","title":{"rendered":"Ocho meses en rojo: Milei no logra frenar su imagen negativa"},"content":{"rendered":"\n<p>La consultora Ad Hoc confirm\u00f3 que los esc\u00e1ndalos de Jos\u00e9 Luis Espert y Karina Milei marcaron la agenda digital del oficialismo en septiembre.<br><br>El salvataje financiero de Donald Trump no alcanz\u00f3 para revertir la tendencia. Las redes sociales reflejan un hartazgo creciente y un oficialismo incapaz de cerrar sus frentes de crisis.<br><br>El deterioro digital de Javier Milei no encuentra freno y ya acumula ocho meses consecutivos de imagen negativa. Los n\u00fameros de la consultora Ad Hoc son claros y lapidarios: septiembre volvi\u00f3 a te\u00f1irse de rojo, con una agenda dominada por el esc\u00e1ndalo de Jos\u00e9 Luis Espert y su v\u00ednculo con el empresario detenido por narcotr\u00e1fico Federico \u201cFred\u201d Machado. La grieta no fue un factor determinante esta vez, porque hasta en sectores libertarios comenz\u00f3 a calar hondo la sospecha de que el oficialismo est\u00e1 m\u00e1s cerca de aquello que denunci\u00f3 como \u201ccasta\u201d que de la pureza moral con la que prometi\u00f3 gobernar.<br><br>Siete de cada diez menciones a Espert durante septiembre estuvieron asociadas al financiamiento irregular recibido de Machado, una bomba pol\u00edtica que el gobierno no logr\u00f3 desactivar. El problema no es solo la conexi\u00f3n con el narcotr\u00e1fico, sino la forma en que el tema arrastr\u00f3 la figura del Presidente, exponiendo las contradicciones entre su discurso anticorrupci\u00f3n y las pr\u00e1cticas de quienes lo rodean. A la vez, los audios de Karina Milei en la Agencia Nacional de Discapacidad reaparecieron como tel\u00f3n de fondo, consolidando una narrativa de desprolijidad y favores pol\u00edticos que refuerza la percepci\u00f3n de impunidad.<br><br>Lo m\u00e1s llamativo es que ni siquiera el \u201csalvataje\u201d de Donald Trump en los mercados alcanz\u00f3 para revertir la ca\u00edda. La sinton\u00eda con el magnate estadounidense no sirvi\u00f3 de escudo frente a la opini\u00f3n p\u00fablica, porque la conversaci\u00f3n digital ya est\u00e1 marcada por la desconfianza. En las redes, cada anuncio econ\u00f3mico se diluye bajo un mar de cuestionamientos que incluyen desde el vaciamiento de hospitales como el Garrahan hasta el ahogo presupuestario de las universidades p\u00fablicas.<br><br>El informe tambi\u00e9n advierte un dato simb\u00f3lico que golpea el coraz\u00f3n del relato libertario: el t\u00e9rmino \u201ccasta\u201d dej\u00f3 de ser un grito de guerra de los seguidores de Milei. La consigna, que supo marcar el tono de campa\u00f1a, hoy es utilizada con m\u00e1s fuerza por la oposici\u00f3n que por el oficialismo. La p\u00e9rdida de esa bandera muestra hasta qu\u00e9 punto el gobierno ha extraviado su capacidad de interpelar a la sociedad con una narrativa propia.<br><br>El desgaste no solo es digital. Las encuestas reflejan una ca\u00edda en la credibilidad presidencial y una oposici\u00f3n que, aunque fragmentada, encuentra cada vez m\u00e1s combustible en los errores de gesti\u00f3n y en los esc\u00e1ndalos internos de La Libertad Avanza. La pregunta inevitable es hasta cu\u00e1ndo podr\u00e1 sostenerse un gobierno que se desgasta a velocidad r\u00e9cord, sin resultados concretos para mostrar y con un frente comunicacional que ya no responde a sus \u00f3rdenes.<br><br>En la pol\u00edtica argentina, ocho meses de imagen negativa no son un detalle menor. Son una se\u00f1al de alarma que ning\u00fan consultor serio pasar\u00eda por alto. Milei lleg\u00f3 al poder prometiendo dinamitar privilegios, pero la realidad lo expone atrapado en las mismas pr\u00e1cticas que dec\u00eda combatir. El tiempo corre y el capital simb\u00f3lico del \u201cle\u00f3n\u201d se convierte, d\u00eda tras d\u00eda, en un boomerang que erosiona la confianza ciudadana.<br><br>Fuente <\/p>\n\n\n\n<p>.<\/p>\n","protected":false},"excerpt":{"rendered":"<p>La consultora Ad Hoc confirm\u00f3 que los esc\u00e1ndalos de Jos\u00e9 Luis Espert y Karina Milei marcaron la agenda digital del oficialismo en septiembre. El salvataje financiero de Donald Trump no alcanz\u00f3 para revertir la tendencia. Las redes sociales reflejan un hartazgo creciente y un oficialismo incapaz de cerrar sus frentes de crisis. El deterioro digital&#8230;<\/p>\n","protected":false},"author":13,"featured_media":8975,"comment_status":"open","ping_status":"open","sticky":false,"template":"","format":"standard","meta":{"_monsterinsights_skip_tracking":false,"_monsterinsights_sitenote_active":false,"_monsterinsights_sitenote_note":"","_monsterinsights_sitenote_category":0,"footnotes":"","jetpack_publicize_message":"","jetpack_publicize_feature_enabled":true,"jetpack_social_post_already_shared":true,"jetpack_social_options":{"image_generator_settings":{"template":"highway","default_image_id":0,"font":"","enabled":false},"version":2}},"categories":[2],"tags":[75,43,923,27,3053,2374,45,303,925],"class_list":["post-9266","post","type-post","status-publish","format-standard","has-post-thumbnail","hentry","category-politica","tag-corrupcion","tag-crisis","tag-espert","tag-gobierno","tag-imagen","tag-machado","tag-milei","tag-narcotrafico","tag-redes"],"jetpack_publicize_connections":[],"_links":{"self":[{"href":"https:\/\/www.enorsai.com\/noticias\/wp-json\/wp\/v2\/posts\/9266","targetHints":{"allow":["GET"]}}],"collection":[{"href":"https:\/\/www.enorsai.com\/noticias\/wp-json\/wp\/v2\/posts"}],"about":[{"href":"https:\/\/www.enorsai.com\/noticias\/wp-json\/wp\/v2\/types\/post"}],"author":[{"embeddable":true,"href":"https:\/\/www.enorsai.com\/noticias\/wp-json\/wp\/v2\/users\/13"}],"replies":[{"embeddable":true,"href":"https:\/\/www.enorsai.com\/noticias\/wp-json\/wp\/v2\/comments?post=9266"}],"version-history":[{"count":0,"href":"https:\/\/www.enorsai.com\/noticias\/wp-json\/wp\/v2\/posts\/9266\/revisions"}],"wp:featuredmedia":[{"embeddable":true,"href":"https:\/\/www.enorsai.com\/noticias\/wp-json\/wp\/v2\/media\/8975"}],"wp:attachment":[{"href":"https:\/\/www.enorsai.com\/noticias\/wp-json\/wp\/v2\/media?parent=9266"}],"wp:term":[{"taxonomy":"category","embeddable":true,"href":"https:\/\/www.enorsai.com\/noticias\/wp-json\/wp\/v2\/categories?post=9266"},{"taxonomy":"post_tag","embeddable":true,"href":"https:\/\/www.enorsai.com\/noticias\/wp-json\/wp\/v2\/tags?post=9266"}],"curies":[{"name":"wp","href":"https:\/\/api.w.org\/{rel}","templated":true}]}}