{"id":9264,"date":"2025-10-02T16:11:08","date_gmt":"2025-10-02T19:11:08","guid":{"rendered":"https:\/\/www.enorsai.com\/noticias\/?p=9264"},"modified":"2025-10-02T16:11:14","modified_gmt":"2025-10-02T19:11:14","slug":"el-concepto-de-luna-de-hiel-del-encanto-al-rechazo","status":"publish","type":"post","link":"https:\/\/www.enorsai.com\/noticias\/politica\/el-concepto-de-luna-de-hiel-del-encanto-al-rechazo\/","title":{"rendered":"El concepto de \u201cluna de hiel\u201d: del encanto al rechazo"},"content":{"rendered":"\n<p>El polit\u00f3logo estadounidense Nelson Posby describi\u00f3 la luna de miel presidencial como una ventana inicial de apoyo social que, luego, se transforma en resistencia institucional y desencanto. Milei, afirma Fontevecchia, vive hoy lo opuesto: aquello que antes era virtud \u2014su histrionismo y antisistema\u2014 ahora es su mayor debilidad, generando fastidio y desconfianza social, incluso entre ex votantes.<\/p>\n\n\n\n<h2 class=\"wp-block-heading\">Mercados y sociedad: nada funciona y los n\u00fameros lo muestran<\/h2>\n\n\n\n<p>Ni el respaldo de Trump ni las medidas de Caputo logran frenar la crisis econ\u00f3mica argentina. El d\u00f3lar toc\u00f3 $1450, el BCRA vendi\u00f3 USD 500 millones en pocos d\u00edas y el riesgo pa\u00eds escal\u00f3 a 1230 puntos. Seg\u00fan Opina Argentina, la imagen negativa del gobierno alcanz\u00f3 el 58%, y uno de cada cuatro votantes del balotaje ya se siente desencantado. El gobierno de Milei enfrenta su \u201cinfierno astral\u201d institucional.<\/p>\n\n\n\n<figure class=\"wp-block-table\"><table class=\"has-fixed-layout\"><tbody><tr><th>Indicador<\/th><th>Valor<\/th><\/tr><tr><td>D\u00f3lar<\/td><td>$1450<\/td><\/tr><tr><td>Riesgo pa\u00eds<\/td><td>1230 puntos<\/td><\/tr><tr><td>Imagen negativa<\/td><td>58%<\/td><\/tr><\/tbody><\/table><\/figure>\n\n\n\n<h2 class=\"wp-block-heading\">Esc\u00e1ndalos: corrupci\u00f3n, narcotr\u00e1fico y acusaciones cruzadas<\/h2>\n\n\n\n<ul class=\"wp-block-list\">\n<li>Esc\u00e1ndalos como el Coimagate (involucrando a su hermana con remedios para discapacidad) y las denuncias contra Jos\u00e9 Luis Espert por financiamiento narco agravan el desgaste.<\/li>\n\n\n\n<li>Patricia Bullrich y la oposici\u00f3n piden explicaciones p\u00fablicas y hasta la renuncia de Espert como presidente de comisi\u00f3n, mientras la conexi\u00f3n entre Milei, Espert y Fred Machado se vuelve foco period\u00edstico y judicial.<\/li>\n\n\n\n<li>Una denuncia en EE.UU. prueba que fondos del narco Fred Machado movieron la campa\u00f1a de Espert.<\/li>\n\n\n\n<li>El abogado de Milei, Francisco Oneto, tambi\u00e9n defiende a Machado.<\/li>\n\n\n\n<li>El caso mina la credibilidad del discurso anticorrupci\u00f3n y antinarco del oficialismo.<\/li>\n<\/ul>\n\n\n\n<h2 class=\"wp-block-heading\">Riesgos pol\u00edticos y el mito del \u201cdirigente de amianto\u201d<\/h2>\n\n\n\n<p>Milei apost\u00f3 su capital pol\u00edtico a un plebiscito electoral. Cada aparici\u00f3n p\u00fablica expone el malestar y el rechazo social creciente. Fontevecchia alerta que el modelo del \u201cdirigente de amianto\u201d \u2014resiliente pero potencialmente quebradizo\u2014 podr\u00eda pulverizarse si la crisis sigue escalando. La oposici\u00f3n apuesta a dejar que el presidente siga cometiendo errores, siguiendo la m\u00e1xima de Napole\u00f3n: no interrumpir a tu adversario cuando se equivoca. \u00bfQu\u00e9 significa \u201cluna de hiel\u201d en pol\u00edtica? <\/p>\n\n\n\n<p>Es la etapa de fuerte rechazo social que sucede a la \u201cluna de miel\u201d inicial de un gobierno. Lo que antes era virtud, se convierte en defecto y en desconfianza. \u00bfQui\u00e9n es Fred Machado y por qu\u00e9 afecta a Milei y Espert?<\/p>\n\n\n\n<p>Empresario acusado de narcotr\u00e1fico en EE.UU., aport\u00f3 dinero y log\u00edstica a la campa\u00f1a de Espert. Lo vinculan tambi\u00e9n con el abogado de Milei y varias causas judiciales. \u00bfPuede la crisis terminar en un juicio pol\u00edtico?<\/p>\n\n\n\n<p>Con el creciente malestar, la oposici\u00f3n hoy tiene los votos para intentar un impeachment. Pero lo que lo frena es que el humor social no lleg\u00f3 a un punto de ebullici\u00f3n total.<\/p>\n\n\n\n<p><strong>\u00bfQu\u00e9 opin\u00e1s sobre el futuro pol\u00edtico de Milei? Dej\u00e1 tu comentario abajo o escribinos a <a href=\"mailto:enorsaionline@gmail.com\">enorsaionline@gmail.com<\/a>.<\/strong><\/p>\n\n\n\n<h2 class=\"wp-block-heading\">Sicarios del poder &#8211; <a href=\"https:\/\/www.enorsai.com.ar\/politica\/42837-sturzenegger--historia-secreta-del-saqueo--desde-negociados-familiares-hasta-la-crisis-2025.html\">Sturzenegger: historia secreta del saqueo, desde negociados familiares hasta la crisis 2025<\/a><\/h2>\n\n\n\n<p><\/p>\n","protected":false},"excerpt":{"rendered":"<p>El polit\u00f3logo estadounidense Nelson Posby describi\u00f3 la luna de miel presidencial como una ventana inicial de apoyo social que, luego, se transforma en resistencia institucional y desencanto. Milei, afirma Fontevecchia, vive hoy lo opuesto: aquello que antes era virtud \u2014su histrionismo y antisistema\u2014 ahora es su mayor debilidad, generando fastidio y desconfianza social, incluso entre&#8230;<\/p>\n","protected":false},"author":5,"featured_media":9265,"comment_status":"open","ping_status":"open","sticky":false,"template":"","format":"standard","meta":{"_monsterinsights_skip_tracking":false,"_monsterinsights_sitenote_active":false,"_monsterinsights_sitenote_note":"","_monsterinsights_sitenote_category":0,"footnotes":"","jetpack_publicize_message":"","jetpack_publicize_feature_enabled":true,"jetpack_social_post_already_shared":true,"jetpack_social_options":{"image_generator_settings":{"template":"highway","default_image_id":0,"font":"","enabled":false},"version":2}},"categories":[3,2],"tags":[3834,3835,717,282,1047,3832,3831,77,3833,45,985],"class_list":["post-9264","post","type-post","status-publish","format-standard","has-post-thumbnail","hentry","category-economia","category-politica","tag-caida-de-imagen","tag-coimagate","tag-crisis-politica","tag-dolar","tag-encuestas","tag-escandalo-espert","tag-fontevecchia","tag-juicio-politico","tag-luna-de-hiel","tag-milei","tag-oposicion"],"jetpack_publicize_connections":[],"_links":{"self":[{"href":"https:\/\/www.enorsai.com\/noticias\/wp-json\/wp\/v2\/posts\/9264","targetHints":{"allow":["GET"]}}],"collection":[{"href":"https:\/\/www.enorsai.com\/noticias\/wp-json\/wp\/v2\/posts"}],"about":[{"href":"https:\/\/www.enorsai.com\/noticias\/wp-json\/wp\/v2\/types\/post"}],"author":[{"embeddable":true,"href":"https:\/\/www.enorsai.com\/noticias\/wp-json\/wp\/v2\/users\/5"}],"replies":[{"embeddable":true,"href":"https:\/\/www.enorsai.com\/noticias\/wp-json\/wp\/v2\/comments?post=9264"}],"version-history":[{"count":1,"href":"https:\/\/www.enorsai.com\/noticias\/wp-json\/wp\/v2\/posts\/9264\/revisions"}],"predecessor-version":[{"id":9267,"href":"https:\/\/www.enorsai.com\/noticias\/wp-json\/wp\/v2\/posts\/9264\/revisions\/9267"}],"wp:featuredmedia":[{"embeddable":true,"href":"https:\/\/www.enorsai.com\/noticias\/wp-json\/wp\/v2\/media\/9265"}],"wp:attachment":[{"href":"https:\/\/www.enorsai.com\/noticias\/wp-json\/wp\/v2\/media?parent=9264"}],"wp:term":[{"taxonomy":"category","embeddable":true,"href":"https:\/\/www.enorsai.com\/noticias\/wp-json\/wp\/v2\/categories?post=9264"},{"taxonomy":"post_tag","embeddable":true,"href":"https:\/\/www.enorsai.com\/noticias\/wp-json\/wp\/v2\/tags?post=9264"}],"curies":[{"name":"wp","href":"https:\/\/api.w.org\/{rel}","templated":true}]}}