{"id":9257,"date":"2025-10-02T08:35:06","date_gmt":"2025-10-02T11:35:06","guid":{"rendered":"https:\/\/www.enorsai.com\/noticias\/?p=9257"},"modified":"2025-10-02T08:37:01","modified_gmt":"2025-10-02T11:37:01","slug":"farmaceuticos-bonaerenses-alertaron-por-la-desinformacion-sobre-el-uso-de-medicamentos","status":"publish","type":"post","link":"https:\/\/www.enorsai.com\/noticias\/sociedad\/farmaceuticos-bonaerenses-alertaron-por-la-desinformacion-sobre-el-uso-de-medicamentos\/","title":{"rendered":"Farmac\u00e9uticos bonaerenses alertaron por la desinformaci\u00f3n sobre el uso de medicamentos"},"content":{"rendered":"\n<p>El Colegio de Farmac\u00e9uticos aclar\u00f3 que no hay evidencia que vincule al paracetamol con el autismo, tras las declaraciones de Donald Trump.<\/p>\n\n\n\n<p>La presidenta del Colegio de Farmac\u00e9uticos de la provincia de Buenos Aires (COLFARMA), Alejandra G\u00f3mez, alert\u00f3 sobre la creciente desinformaci\u00f3n respecto al uso de medicamentos y cuestion\u00f3 las versiones que vinculan al paracetamol con el autismo, tras las declaraciones del presidente estadounidense, Donald Trump.<\/p>\n\n\n\n<p>A trav\u00e9s de una entrevista radial, la representante de los farmac\u00e9uticos bonaerenses relat\u00f3 su experiencia en el VII\u00b0 Encuentro Nacional de Graduados y Organizaciones Profesionales, que tuvo lugar en la Universidad Nacional de La Plata (UNLP) y analiz\u00f3 los desaf\u00edos actuales del sector.<\/p>\n\n\n\n<p>Consultada sobre las recientes expresiones del expresidente de Estados Unidos, Donald Trump, que estableci\u00f3 una relaci\u00f3n entre el uso del paracetamol durante el embarazo y el nacimiento de ni\u00f1os con autismo, G\u00f3mez sostuvo que \u201cno existe evidencia cient\u00edfica s\u00f3lida que permita establecer esa relaci\u00f3n directa\u201d.<\/p>\n\n\n\n<p>Al respecto, la titular del Colegio bonaerense alert\u00f3 que cuando se lanzan este tipo de noticias, lo primero que se genera es miedo, especialmente en embarazadas, cuando en realidad el riesgo de no tratar una fiebre en el embarazo es \u201cmucho m\u00e1s grave\u201d, seg\u00fan advirti\u00f3.<\/p>\n\n\n\n<figure class=\"wp-block-image size-full\"><img loading=\"lazy\" decoding=\"async\" width=\"800\" height=\"500\" src=\"https:\/\/www.enorsai.com\/noticias\/wp-content\/uploads\/2025\/10\/IMG-27767651-e3e0-425d-bf0a-51652177d588.jpg\" alt=\"La titular del Colegio de Farmac\u00e9uticos bonaerense, Alejandra G\u00f3mez.\" class=\"wp-image-9259\" srcset=\"https:\/\/www.enorsai.com\/noticias\/wp-content\/uploads\/2025\/10\/IMG-27767651-e3e0-425d-bf0a-51652177d588.jpg 800w, https:\/\/www.enorsai.com\/noticias\/wp-content\/uploads\/2025\/10\/IMG-27767651-e3e0-425d-bf0a-51652177d588-300x188.jpg 300w, https:\/\/www.enorsai.com\/noticias\/wp-content\/uploads\/2025\/10\/IMG-27767651-e3e0-425d-bf0a-51652177d588-768x480.jpg 768w\" sizes=\"auto, (max-width: 800px) 100vw, 800px\" \/><figcaption class=\"wp-element-caption\">La titular del Colegio de Farmac\u00e9uticos bonaerense, Alejandra G\u00f3mez.<br><\/figcaption><\/figure>\n\n\n\n<p>Adem\u00e1s, G\u00f3mez subray\u00f3 que los medicamentos, incluso los de venta libre, deben utilizarse con indicaci\u00f3n m\u00e9dica o consejo farmac\u00e9utico, ya que pueden presentar contraindicaciones o interacciones, especialmente durante el proceso de gestaci\u00f3n.<\/p>\n\n\n\n<p>En paralelo, la titular de los farmac\u00e9uticos bonaerenses destac\u00f3 la implementaci\u00f3n de la campa\u00f1a \u201cMedicamentos Seguros\u201d, una iniciativa que busca concientizar sobre los riesgos que ata\u00f1e la libre comercializaci\u00f3n de f\u00e1rmacos y que tendr\u00e1 un nuevo relanzamiento en noviembre, con la segunda edici\u00f3n de la marat\u00f3n, que busca incentivar la compra exclusiva en farmacias.<\/p>\n\n\n\n<p>Por otro lado, la referente del sector farmac\u00e9utico se refiri\u00f3 a los operativos contra la venta ilegal y remarc\u00f3: \u201cLo que defendemos es que el medicamento est\u00e9 siempre bajo la custodia del farmac\u00e9utico, porque asegura su procedencia, conservaci\u00f3n y legitimidad\u201d, al tiempo que advirti\u00f3 que las consecuencias de la venta libre, pueden ser \u201cmuy graves\u201d.<\/p>\n\n\n\n<p>A trav\u00e9s de estas definiciones, el Colegio de Farmac\u00e9uticos bonaerense reafirm\u00f3 su compromiso con la seguridad de los pacientes y con el fortalecimiento del rol profesional, frente a los desaf\u00edos actuales y la proliferaci\u00f3n de discursos paracient\u00edficos.<\/p>\n\n\n\n<p>Por Diputados Bonaerenses<\/p>\n","protected":false},"excerpt":{"rendered":"<p>El Colegio de Farmac\u00e9uticos aclar\u00f3 que no hay evidencia que vincule al paracetamol con el autismo, tras las declaraciones de Donald Trump. La presidenta del Colegio de Farmac\u00e9uticos de la provincia de Buenos Aires (COLFARMA), Alejandra G\u00f3mez, alert\u00f3 sobre la creciente desinformaci\u00f3n respecto al uso de medicamentos y cuestion\u00f3 las versiones que vinculan al paracetamol&#8230;<\/p>\n","protected":false},"author":5,"featured_media":9258,"comment_status":"open","ping_status":"open","sticky":false,"template":"","format":"standard","meta":{"_monsterinsights_skip_tracking":false,"_monsterinsights_sitenote_active":false,"_monsterinsights_sitenote_note":"","_monsterinsights_sitenote_category":0,"footnotes":"","jetpack_publicize_message":"","jetpack_publicize_feature_enabled":true,"jetpack_social_post_already_shared":true,"jetpack_social_options":{"image_generator_settings":{"template":"highway","default_image_id":0,"font":"","enabled":false},"version":2}},"categories":[4],"tags":[],"class_list":["post-9257","post","type-post","status-publish","format-standard","has-post-thumbnail","hentry","category-sociedad"],"jetpack_publicize_connections":[],"_links":{"self":[{"href":"https:\/\/www.enorsai.com\/noticias\/wp-json\/wp\/v2\/posts\/9257","targetHints":{"allow":["GET"]}}],"collection":[{"href":"https:\/\/www.enorsai.com\/noticias\/wp-json\/wp\/v2\/posts"}],"about":[{"href":"https:\/\/www.enorsai.com\/noticias\/wp-json\/wp\/v2\/types\/post"}],"author":[{"embeddable":true,"href":"https:\/\/www.enorsai.com\/noticias\/wp-json\/wp\/v2\/users\/5"}],"replies":[{"embeddable":true,"href":"https:\/\/www.enorsai.com\/noticias\/wp-json\/wp\/v2\/comments?post=9257"}],"version-history":[{"count":2,"href":"https:\/\/www.enorsai.com\/noticias\/wp-json\/wp\/v2\/posts\/9257\/revisions"}],"predecessor-version":[{"id":9261,"href":"https:\/\/www.enorsai.com\/noticias\/wp-json\/wp\/v2\/posts\/9257\/revisions\/9261"}],"wp:featuredmedia":[{"embeddable":true,"href":"https:\/\/www.enorsai.com\/noticias\/wp-json\/wp\/v2\/media\/9258"}],"wp:attachment":[{"href":"https:\/\/www.enorsai.com\/noticias\/wp-json\/wp\/v2\/media?parent=9257"}],"wp:term":[{"taxonomy":"category","embeddable":true,"href":"https:\/\/www.enorsai.com\/noticias\/wp-json\/wp\/v2\/categories?post=9257"},{"taxonomy":"post_tag","embeddable":true,"href":"https:\/\/www.enorsai.com\/noticias\/wp-json\/wp\/v2\/tags?post=9257"}],"curies":[{"name":"wp","href":"https:\/\/api.w.org\/{rel}","templated":true}]}}