{"id":9253,"date":"2025-10-02T08:30:26","date_gmt":"2025-10-02T11:30:26","guid":{"rendered":"https:\/\/www.enorsai.com\/noticias\/?p=9253"},"modified":"2025-10-02T08:30:51","modified_gmt":"2025-10-02T11:30:51","slug":"se-viene-un-salto-del-dolar-cavallo-y-la-liga-liberal-reclaman-fin-del-cepo-y-anticipan-inflacion-y-crisis-social","status":"publish","type":"post","link":"https:\/\/www.enorsai.com\/noticias\/politica\/se-viene-un-salto-del-dolar-cavallo-y-la-liga-liberal-reclaman-fin-del-cepo-y-anticipan-inflacion-y-crisis-social\/","title":{"rendered":"\u00bfSe viene un salto del d\u00f3lar? Cavallo y la liga liberal reclaman fin del cepo y anticipan inflaci\u00f3n y crisis social"},"content":{"rendered":"\n<p><\/p>\n\n\n\n<p>Domingo Cavallo reaparece desde su blog y exige un levantamiento inmediato del cepo a la compra de d\u00f3lares, con una flotaci\u00f3n totalmente libre tras las elecciones. Lacunza, Sturzenegger y otros economistas presionan p\u00fablicamente a Milei y Caputo para abandonar controles y avanzar a un ajuste cl\u00e1sico. Preocupa el \u201csalto cambiario\u201d inminente y el potencial efecto inflacionario que golpear\u00e1 a sectores vulnerables.<\/p>\n\n\n\n<h2 class=\"wp-block-heading\">Cavallo: sin cepo, d\u00f3lar libre y ajuste inmediato<\/h2>\n\n\n\n<p>El exministro reclama un fin total de las restricciones, eliminar todo cepo tanto para personas como empresas e instituir un r\u00e9gimen de flotaci\u00f3n limpia, sin bandas, apenas terminada la elecci\u00f3n. Advierte que el salto cambiario e inflacionario ser\u00e1 brutal pero transitorio y necesario para la \u201cestabilidad futura\u201d, y que Estados Unidos y el FMI terminar\u00e1n exigiendo estas reformas.<\/p>\n\n\n\n<h2 class=\"wp-block-heading\">Lacunza, Sturzenegger y la presi\u00f3n ortodoxa<\/h2>\n\n\n\n<ul class=\"wp-block-list\">\n<li>Hern\u00e1n Lacunza pide levantar el cepo posterior a octubre, usar el respaldo de EE.UU. y el FMI y mostrar consistencia fiscal, advirtiendo el golpe social de una devaluaci\u00f3n abrupta.<\/li>\n\n\n\n<li>Federico Sturzenegger y otros t\u00e9cnicos del gobierno coinciden en la necesidad de una apertura total del mercado cambiario, aunque no antes de la elecci\u00f3n para evitar una corrida que complique las chances del oficialismo.<\/li>\n<\/ul>\n\n\n\n<h2 class=\"wp-block-heading\">Riesgos: salto inflacionario y crisis social<\/h2>\n\n\n\n<p>Cavallo y otros insisten en que luego del voto, el precio del d\u00f3lar se disparar\u00e1 y habr\u00e1 m\u00e1s inflaci\u00f3n, pero que \u201cen pocos meses\u201d ambas variables se estabilizar\u00e1n. Los especialistas advierten sobre el costo social inmediato: ca\u00edda del poder adquisitivo, suba de alimentos y m\u00e1s pobreza para quienes apenas salieron de la l\u00ednea estad\u00edstica en los \u00faltimos meses. El gobierno enfrenta un dilema temporal: sostener el tipo de cambio hasta el 26 de octubre y aceptar el \u201cpartido\u201d de la devaluaci\u00f3n desde el 27 en adelante.<\/p>\n\n\n\n<figure class=\"wp-block-table\"><table class=\"has-fixed-layout\"><thead><tr><th>Economista<\/th><th>Propuesta<\/th><th>Advertencia\/Impacto<\/th><\/tr><\/thead><tbody><tr><td>Domingo Cavallo<\/td><td>Liberar el mercado y dejar flotar el d\u00f3lar tras la elecci\u00f3n<\/td><td>Salto de inflaci\u00f3n y d\u00f3lar, estabilizaci\u00f3n en meses<\/td><\/tr><tr><td>Hern\u00e1n Lacunza<\/td><td>Levantamiento del cepo tras voto, uso de apoyo EE.UU.\/FMI<\/td><td>Cuidado con el costo social y coordinar tiempos<\/td><\/tr><tr><td>Federico Sturzenegger<\/td><td>Apertura total del mercado, reformas de fondo<\/td><td>Evitarlo antes de elecciones, ir a fondo despu\u00e9s<\/td><\/tr><\/tbody><\/table><\/figure>\n\n\n\n<h3 class=\"wp-block-heading\">Enlaces internos Enorsai<\/h3>\n\n\n\n<ul class=\"wp-block-list\">\n<li><a href=\"https:\/\/enorsai.com\/economia\/001142-cavallo-liberacion-cepo-ajuste-inflacion.html\" target=\"_blank\" rel=\"noreferrer noopener\">Cavallo y la presi\u00f3n liberal: liberar el cepo y ajuste inmediato<\/a><\/li>\n\n\n\n<li><a href=\"https:\/\/enorsai.com\/politica\/001143-elecciones-dolar-ajuste-plan.html\" target=\"_blank\" rel=\"noreferrer noopener\">El d\u00f3lar, las elecciones y el plan de ajuste pos octubre<\/a><\/li>\n<\/ul>\n\n\n\n<p><strong>\u00bfQu\u00e9 opin\u00e1s? Dej\u00e1 tu comentario abajo o escribinos a <a href=\"mailto:enorsaionline@gmail.com\">enorsaionline@gmail.com<\/a><\/strong>. \u00bfQu\u00e9 pidi\u00f3 Cavallo para despu\u00e9s de las elecciones?<\/p>\n\n\n\n<p>Eliminar totalmente el cepo, dejar flotar el d\u00f3lar y asumir un salto transitorio de valor e inflaci\u00f3n, confiando en la posterior estabilidad. <a href=\"https:\/\/www.diariolaopinion.com.ar\/nacionales\/cavallo-insiste-en-la-liberacion-total-del-cepo.htm\" target=\"_blank\" rel=\"noreferrer noopener\">La Opini\u00f3n<\/a>. \u00bfQu\u00e9 impacto espera el propio Cavallo y los economistas liberales?<\/p>\n\n\n\n<p>Aumentos bruscos del d\u00f3lar y los precios, ca\u00edda del poder adquisitivo y pobreza, aunque proyectan \u201cestabilizaci\u00f3n\u201d en pocos meses. <a href=\"https:\/\/www.ambito.com\/politica\/domingo-cavallo-revelo-su-pronostico-del-dolar-deuda-e-inflacion-despues-las-elecciones-del-26-octubre-n6197048\" target=\"_blank\" rel=\"noreferrer noopener\">\u00c1mbito<\/a>. \u00bfCu\u00e1l es el consejo pol\u00edtico de los liberales para el oficialismo?<\/p>\n\n\n\n<p>No levantar el cepo antes de la elecci\u00f3n para evitar una corrida, pero avanzar con la liberalizaci\u00f3n apenas termine el proceso electoral. <a href=\"https:\/\/www.c5n.com\/economia\/domingo-cavallo-aseguro-que-el-gobierno-deberia-devaluar-y-liberar-las-restricciones-al-dolar-n216221\" target=\"_blank\" rel=\"noreferrer noopener\">C5N<\/a>. \u00bfQu\u00e9 sectores sufrir\u00e1n m\u00e1s el ajuste?<\/p>\n\n\n\n<p>El salto del d\u00f3lar y la inflaci\u00f3n golpear\u00e1 particularmente a quienes ganan en pesos, trabajadores y sectores en riesgo de pobreza. <a href=\"https:\/\/www.ambito.com\/politica\/domingo-cavallo-revelo-su-pronostico-del-dolar-deuda-e-inflacion-despues-las-elecciones-del-26-octubre-n6197048\" target=\"_blank\" rel=\"noreferrer noopener\">\u00c1mbito<\/a>.<\/p>\n","protected":false},"excerpt":{"rendered":"<p>Domingo Cavallo reaparece desde su blog y exige un levantamiento inmediato del cepo a la compra de d\u00f3lares, con una flotaci\u00f3n totalmente libre tras las elecciones. Lacunza, Sturzenegger y otros economistas presionan p\u00fablicamente a Milei y Caputo para abandonar controles y avanzar a un ajuste cl\u00e1sico. Preocupa el \u201csalto cambiario\u201d inminente y el potencial efecto&#8230;<\/p>\n","protected":false},"author":5,"featured_media":9254,"comment_status":"open","ping_status":"open","sticky":false,"template":"","format":"standard","meta":{"_monsterinsights_skip_tracking":false,"_monsterinsights_sitenote_active":false,"_monsterinsights_sitenote_note":"","_monsterinsights_sitenote_category":0,"footnotes":"","jetpack_publicize_message":"","jetpack_publicize_feature_enabled":true,"jetpack_social_post_already_shared":true,"jetpack_social_options":{"image_generator_settings":{"template":"highway","default_image_id":0,"font":"","enabled":false},"version":2}},"categories":[3,2],"tags":[3828,390,3808,3829,3632,90,3826,3827,45,3830,253],"class_list":["post-9253","post","type-post","status-publish","format-standard","has-post-thumbnail","hentry","category-economia","category-politica","tag-ajuste-inflacion","tag-cavallo","tag-cepo-dolar","tag-dolar-oficial","tag-elecciones-argentina","tag-fmi","tag-lacunza","tag-liberar-mercado-cambiario","tag-milei","tag-reforma-monetaria","tag-sturzenegger"],"jetpack_publicize_connections":[],"_links":{"self":[{"href":"https:\/\/www.enorsai.com\/noticias\/wp-json\/wp\/v2\/posts\/9253","targetHints":{"allow":["GET"]}}],"collection":[{"href":"https:\/\/www.enorsai.com\/noticias\/wp-json\/wp\/v2\/posts"}],"about":[{"href":"https:\/\/www.enorsai.com\/noticias\/wp-json\/wp\/v2\/types\/post"}],"author":[{"embeddable":true,"href":"https:\/\/www.enorsai.com\/noticias\/wp-json\/wp\/v2\/users\/5"}],"replies":[{"embeddable":true,"href":"https:\/\/www.enorsai.com\/noticias\/wp-json\/wp\/v2\/comments?post=9253"}],"version-history":[{"count":1,"href":"https:\/\/www.enorsai.com\/noticias\/wp-json\/wp\/v2\/posts\/9253\/revisions"}],"predecessor-version":[{"id":9255,"href":"https:\/\/www.enorsai.com\/noticias\/wp-json\/wp\/v2\/posts\/9253\/revisions\/9255"}],"wp:featuredmedia":[{"embeddable":true,"href":"https:\/\/www.enorsai.com\/noticias\/wp-json\/wp\/v2\/media\/9254"}],"wp:attachment":[{"href":"https:\/\/www.enorsai.com\/noticias\/wp-json\/wp\/v2\/media?parent=9253"}],"wp:term":[{"taxonomy":"category","embeddable":true,"href":"https:\/\/www.enorsai.com\/noticias\/wp-json\/wp\/v2\/categories?post=9253"},{"taxonomy":"post_tag","embeddable":true,"href":"https:\/\/www.enorsai.com\/noticias\/wp-json\/wp\/v2\/tags?post=9253"}],"curies":[{"name":"wp","href":"https:\/\/api.w.org\/{rel}","templated":true}]}}