{"id":9246,"date":"2025-09-30T17:48:33","date_gmt":"2025-09-30T20:48:33","guid":{"rendered":"https:\/\/www.enorsai.com\/noticias\/?p=9246"},"modified":"2025-09-30T17:53:26","modified_gmt":"2025-09-30T20:53:26","slug":"piden-la-expulsion-de-espert-por-vinculos-con-el-narcotrafico-y-crece-el-escandalo-en-diputados","status":"publish","type":"post","link":"https:\/\/www.enorsai.com\/noticias\/politica\/piden-la-expulsion-de-espert-por-vinculos-con-el-narcotrafico-y-crece-el-escandalo-en-diputados\/","title":{"rendered":"Piden la expulsi\u00f3n de Espert por v\u00ednculos con el narcotr\u00e1fico y crece el esc\u00e1ndalo en Diputados"},"content":{"rendered":"\n<p>Diputados de Uni\u00f3n por la Patria y del bloque Coherencia avanzaron con un proyecto de resoluci\u00f3n para excluir al libertario de su banca y de la presidencia de la Comisi\u00f3n de Presupuesto, en medio de acusaciones por financiamiento narco y fraude.<br><br>El pedido se sustenta en pruebas judiciales que lo vinculan con el empresario detenido Federico \u201cFred\u201d Machado y con aportes provenientes del narcotr\u00e1fico. Crece la tensi\u00f3n en el Congreso mientras el gobierno de Javier Milei guarda silencio frente a un hecho que erosiona la credibilidad institucional.<br><br>La figura de Jos\u00e9 Luis Espert qued\u00f3 envuelta en un hurac\u00e1n pol\u00edtico y judicial que amenaza con dinamitar su permanencia en la C\u00e1mara de Diputados. Un grupo de legisladores encabezados por Victoria Tolosa Paz y Agustina Propato present\u00f3 un proyecto de resoluci\u00f3n para expulsarlo por \u201cinhabilidad moral\u201d, con el respaldo de 28 firmas pertenecientes a Uni\u00f3n por la Patria y al bloque Coherencia, integrado por exlibertarios que supieron compartir espacio con \u00e9l. El detonante: las crecientes evidencias que lo vinculan con aportes financieros provenientes del narcotr\u00e1fico.<br><br>La acusaci\u00f3n no es liviana ni se reduce a rumores. Una investigaci\u00f3n en un tribunal de Texas revel\u00f3 transferencias, vuelos privados y hasta veh\u00edculos cedidos por Federico \u201cFred\u201d Machado, empresario detenido por narcotr\u00e1fico y fraude, a favor de las campa\u00f1as pol\u00edticas de Espert en 2019 y 2021. Entre las pruebas figura un giro de 200 mil d\u00f3lares desde un fideicomiso compartido con la empresaria Debra Mercer-Erwin, hoy condenada a 16 a\u00f1os de prisi\u00f3n por narcotr\u00e1fico y lavado de dinero. No se trata de un simple ruido medi\u00e1tico: son documentos judiciales que, en cualquier democracia seria, habr\u00edan alcanzado para inhabilitar de inmediato a un funcionario.<br><br>Sin embargo, en la Argentina de Javier Milei, el libertario sigue presidiendo la Comisi\u00f3n de Presupuesto, nada menos que el espacio donde se define la \u201cley de leyes\u201d para 2026. \u201cEspert no puede seguir al frente de la Comisi\u00f3n de Presupuesto de la C\u00e1mara de Diputados y tampoco deber\u00eda seguir ocupando una banca\u201d, lanz\u00f3 sin vueltas la diputada Sabrina Selva. La contundencia de las declaraciones atraviesa bloques y pone sobre la mesa un dilema institucional: \u00bfc\u00f3mo sostener un debate sobre las cuentas p\u00fablicas cuando la presidencia recae en alguien acusado de recibir financiamiento narco?<br><br>La respuesta del propio Espert fue minimizar el asunto y catalogarlo como parte de una \u201ccampa\u00f1a sucia\u201d. Pero la r\u00e9plica del jefe de bloque de UxP, Germ\u00e1n Mart\u00ednez, fue letal: \u201cLa \u00fanica campa\u00f1a sucia es la que \u00e9l hizo con plata del narco en 2019 y en 2021. No se trata de un invento: se trata de pruebas\u201d. Las palabras retumbaron en un Congreso donde el oficialismo libertario, hasta ahora, eligi\u00f3 mirar hacia otro lado. La omisi\u00f3n de Milei y su entorno no hace m\u00e1s que profundizar la crisis de credibilidad, mostrando un doble est\u00e1ndar que castiga a opositores con mano de hierro pero protege a los aliados aunque est\u00e9n manchados hasta el cuello.<br><br>El art\u00edculo 66 de la Constituci\u00f3n Nacional faculta a la C\u00e1mara a excluir a un legislador por \u201cinhabilidad moral\u201d. Los diputados que impulsan la expulsi\u00f3n sostienen que esa figura encaja perfectamente en el caso Espert, cuyas conexiones con redes criminales ya son de p\u00fablico conocimiento. Y aunque el tr\u00e1mite parlamentario no ser\u00e1 sencillo, el debate desnuda una verdad inc\u00f3moda: la alianza gobernante de Milei est\u00e1 dispuesta a tolerar lo intolerable con tal de mantener el control pol\u00edtico en comisiones estrat\u00e9gicas.<br><br>En los pasillos del Congreso, algunos se preguntan si el gobierno no mide el costo institucional que esto acarrea. Mantener a Espert al frente de Presupuesto es avalar que la discusi\u00f3n sobre los recursos del Estado se realice bajo la sombra del narcotr\u00e1fico. Y en un pa\u00eds asfixiado por la inflaci\u00f3n, la pobreza y el hambre, esa sombra no solo mancha, tambi\u00e9n hiere de muerte la confianza ciudadana en las instituciones.<br><br>El caso Espert no es un episodio aislado, sino un s\u00edntoma de la degradaci\u00f3n pol\u00edtica que trajo consigo el proyecto de Milei: un experimento libertario que promet\u00eda moralizar la pol\u00edtica, pero que hoy exhibe complicidades con intereses oscuros. La pregunta ya no es si Espert puede seguir en su banca, sino cu\u00e1nto m\u00e1s est\u00e1 dispuesto el oficialismo a hundir la credibilidad del Congreso con tal de salvar a uno de los suyos.<br><br>Fuente <\/p>\n\n\n\n<p>.https:\/\/www.pagina12.com.ar\/861833-piden-la-expulsion-de-espert-de-diputados<\/p>\n","protected":false},"excerpt":{"rendered":"<p>Diputados de Uni\u00f3n por la Patria y del bloque Coherencia avanzaron con un proyecto de resoluci\u00f3n para excluir al libertario de su banca y de la presidencia de la Comisi\u00f3n de Presupuesto, en medio de acusaciones por financiamiento narco y fraude. El pedido se sustenta en pruebas judiciales que lo vinculan con el empresario detenido&#8230;<\/p>\n","protected":false},"author":13,"featured_media":9245,"comment_status":"open","ping_status":"open","sticky":false,"template":"","format":"standard","meta":{"_monsterinsights_skip_tracking":false,"_monsterinsights_sitenote_active":false,"_monsterinsights_sitenote_note":"","_monsterinsights_sitenote_category":0,"footnotes":"","jetpack_publicize_message":"","jetpack_publicize_feature_enabled":true,"jetpack_social_post_already_shared":true,"jetpack_social_options":{"image_generator_settings":{"template":"highway","default_image_id":0,"font":"","enabled":false},"version":2}},"categories":[2],"tags":[257,75,260,923,76,45,303,72,1289],"class_list":["post-9246","post","type-post","status-publish","format-standard","has-post-thumbnail","hentry","category-politica","tag-congreso","tag-corrupcion","tag-diputados","tag-espert","tag-expulsion","tag-milei","tag-narcotrafico","tag-politica","tag-presupuesto"],"jetpack_publicize_connections":[],"_links":{"self":[{"href":"https:\/\/www.enorsai.com\/noticias\/wp-json\/wp\/v2\/posts\/9246","targetHints":{"allow":["GET"]}}],"collection":[{"href":"https:\/\/www.enorsai.com\/noticias\/wp-json\/wp\/v2\/posts"}],"about":[{"href":"https:\/\/www.enorsai.com\/noticias\/wp-json\/wp\/v2\/types\/post"}],"author":[{"embeddable":true,"href":"https:\/\/www.enorsai.com\/noticias\/wp-json\/wp\/v2\/users\/13"}],"replies":[{"embeddable":true,"href":"https:\/\/www.enorsai.com\/noticias\/wp-json\/wp\/v2\/comments?post=9246"}],"version-history":[{"count":1,"href":"https:\/\/www.enorsai.com\/noticias\/wp-json\/wp\/v2\/posts\/9246\/revisions"}],"predecessor-version":[{"id":9247,"href":"https:\/\/www.enorsai.com\/noticias\/wp-json\/wp\/v2\/posts\/9246\/revisions\/9247"}],"wp:featuredmedia":[{"embeddable":true,"href":"https:\/\/www.enorsai.com\/noticias\/wp-json\/wp\/v2\/media\/9245"}],"wp:attachment":[{"href":"https:\/\/www.enorsai.com\/noticias\/wp-json\/wp\/v2\/media?parent=9246"}],"wp:term":[{"taxonomy":"category","embeddable":true,"href":"https:\/\/www.enorsai.com\/noticias\/wp-json\/wp\/v2\/categories?post=9246"},{"taxonomy":"post_tag","embeddable":true,"href":"https:\/\/www.enorsai.com\/noticias\/wp-json\/wp\/v2\/tags?post=9246"}],"curies":[{"name":"wp","href":"https:\/\/api.w.org\/{rel}","templated":true}]}}