{"id":9243,"date":"2025-09-30T17:35:13","date_gmt":"2025-09-30T20:35:13","guid":{"rendered":"https:\/\/www.enorsai.com\/noticias\/?p=9243"},"modified":"2025-09-30T17:40:26","modified_gmt":"2025-09-30T20:40:26","slug":"milei-y-provincias-unidas-un-duelo-de-discursos-que-no-resuelve-la-crisis-del-pais","status":"publish","type":"post","link":"https:\/\/www.enorsai.com\/noticias\/politica\/milei-y-provincias-unidas-un-duelo-de-discursos-que-no-resuelve-la-crisis-del-pais\/","title":{"rendered":"Milei y Provincias Unidas: un duelo de discursos que no resuelve la crisis del pa\u00eds"},"content":{"rendered":"\n<p>Los gobernadores del frente opositor cargaron contra el Gobierno nacional con denuncias sobre ajuste y ninguneo al interior, pero su propia propuesta repite vicios de la pol\u00edtica tradicional.<br><br>En Chubut, los seis gobernadores de Provincias Unidas intentaron mostrarse como alternativa frente al desgaste de Javier Milei. Claudio Vidal, Ignacio Torres, Gustavo Vald\u00e9s, Carlos Sadir, Maximiliano Pullaro y Mart\u00edn Llaryora desplegaron un discurso cargado de indignaci\u00f3n contra el centralismo porte\u00f1o y la insensibilidad oficial. Sin embargo, m\u00e1s all\u00e1 de las frases altisonantes, el encuentro dej\u00f3 en evidencia que no hay proyecto s\u00f3lido ni respuestas concretas: lo que emerge es apenas otro armado electoral dispuesto a capitalizar el descontento.<br><br>El diagn\u00f3stico sobre el presente argentino fue lapidario. \u201cAs\u00ed como va, claramente nos lleva al abismo\u201d, lanz\u00f3 Vidal, apuntando al ajuste y a la falta de di\u00e1logo de la Casa Rosada. Sadir advirti\u00f3 que \u201cla motosierra no puede ser la \u00fanica herramienta de gesti\u00f3n\u201d, mientras Vald\u00e9s denunci\u00f3 que \u201clas provincias son ninguneadas\u201d desde Buenos Aires. Llaryora, m\u00e1s encendido, prometi\u00f3 \u201cponer un presidente federal en 2027\u201d y remarc\u00f3 que Milei fracas\u00f3 en construir un Estado eficiente.<br><br>Las palabras suenan potentes, pero la contradicci\u00f3n es evidente. Muchos de estos mismos gobernadores acompa\u00f1aron, en silencio o con complicidad, pol\u00edticas de endeudamiento, tarifazos y recortes que hoy critican. Vald\u00e9s gobern\u00f3 Corrientes bajo la misma l\u00f3gica de ajuste que ahora denuncia. Llaryora y Schiaretti construyeron un cordobesismo que tambi\u00e9n subordin\u00f3 lo social a la especulaci\u00f3n financiera. Torres, desde Chubut, se vende como renovador mientras negocia con las mismas empresas extractivas de siempre. Pullaro repite la muletilla de \u201cromper la polarizaci\u00f3n\u201d, pero su provincia est\u00e1 atada a acuerdos con los sectores m\u00e1s concentrados del agro y la banca.<br><br>La cr\u00edtica al Gobierno nacional, con su desprecio por la universidad p\u00fablica, los jubilados y las provincias, es justa. Milei gobierna con una motosierra que arrasa con derechos b\u00e1sicos y su modelo ultraliberal profundiza la desigualdad. Pero que los gobernadores de Provincias Unidas se muestren como salvadores resulta poco cre\u00edble: ninguno explica c\u00f3mo romper con la dependencia financiera del FMI, c\u00f3mo garantizar un modelo productivo equitativo ni c\u00f3mo sostener una redistribuci\u00f3n real de la riqueza.<br><br>El acto en Puerto Madryn, con la visita a la planta de ALUAR incluida, fue tambi\u00e9n un gesto de alineamiento con los grandes grupos empresarios. Mientras en los discursos se invoca la defensa del trabajo y la producci\u00f3n, en los hechos se convalidan privilegios de compa\u00f1\u00edas que concentran poder y condicionan la pol\u00edtica. Esa distancia entre lo que se dice y lo que se hace es lo que erosiona la confianza ciudadana.<br><br>El problema de fondo no es solo Milei ni solo Provincias Unidas: es un sistema pol\u00edtico que lleva d\u00e9cadas atrapado en la falsa disyuntiva entre dos polos mientras reproduce la pobreza estructural. La dirigencia se indigna, promete federalismo, asegura que \u201cesta vez ser\u00e1 distinto\u201d, pero cuando llega la hora de gobernar la historia se repite.<br><br>La Argentina necesita un cambio real, pero ni el modelo ultraliberal de Milei ni el armado oportunista de estos gobernadores parecen estar a la altura. La ciudadan\u00eda ya no compra discursos encendidos ni spots de campa\u00f1a: lo que exige son pol\u00edticas que devuelvan dignidad, trabajo y futuro. Y, hasta ahora, lo que ofrecen ambos bandos es apenas m\u00e1s de lo mismo.<br><br>Fuente:<\/p>\n\n\n\n<p>.https:\/\/www.infobae.com\/politica\/2025\/09\/30\/nos-lleva-al-abismo-provincias-unidas-hizo-un-duro-diagnostico-sobre-la-gestion-de-milei-con-un-discurso-antipolarizacion\/?outputType=amp-type<\/p>\n","protected":false},"excerpt":{"rendered":"<p>Los gobernadores del frente opositor cargaron contra el Gobierno nacional con denuncias sobre ajuste y ninguneo al interior, pero su propia propuesta repite vicios de la pol\u00edtica tradicional. En Chubut, los seis gobernadores de Provincias Unidas intentaron mostrarse como alternativa frente al desgaste de Javier Milei. Claudio Vidal, Ignacio Torres, Gustavo Vald\u00e9s, Carlos Sadir, Maximiliano&#8230;<\/p>\n","protected":false},"author":11,"featured_media":9242,"comment_status":"open","ping_status":"open","sticky":false,"template":"","format":"standard","meta":{"_monsterinsights_skip_tracking":false,"_monsterinsights_sitenote_active":false,"_monsterinsights_sitenote_note":"","_monsterinsights_sitenote_category":0,"footnotes":"","jetpack_publicize_message":"","jetpack_publicize_feature_enabled":true,"jetpack_social_post_already_shared":true,"jetpack_social_options":{"image_generator_settings":{"template":"highway","default_image_id":0,"font":"","enabled":false},"version":2}},"categories":[2],"tags":[58,257,15,190,1288,45,985,72,916],"class_list":["post-9243","post","type-post","status-publish","format-standard","has-post-thumbnail","hentry","category-politica","tag-ajuste","tag-congreso","tag-economia","tag-elecciones","tag-gobernadores","tag-milei","tag-oposicion","tag-politica","tag-provincias"],"jetpack_publicize_connections":[],"_links":{"self":[{"href":"https:\/\/www.enorsai.com\/noticias\/wp-json\/wp\/v2\/posts\/9243","targetHints":{"allow":["GET"]}}],"collection":[{"href":"https:\/\/www.enorsai.com\/noticias\/wp-json\/wp\/v2\/posts"}],"about":[{"href":"https:\/\/www.enorsai.com\/noticias\/wp-json\/wp\/v2\/types\/post"}],"author":[{"embeddable":true,"href":"https:\/\/www.enorsai.com\/noticias\/wp-json\/wp\/v2\/users\/11"}],"replies":[{"embeddable":true,"href":"https:\/\/www.enorsai.com\/noticias\/wp-json\/wp\/v2\/comments?post=9243"}],"version-history":[{"count":1,"href":"https:\/\/www.enorsai.com\/noticias\/wp-json\/wp\/v2\/posts\/9243\/revisions"}],"predecessor-version":[{"id":9244,"href":"https:\/\/www.enorsai.com\/noticias\/wp-json\/wp\/v2\/posts\/9243\/revisions\/9244"}],"wp:featuredmedia":[{"embeddable":true,"href":"https:\/\/www.enorsai.com\/noticias\/wp-json\/wp\/v2\/media\/9242"}],"wp:attachment":[{"href":"https:\/\/www.enorsai.com\/noticias\/wp-json\/wp\/v2\/media?parent=9243"}],"wp:term":[{"taxonomy":"category","embeddable":true,"href":"https:\/\/www.enorsai.com\/noticias\/wp-json\/wp\/v2\/categories?post=9243"},{"taxonomy":"post_tag","embeddable":true,"href":"https:\/\/www.enorsai.com\/noticias\/wp-json\/wp\/v2\/tags?post=9243"}],"curies":[{"name":"wp","href":"https:\/\/api.w.org\/{rel}","templated":true}]}}