{"id":9220,"date":"2025-09-30T05:55:51","date_gmt":"2025-09-30T08:55:51","guid":{"rendered":"https:\/\/www.enorsai.com\/noticias\/?p=9220"},"modified":"2025-09-30T06:00:46","modified_gmt":"2025-09-30T09:00:46","slug":"fracaso-en-tierra-del-fuego-javier-milei-cancelo-su-caminata-y-hablo-solo-a-un-punado-de-militantes","status":"publish","type":"post","link":"https:\/\/www.enorsai.com\/noticias\/politica\/fracaso-en-tierra-del-fuego-javier-milei-cancelo-su-caminata-y-hablo-solo-a-un-punado-de-militantes\/","title":{"rendered":"Fracaso en Tierra del Fuego: Javier Milei cancel\u00f3 su caminata y habl\u00f3 solo a un pu\u00f1ado de militantes"},"content":{"rendered":"\n<p> La visita presidencial a Ushuaia termin\u00f3 en un bochorno pol\u00edtico: protestas masivas, pintadas de repudio y un acto reducido que evidenci\u00f3 el creciente rechazo social a las pol\u00edticas del gobierno.<br><br> Lo que pretend\u00eda ser una demostraci\u00f3n de fuerza electoral en la antesala de las legislativas del 26 de octubre se transform\u00f3 en un papel\u00f3n pol\u00edtico. La resistencia de los fueguinos oblig\u00f3 a Javier Milei a suspender su caminata por la ciudad y refugiarse en un improvisado discurso frente a unos pocos seguidores, mientras crecen las cr\u00edticas a su gesti\u00f3n y a su entorno.<br><br>El desembarco de Javier Milei en Tierra del Fuego promet\u00eda una jornada de campa\u00f1a con fotos, recorridas y un acto de respaldo a su espacio pol\u00edtico. Sin embargo, lo que ocurri\u00f3 en Ushuaia estuvo lejos de esa escenograf\u00eda. El presidente se encontr\u00f3 con una ciudad movilizada en su contra, calles pintadas con consignas de repudio y un clima social que evidenci\u00f3 la profundidad del rechazo a su gesti\u00f3n.<br><br>La jornada comenz\u00f3 con un fuerte despliegue de protestas. Gremios, organizaciones sociales y militantes opositores se concentraron frente al hotel Albatros, donde se hospedaba el mandatario, para manifestar su rechazo a la apertura indiscriminada de importaciones y al ajuste econ\u00f3mico que golpea de lleno a los sectores m\u00e1s vulnerables. Las pintadas en la capital fueguina no dejaron margen para interpretaciones: apuntaban contra figuras claves de su gabinete como Federico Sturzenegger, Patricia Bullrich y Luis Caputo, adem\u00e1s de recordar las acusaciones que pesan sobre Karina Milei por supuestas irregularidades en la ANDIS.<br><br>Ante ese escenario, los organizadores decidieron suspender la caminata y el acto que estaba previsto en un polideportivo municipal. La decisi\u00f3n fue un reconocimiento t\u00e1cito de la imposibilidad de sostener una actividad p\u00fablica sin un operativo represivo que hubiese agravado a\u00fan m\u00e1s la tensi\u00f3n social. Milei, lejos de enfrentar la situaci\u00f3n, opt\u00f3 por dirigirse a un pu\u00f1ado de militantes con un meg\u00e1fono, en un discurso que son\u00f3 m\u00e1s a consuelo que a arenga.<br><br>\u201cBaj\u00f3 la inflaci\u00f3n, la inseguridad, la pobreza y la indigencia\u201d, lanz\u00f3 el presidente, en un mensaje que choc\u00f3 de lleno con la realidad cotidiana de los argentinos, marcada por salarios pulverizados, despidos y una inflaci\u00f3n que sigue carcomiendo el poder adquisitivo. La apelaci\u00f3n a \u201cno aflojar\u201d y a seguir \u201cel camino de la esperanza\u201d son\u00f3 vac\u00eda frente al escenario de creciente conflictividad social que lo oblig\u00f3 a replegarse anticipadamente.<br><br>El contraste fue evidente: mientras en la ma\u00f1ana Milei intent\u00f3 mostrarse cercano a los trabajadores del Grupo Newsan, sac\u00e1ndose fotos en una f\u00e1brica, por la tarde la presi\u00f3n popular le impidi\u00f3 siquiera caminar por las calles de Ushuaia. La visita, que buscaba instalar un clima triunfalista rumbo a las elecciones legislativas del 26 de octubre, termin\u00f3 siendo un nuevo ba\u00f1o de realidad para un gobierno cada vez m\u00e1s aislado.<br><br>El avi\u00f3n que lo devolvi\u00f3 a Buenos Aires parti\u00f3 a las 18.30, con un presidente debilitado, una hermana cuestionada y una comitiva reducida que apenas pudo disimular la incomodidad del fracaso. El episodio en Tierra del Fuego no solo expone la distancia entre el discurso oficial y la vida cotidiana de los argentinos, sino que tambi\u00e9n adelanta la magnitud de las resistencias que Milei enfrentar\u00e1 en la campa\u00f1a electoral.<br><br><br>&#8212;<br><br>Etiquetas:<br><br><br>&#8212;<br><br>\u00bfQuer\u00e9s que te prepare tambi\u00e9n una versi\u00f3n corta para redes sociales con el mismo tono cr\u00edtico?<\/p>\n","protected":false},"excerpt":{"rendered":"<p>La visita presidencial a Ushuaia termin\u00f3 en un bochorno pol\u00edtico: protestas masivas, pintadas de repudio y un acto reducido que evidenci\u00f3 el creciente rechazo social a las pol\u00edticas del gobierno. Lo que pretend\u00eda ser una demostraci\u00f3n de fuerza electoral en la antesala de las legislativas del 26 de octubre se transform\u00f3 en un papel\u00f3n pol\u00edtico&#8230;.<\/p>\n","protected":false},"author":13,"featured_media":9221,"comment_status":"open","ping_status":"open","sticky":false,"template":"","format":"standard","meta":{"_monsterinsights_skip_tracking":false,"_monsterinsights_sitenote_active":false,"_monsterinsights_sitenote_note":"","_monsterinsights_sitenote_category":0,"footnotes":"","jetpack_publicize_message":"","jetpack_publicize_feature_enabled":true,"jetpack_social_post_already_shared":true,"jetpack_social_options":{"image_generator_settings":{"template":"highway","default_image_id":0,"font":"","enabled":false},"version":2}},"categories":[2],"tags":[3816,190,1495,27,1417,45,264,984,832,3577],"class_list":["post-9220","post","type-post","status-publish","format-standard","has-post-thumbnail","hentry","category-politica","tag-comitiva","tag-elecciones","tag-fueguinos","tag-gobierno","tag-legislativas","tag-milei","tag-protestas","tag-rechazo","tag-repudio","tag-ushuaia"],"jetpack_publicize_connections":[],"_links":{"self":[{"href":"https:\/\/www.enorsai.com\/noticias\/wp-json\/wp\/v2\/posts\/9220","targetHints":{"allow":["GET"]}}],"collection":[{"href":"https:\/\/www.enorsai.com\/noticias\/wp-json\/wp\/v2\/posts"}],"about":[{"href":"https:\/\/www.enorsai.com\/noticias\/wp-json\/wp\/v2\/types\/post"}],"author":[{"embeddable":true,"href":"https:\/\/www.enorsai.com\/noticias\/wp-json\/wp\/v2\/users\/13"}],"replies":[{"embeddable":true,"href":"https:\/\/www.enorsai.com\/noticias\/wp-json\/wp\/v2\/comments?post=9220"}],"version-history":[{"count":1,"href":"https:\/\/www.enorsai.com\/noticias\/wp-json\/wp\/v2\/posts\/9220\/revisions"}],"predecessor-version":[{"id":9222,"href":"https:\/\/www.enorsai.com\/noticias\/wp-json\/wp\/v2\/posts\/9220\/revisions\/9222"}],"wp:featuredmedia":[{"embeddable":true,"href":"https:\/\/www.enorsai.com\/noticias\/wp-json\/wp\/v2\/media\/9221"}],"wp:attachment":[{"href":"https:\/\/www.enorsai.com\/noticias\/wp-json\/wp\/v2\/media?parent=9220"}],"wp:term":[{"taxonomy":"category","embeddable":true,"href":"https:\/\/www.enorsai.com\/noticias\/wp-json\/wp\/v2\/categories?post=9220"},{"taxonomy":"post_tag","embeddable":true,"href":"https:\/\/www.enorsai.com\/noticias\/wp-json\/wp\/v2\/tags?post=9220"}],"curies":[{"name":"wp","href":"https:\/\/api.w.org\/{rel}","templated":true}]}}