{"id":9214,"date":"2025-09-29T17:12:06","date_gmt":"2025-09-29T20:12:06","guid":{"rendered":"https:\/\/www.enorsai.com\/noticias\/?p=9214"},"modified":"2025-09-29T17:12:08","modified_gmt":"2025-09-29T20:12:08","slug":"milei-enfrenta-un-masivo-repudio-en-ushuaia-en-medio-de-un-fuerte-operativo-policial","status":"publish","type":"post","link":"https:\/\/www.enorsai.com\/noticias\/politica\/milei-enfrenta-un-masivo-repudio-en-ushuaia-en-medio-de-un-fuerte-operativo-policial\/","title":{"rendered":"Milei enfrenta un masivo repudio en Ushuaia en medio de un fuerte operativo policial"},"content":{"rendered":"\n<p>El presidente lleg\u00f3 a Tierra del Fuego para encabezar un acto con candidatos locales, pero fue recibido por marchas, pintadas y consignas que lo declararon \u201cno bienvenido\u201d. La ciudad lo hab\u00eda declarado persona no grata meses atr\u00e1s.<br><br>Movimientos sociales, gremios y vecinos de Ushuaia salieron a la calle para rechazar la presencia de Javier Milei, mientras Gendarmer\u00eda y la Polic\u00eda Federal desplegaron un operativo in\u00e9dito. La consigna dominante fue clara: \u201cLa Patria no se vende, fuera Milei\u201d.<br><br>El desembarco de Javier Milei en Ushuaia estuvo lejos de ser un acto de normalidad institucional. Apenas pis\u00f3 suelo fueguino, el presidente se top\u00f3 con un clima social enardecido y una ciudad empapelada con consignas de repudio. No es un dato menor que el Concejo Deliberante lo haya declarado \u201cpersona no grata\u201d meses atr\u00e1s, en respuesta a sus declaraciones sobre la Guerra de Malvinas, un tema profundamente sensible para la identidad nacional y, especialmente, para la soberan\u00eda de Tierra del Fuego.<br><br>Mientras el mandatario se preparaba para encabezar un acto junto a los candidatos libertarios locales, las calles se llenaban de carteles y pintadas con mensajes directos: \u201cPatria o Milei\u201d, \u201cAlta coimera 3%\u201d en alusi\u00f3n a Karina Milei y la Agencia Nacional de Discapacidad, y cr\u00edticas al regreso de figuras recicladas como Luis Caputo, Federico Sturzenegger y Patricia Bullrich. La bronca popular no se limita a consignas: vecinos y vecinas convocaron a movilizarse en defensa de la industria, los jubilados, los trabajadores y los estudiantes, denunciando el vaciamiento de la soberan\u00eda provincial y el modelo de ajuste que Milei impulsa con el aval del FMI.<br><br>El operativo de seguridad tambi\u00e9n se volvi\u00f3 parte de la postal. La Gendarmer\u00eda y la Polic\u00eda Federal rodearon los puntos clave de la capital fueguina para contener las protestas, que tuvieron varias convocatorias en simult\u00e1neo: la CGT frente al hotel donde se alojaba Milei, una concentraci\u00f3n vecinal en la Plaza C\u00edvica y otra en la Plaza Malvinas. La tensi\u00f3n fue inevitable: la llegada de un presidente que recorta derechos, desfinancia la educaci\u00f3n y desprecia la memoria hist\u00f3rica solo pod\u00eda despertar resistencia.<br><br>Lejos de mostrarse autocr\u00edtico, Milei intent\u00f3 desviar la atenci\u00f3n con declaraciones altisonantes en una radio local. Acus\u00f3 al sindicalismo de estar \u201cpolitizado\u201d y de ser \u201cparte del partido del Estado\u201d, volviendo a su discurso repetitivo de culpar a 80 a\u00f1os de historia por la crisis actual. Tambi\u00e9n se permiti\u00f3 disquisiciones absurdas sobre la econom\u00eda, negando la diferencia entre macro y micro, como si la complejidad de la vida real pudiera reducirse a una consigna de manual libertario.<br><br>Lo que s\u00ed parece innegable es el contraste: mientras Milei se mostraba sorprendido por la tecnolog\u00eda de una planta de electrodom\u00e9sticos de Newsan, en las calles los fueguinos advert\u00edan que ese entramado productivo est\u00e1 en riesgo por el ajuste y la entrega al capital financiero internacional. La paradoja es evidente: un presidente que dice maravillarse por la industria nacional al mismo tiempo que la empuja al abismo con pol\u00edticas de apertura y desregulaci\u00f3n.<br><br>La jornada en Ushuaia expuso, una vez m\u00e1s, el divorcio creciente entre Milei y amplios sectores de la sociedad. No se trata de un malestar aislado, sino de un rechazo estructural a un modelo que, bajo el disfraz de la libertad de mercado, no hace m\u00e1s que profundizar la desigualdad, hipotecar la soberan\u00eda y poner en venta los intereses de la Naci\u00f3n. Tierra del Fuego, \u00faltima frontera del sur argentino, le dej\u00f3 un mensaje claro al presidente: ac\u00e1 no hay margen para la entrega ni para la indiferencia.<br><br>Fuente <\/p>\n\n\n\n<p>.https:\/\/www.pagina12.com.ar\/861627-ushuaia-amanecio-con-pintadas-y-carteles-en-rechazo-a-la-lle<\/p>\n","protected":false},"excerpt":{"rendered":"<p>El presidente lleg\u00f3 a Tierra del Fuego para encabezar un acto con candidatos locales, pero fue recibido por marchas, pintadas y consignas que lo declararon \u201cno bienvenido\u201d. La ciudad lo hab\u00eda declarado persona no grata meses atr\u00e1s. Movimientos sociales, gremios y vecinos de Ushuaia salieron a la calle para rechazar la presencia de Javier Milei,&#8230;<\/p>\n","protected":false},"author":12,"featured_media":9213,"comment_status":"open","ping_status":"open","sticky":false,"template":"","format":"standard","meta":{"_monsterinsights_skip_tracking":false,"_monsterinsights_sitenote_active":false,"_monsterinsights_sitenote_note":"","_monsterinsights_sitenote_category":0,"footnotes":"","jetpack_publicize_message":"","jetpack_publicize_feature_enabled":true,"jetpack_social_post_already_shared":true,"jetpack_social_options":{"image_generator_settings":{"template":"highway","default_image_id":0,"font":"","enabled":false},"version":2}},"categories":[2],"tags":[58,262,184,973,90,45,264,832,30,3577],"class_list":["post-9214","post","type-post","status-publish","format-standard","has-post-thumbnail","hentry","category-politica","tag-ajuste","tag-bullrich","tag-caputo","tag-cgt","tag-fmi","tag-milei","tag-protestas","tag-repudio","tag-soberania","tag-ushuaia"],"jetpack_publicize_connections":[],"_links":{"self":[{"href":"https:\/\/www.enorsai.com\/noticias\/wp-json\/wp\/v2\/posts\/9214","targetHints":{"allow":["GET"]}}],"collection":[{"href":"https:\/\/www.enorsai.com\/noticias\/wp-json\/wp\/v2\/posts"}],"about":[{"href":"https:\/\/www.enorsai.com\/noticias\/wp-json\/wp\/v2\/types\/post"}],"author":[{"embeddable":true,"href":"https:\/\/www.enorsai.com\/noticias\/wp-json\/wp\/v2\/users\/12"}],"replies":[{"embeddable":true,"href":"https:\/\/www.enorsai.com\/noticias\/wp-json\/wp\/v2\/comments?post=9214"}],"version-history":[{"count":1,"href":"https:\/\/www.enorsai.com\/noticias\/wp-json\/wp\/v2\/posts\/9214\/revisions"}],"predecessor-version":[{"id":9215,"href":"https:\/\/www.enorsai.com\/noticias\/wp-json\/wp\/v2\/posts\/9214\/revisions\/9215"}],"wp:featuredmedia":[{"embeddable":true,"href":"https:\/\/www.enorsai.com\/noticias\/wp-json\/wp\/v2\/media\/9213"}],"wp:attachment":[{"href":"https:\/\/www.enorsai.com\/noticias\/wp-json\/wp\/v2\/media?parent=9214"}],"wp:term":[{"taxonomy":"category","embeddable":true,"href":"https:\/\/www.enorsai.com\/noticias\/wp-json\/wp\/v2\/categories?post=9214"},{"taxonomy":"post_tag","embeddable":true,"href":"https:\/\/www.enorsai.com\/noticias\/wp-json\/wp\/v2\/tags?post=9214"}],"curies":[{"name":"wp","href":"https:\/\/api.w.org\/{rel}","templated":true}]}}