{"id":9212,"date":"2025-09-29T14:31:15","date_gmt":"2025-09-29T17:31:15","guid":{"rendered":"https:\/\/www.enorsai.com\/noticias\/politica\/la-confianza-en-javier-milei-se-hunde-al-nivel-mas-bajo-desde-su-llegada-al-poder\/"},"modified":"2025-09-29T17:15:00","modified_gmt":"2025-09-29T20:15:00","slug":"la-confianza-en-javier-milei-se-hunde-al-nivel-mas-bajo-desde-su-llegada-al-poder","status":"publish","type":"post","link":"https:\/\/www.enorsai.com\/noticias\/politica\/la-confianza-en-javier-milei-se-hunde-al-nivel-mas-bajo-desde-su-llegada-al-poder\/","title":{"rendered":"La confianza en Javier Milei se hunde al nivel m\u00e1s bajo desde su llegada al poder"},"content":{"rendered":"\n<p>El \u00edndice de la Universidad Torcuato Di Tella expone el derrumbe de la imagen presidencial. La \u00faltima medici\u00f3n del \u00cdndice de Confianza en el Gobierno (ICG) revel\u00f3 que la sociedad argentina le da la espalda al presidente Javier Milei: el indicador cay\u00f3 un 8,2% en septiembre y se ubic\u00f3 en apenas 1,94 puntos sobre 5, el nivel m\u00e1s bajo desde que comenz\u00f3 la autoproclamada \u201cera libertaria\u201d.<br><br>La Universidad Torcuato Di Tella confirm\u00f3 que la desconfianza hacia el gobierno libertario no es un fen\u00f3meno aislado, sino una tendencia en descenso que acumula dos meses consecutivos de desplome. En agosto ya se hab\u00eda registrado una ca\u00edda del 13,6%, en medio del esc\u00e1ndalo de las coimas que golpe\u00f3 a la familia presidencial y expuso los v\u00ednculos oscuros de La Libertad Avanza.<br><br>El golpe estad\u00edstico de septiembre es a\u00fan m\u00e1s brutal porque refleja el clima posterior a la derrota electoral en la provincia de Buenos Aires, donde el oficialismo fue arrasado en las urnas el pasado 7 de septiembre. El mensaje ciudadano fue claro: Milei no solo pierde votos, tambi\u00e9n pierde legitimidad.<br><br>La cifra de 1,94 puntos sobre 5 no es un simple n\u00famero acad\u00e9mico. Es un term\u00f3metro social que evidencia la erosi\u00f3n de la autoridad pol\u00edtica del presidente y el fracaso de sus promesas de \u201crefundar\u201d la Argentina. El relato libertario de austeridad, ajuste y privatizaciones ya no convence a una ciudadan\u00eda golpeada por la inflaci\u00f3n, la ca\u00edda del salario real y un escenario de incertidumbre constante.<br><br>El derrumbe de la confianza no puede disociarse del contexto de crisis pol\u00edtica que rodea al gobierno. Los esc\u00e1ndalos de corrupci\u00f3n, la improvisaci\u00f3n en la gesti\u00f3n y la interna feroz con sus socios del PRO y sectores empresarios minan la credibilidad presidencial. A todo esto se suma el malestar social creciente que se expresa en protestas, paros y manifestaciones en las calles.<br><br>Milei prometi\u00f3 ser la soluci\u00f3n a d\u00e9cadas de frustraciones, pero las cifras de la Universidad Di Tella muestran otra realidad: la sociedad percibe que el rumbo elegido no conduce a la prosperidad, sino a un abismo cada vez m\u00e1s profundo. El propio \u00edndice funciona como un espejo inc\u00f3modo que refleja la p\u00e9rdida de confianza en un l\u00edder que bas\u00f3 toda su campa\u00f1a en la idea de \u201cno ser casta\u201d y hoy se ve arrastrado por las mismas pr\u00e1cticas de poder que dec\u00eda combatir.<br><br>La pregunta que emerge es inquietante: si a menos de un a\u00f1o de mandato Milei ya enfrenta el peor nivel de confianza de su gesti\u00f3n, \u00bfqu\u00e9 le espera a la Argentina en los pr\u00f3ximos meses? Lo cierto es que, m\u00e1s all\u00e1 del discurso incendiario del presidente, los n\u00fameros son categ\u00f3ricos y la paciencia social tiene l\u00edmites.<br><br>Fuente <br>. https:\/\/www.lapoliticaonline.com\/politica\/la-confianza-en-milei-se-derrumbo-al-nivel-mas-bajo-desde-que-es-presidente\/<\/p>\n","protected":false},"excerpt":{"rendered":"<p>El \u00edndice de la Universidad Torcuato Di Tella expone el derrumbe de la imagen presidencial. La \u00faltima medici\u00f3n del \u00cdndice de Confianza en el Gobierno (ICG) revel\u00f3 que la sociedad argentina le da la espalda al presidente Javier Milei: el indicador cay\u00f3 un 8,2% en septiembre y se ubic\u00f3 en apenas 1,94 puntos sobre 5,&#8230;<\/p>\n","protected":false},"author":1,"featured_media":8984,"comment_status":"open","ping_status":"open","sticky":false,"template":"","format":"standard","meta":{"_monsterinsights_skip_tracking":false,"_monsterinsights_sitenote_active":false,"_monsterinsights_sitenote_note":"","_monsterinsights_sitenote_category":0,"footnotes":"","jetpack_publicize_message":"","jetpack_publicize_feature_enabled":true,"jetpack_social_post_already_shared":true,"jetpack_social_options":{"image_generator_settings":{"template":"highway","default_image_id":0,"font":"","enabled":false},"version":2}},"categories":[2],"tags":[3291,75,43,3813,190,27,605,45,72],"class_list":["post-9212","post","type-post","status-publish","format-standard","has-post-thumbnail","hentry","category-politica","tag-confianza","tag-corrupcion","tag-crisis","tag-di-tella","tag-elecciones","tag-gobierno","tag-libertarios","tag-milei","tag-politica"],"jetpack_publicize_connections":[],"_links":{"self":[{"href":"https:\/\/www.enorsai.com\/noticias\/wp-json\/wp\/v2\/posts\/9212","targetHints":{"allow":["GET"]}}],"collection":[{"href":"https:\/\/www.enorsai.com\/noticias\/wp-json\/wp\/v2\/posts"}],"about":[{"href":"https:\/\/www.enorsai.com\/noticias\/wp-json\/wp\/v2\/types\/post"}],"author":[{"embeddable":true,"href":"https:\/\/www.enorsai.com\/noticias\/wp-json\/wp\/v2\/users\/1"}],"replies":[{"embeddable":true,"href":"https:\/\/www.enorsai.com\/noticias\/wp-json\/wp\/v2\/comments?post=9212"}],"version-history":[{"count":1,"href":"https:\/\/www.enorsai.com\/noticias\/wp-json\/wp\/v2\/posts\/9212\/revisions"}],"predecessor-version":[{"id":9216,"href":"https:\/\/www.enorsai.com\/noticias\/wp-json\/wp\/v2\/posts\/9212\/revisions\/9216"}],"wp:featuredmedia":[{"embeddable":true,"href":"https:\/\/www.enorsai.com\/noticias\/wp-json\/wp\/v2\/media\/8984"}],"wp:attachment":[{"href":"https:\/\/www.enorsai.com\/noticias\/wp-json\/wp\/v2\/media?parent=9212"}],"wp:term":[{"taxonomy":"category","embeddable":true,"href":"https:\/\/www.enorsai.com\/noticias\/wp-json\/wp\/v2\/categories?post=9212"},{"taxonomy":"post_tag","embeddable":true,"href":"https:\/\/www.enorsai.com\/noticias\/wp-json\/wp\/v2\/tags?post=9212"}],"curies":[{"name":"wp","href":"https:\/\/api.w.org\/{rel}","templated":true}]}}