{"id":9210,"date":"2025-09-29T13:04:41","date_gmt":"2025-09-29T16:04:41","guid":{"rendered":"https:\/\/www.enorsai.com\/noticias\/?p=9210"},"modified":"2025-09-29T13:09:36","modified_gmt":"2025-09-29T16:09:36","slug":"rechazo-en-ushuaia-a-milei-la-ciudad-se-lleno-de-carteles-contra-su-visita","status":"publish","type":"post","link":"https:\/\/www.enorsai.com\/noticias\/politica\/rechazo-en-ushuaia-a-milei-la-ciudad-se-lleno-de-carteles-contra-su-visita\/","title":{"rendered":"Rechazo en Ushuaia a Milei: la ciudad se llen\u00f3 de carteles contra su visita"},"content":{"rendered":"\n<p>El presidente aterriza en Tierra del Fuego en plena campa\u00f1a electoral, pero se encuentra con un escenario adverso: pintadas, carteles y convocatorias que expresan el hartazgo de la comunidad frente a un modelo de ajuste que golpea a trabajadores, jubilados y estudiantes.<br><br>Las calles de Ushuaia amanecieron empapeladas con mensajes que dejan en claro un clima de descontento hacia Javier Milei. Con consignas como \u201cPatria o Milei\u201d y denuncias de corrupci\u00f3n que apuntan directamente a su hermana Karina Milei, la capital fueguina se transform\u00f3 en el epicentro del rechazo a un presidente que llega de visita en plena campa\u00f1a para las legislativas de octubre.<br><br>La Plaza C\u00edvica se prepara para recibir a cientos de vecinos esta misma tarde, en un encuentro convocado \u201cen defensa de la industria, los jubilados, los trabajadores, los estudiantes y las personas con discapacidad\u201d. La consigna es clara: frenar la entrega de la soberan\u00eda provincial y denunciar un modelo econ\u00f3mico que solo beneficia a los especuladores financieros. Los carteles hablan por s\u00ed solos: \u201cLa Patria no se vende, fuera Milei, go home\u201d.<br><br>El repudio no se limita al terreno econ\u00f3mico. Tambi\u00e9n apunta contra el n\u00facleo duro del gabinete presidencial. Nombres como Luis Caputo, Federico Sturzenegger y Patricia Bullrich aparecen se\u00f1alados en las paredes de Ushuaia como responsables de un ajuste que precariza la vida cotidiana de millones de argentinos. El malestar social no es una cuesti\u00f3n aislada, sino una reacci\u00f3n colectiva que refleja la falta de respuestas frente al aumento de la pobreza, la destrucci\u00f3n del empleo y la violencia institucional.<br><br>La protesta adquiri\u00f3 un tono a\u00fan m\u00e1s duro con las pintadas que denuncian presuntas coimas en la Agencia Nacional de Discapacidad (ANDIS), que involucrar\u00edan a Karina Milei con un \u201c3%\u201d de retorno en los contratos. Aunque el oficialismo intente minimizar estos se\u00f1alamientos, el impacto pol\u00edtico es inocultable y se suma a una lista cada vez m\u00e1s larga de acusaciones contra el gobierno.<br><br>Lejos de un recibimiento institucional, Milei aterriza en un clima cargado de tensi\u00f3n. Su discurso triunfalista en redes sociales, donde insiste con que \u201cLa Libertad Avanza o la Argentina retrocede\u201d, choca de frente con la bronca en las calles. Tierra del Fuego se convierte as\u00ed en una muestra de lo que el presidente enfrentar\u00e1 en otras provincias: resistencia social, denuncias de corrupci\u00f3n y una poblaci\u00f3n que ya no compra el relato de la motosierra como salvaci\u00f3n.<br><br>La visita de Milei a Ushuaia no pasar\u00e1 inadvertida. El rechazo expl\u00edcito y organizado que encontr\u00f3 en la capital fueguina revela una grieta profunda entre el marketing libertario y la realidad de un pa\u00eds que, en cada rinc\u00f3n, sigue diciendo basta al ajuste.<br><br>Fuente <\/p>\n\n\n\n<p>.https:\/\/noticiasargentinas.com\/politica\/las-calles-de-ushuaia-amanecieron-con-carteles-en-rechazo-a-la-visita-de-javier-milei_a68da911749307a079e5b0d87<\/p>\n","protected":false},"excerpt":{"rendered":"<p>El presidente aterriza en Tierra del Fuego en plena campa\u00f1a electoral, pero se encuentra con un escenario adverso: pintadas, carteles y convocatorias que expresan el hartazgo de la comunidad frente a un modelo de ajuste que golpea a trabajadores, jubilados y estudiantes. Las calles de Ushuaia amanecieron empapeladas con mensajes que dejan en claro un&#8230;<\/p>\n","protected":false},"author":11,"featured_media":9209,"comment_status":"open","ping_status":"open","sticky":false,"template":"","format":"standard","meta":{"_monsterinsights_skip_tracking":false,"_monsterinsights_sitenote_active":false,"_monsterinsights_sitenote_note":"","_monsterinsights_sitenote_category":0,"footnotes":"","jetpack_publicize_message":"","jetpack_publicize_feature_enabled":true,"jetpack_social_post_already_shared":true,"jetpack_social_options":{"image_generator_settings":{"template":"highway","default_image_id":0,"font":"","enabled":false},"version":2}},"categories":[2],"tags":[58,1438,3812,75,45,371,984,832,30,3577],"class_list":["post-9210","post","type-post","status-publish","format-standard","has-post-thumbnail","hentry","category-politica","tag-ajuste","tag-campana","tag-carteles","tag-corrupcion","tag-milei","tag-protesta","tag-rechazo","tag-repudio","tag-soberania","tag-ushuaia"],"jetpack_publicize_connections":[],"_links":{"self":[{"href":"https:\/\/www.enorsai.com\/noticias\/wp-json\/wp\/v2\/posts\/9210","targetHints":{"allow":["GET"]}}],"collection":[{"href":"https:\/\/www.enorsai.com\/noticias\/wp-json\/wp\/v2\/posts"}],"about":[{"href":"https:\/\/www.enorsai.com\/noticias\/wp-json\/wp\/v2\/types\/post"}],"author":[{"embeddable":true,"href":"https:\/\/www.enorsai.com\/noticias\/wp-json\/wp\/v2\/users\/11"}],"replies":[{"embeddable":true,"href":"https:\/\/www.enorsai.com\/noticias\/wp-json\/wp\/v2\/comments?post=9210"}],"version-history":[{"count":1,"href":"https:\/\/www.enorsai.com\/noticias\/wp-json\/wp\/v2\/posts\/9210\/revisions"}],"predecessor-version":[{"id":9211,"href":"https:\/\/www.enorsai.com\/noticias\/wp-json\/wp\/v2\/posts\/9210\/revisions\/9211"}],"wp:featuredmedia":[{"embeddable":true,"href":"https:\/\/www.enorsai.com\/noticias\/wp-json\/wp\/v2\/media\/9209"}],"wp:attachment":[{"href":"https:\/\/www.enorsai.com\/noticias\/wp-json\/wp\/v2\/media?parent=9210"}],"wp:term":[{"taxonomy":"category","embeddable":true,"href":"https:\/\/www.enorsai.com\/noticias\/wp-json\/wp\/v2\/categories?post=9210"},{"taxonomy":"post_tag","embeddable":true,"href":"https:\/\/www.enorsai.com\/noticias\/wp-json\/wp\/v2\/tags?post=9210"}],"curies":[{"name":"wp","href":"https:\/\/api.w.org\/{rel}","templated":true}]}}