{"id":9205,"date":"2025-09-29T09:14:03","date_gmt":"2025-09-29T12:14:03","guid":{"rendered":"https:\/\/www.enorsai.com\/noticias\/?p=9205"},"modified":"2025-09-29T09:15:02","modified_gmt":"2025-09-29T12:15:02","slug":"volvio-el-cepo-al-dolar-nuevas-restricciones-brecha-y-dudas-sobre-el-respaldo-de-ee-uu","status":"publish","type":"post","link":"https:\/\/www.enorsai.com\/noticias\/politica\/volvio-el-cepo-al-dolar-nuevas-restricciones-brecha-y-dudas-sobre-el-respaldo-de-ee-uu\/","title":{"rendered":"Volvi\u00f3 el cepo al d\u00f3lar: nuevas restricciones, brecha y dudas sobre el respaldo de EE.UU."},"content":{"rendered":"\n<p>Alfredo Zaiat analiz\u00f3 en El Destape la vuelta de restricciones para comprar d\u00f3lares y su impacto sobre la econom\u00eda argentina: a pesar del rescate norteamericano y la liquidaci\u00f3n del agro, el gobierno endurece el \u201ccepo\u201d en la previa electoral. Las medidas apuntan a frenar el rulo financiero, pero revelan debilidad pol\u00edtica y tensiones internas.<\/p>\n\n\n\n<h2 class=\"wp-block-heading\">\u00bfQu\u00e9 implica el nuevo cepo?<\/h2>\n\n\n\n<p>El Banco Central dispuso que quienes compren d\u00f3lares oficiales no podr\u00e1n operar d\u00f3lares financieros (MEP\/CCL) durante 90 d\u00edas. La restricci\u00f3n, que ya reg\u00eda para empresas, ahora se generaliz\u00f3 a personas f\u00edsicas, afectando ahorristas e inversores.<\/p>\n\n\n\n<ul class=\"wp-block-list\">\n<li>La medida busca frenar el \u201crulo\u201d donde se compraba d\u00f3lar oficial y se revend\u00eda en el mercado financiero a mejor cotizaci\u00f3n.<\/li>\n\n\n\n<li>La brecha cambiaria super\u00f3 el 6%, con el oficial a $1.340 y el CCL a $1.429.<\/li>\n<\/ul>\n\n\n\n<h2 class=\"wp-block-heading\">Persisten la desconfianza y la crisis de reservas<\/h2>\n\n\n\n<p>Zaiat remarca que, ni el rescate financiero de EE.UU. ni la superliquidaci\u00f3n de exportaciones alcanzaron para estabilizar el mercado. El endurecimiento del cepo refleja la presi\u00f3n sobre reservas, la fragilidad pol\u00edtica y el temor a una corrida previa a las elecciones legislativas.<\/p>\n\n\n\n<h2 class=\"wp-block-heading\">Brecha, mercado y fragilidad pol\u00edtica<\/h2>\n\n\n\n<ul class=\"wp-block-list\">\n<li>El gobierno busca cubrir el per\u00edodo electoral, pero la desconfianza sobrevive: riesgo pa\u00eds arriba de 1.000, ca\u00edda de acciones y bonos y expectativas negativas ante una posible devaluaci\u00f3n pos-octubre.<\/li>\n\n\n\n<li>Los errores y las idas y vueltas del equipo econ\u00f3mico, sumados a la falta de consenso pol\u00edtico, agravan el escenario.<\/li>\n<\/ul>\n\n\n\n<h2 class=\"wp-block-heading\">Impacto para inversores, ahorristas y productores<\/h2>\n\n\n\n<p>La restricci\u00f3n es bidireccional: impide comprar oficial si se oper\u00f3 MEP\/CCL en los 90 d\u00edas previos, y obliga a firmar declaraci\u00f3n jurada. El agro, usado para obtener divisas con retenciones cero, ahora expresa malestar por el cierre repentino del beneficio. La econom\u00eda real sigue en recesi\u00f3n, y no se esperan alivios hasta despu\u00e9s de los comicios.<\/p>\n\n\n\n<figure class=\"wp-block-table\"><table class=\"has-fixed-layout\"><thead><tr><th>Medida<\/th><th>Afectados<\/th><th>Objetivo<\/th><\/tr><\/thead><tbody><tr><td>Veda de 90 d\u00edas para operar d\u00f3lar MEP\/CCL tras compra de d\u00f3lar oficial<\/td><td>Ahorristas, empresas, inversores burs\u00e1tiles<\/td><td>Frenar rulo financiero y fuga de reservas<\/td><\/tr><tr><td>Declaraci\u00f3n jurada obligatoria<\/td><td>Todos los compradores de d\u00f3lar oficial<\/td><td>Mayor control BCRA y AFIP<\/td><\/tr><tr><td>Brecha cambiaria ampliada<\/td><td>Mercado en general<\/td><td>Fuga hacia d\u00f3lares alternativos<\/td><\/tr><\/tbody><\/table><\/figure>\n\n\n\n<h3 class=\"wp-block-heading\">Enlaces internos Enorsai<\/h3>\n\n\n\n<ul class=\"wp-block-list\">\n<li><a href=\"https:\/\/enorsai.com\/economia\/001138-cepo-dolar-2025-analisis-el-destape.html\" target=\"_blank\" rel=\"noreferrer noopener\">El cepo y las nuevas restricciones a d\u00f3lares: an\u00e1lisis El Destape<\/a><\/li>\n\n\n\n<li><a href=\"https:\/\/enorsai.com\/economia\/001139-brecha-bcra-rulo-restriccion.html\" target=\"_blank\" rel=\"noreferrer noopener\">Brecha, BCRA y el rulo: \u00bffuncionan las nuevas restricciones?<\/a><\/li>\n<\/ul>\n\n\n\n<p><strong>Dejanos tu comentario debajo o escribinos a <a href=\"mailto:enorsaionline@gmail.com\">enorsaionline@gmail.com<\/a><\/strong>. \u00bfEn qu\u00e9 consiste el nuevo cepo cambiario?<\/p>\n\n\n\n<p>Impide operar d\u00f3lar financiero (MEP\/CCL) durante 90 d\u00edas a quienes compren d\u00f3lar oficial, con declaraci\u00f3n jurada obligatoria. <a href=\"https:\/\/www.eldestapeweb.com\/economia\/cepo\/volvio-el-cepo-los-que-compren-dolar-oficial-no-podran-operar-en-el-financiero-este-ano-2025926134412\" target=\"_blank\" rel=\"noreferrer noopener\">El Destape<\/a>. \u00bfA qui\u00e9nes afecta?<\/p>\n\n\n\n<p>Tanto a ahorristas minoristas como empresas e inversores que operen en el sistema financiero. <a href=\"https:\/\/www.eldestapeweb.com\/economia\/dolar\/cepo-al-dolar-a-quienes-afecta-la-medida-del-gobierno-de-milei-y-en-que-consiste-202592619210\" target=\"_blank\" rel=\"noreferrer noopener\">El Destape<\/a>. \u00bfPor qu\u00e9 se tom\u00f3 la medida?<\/p>\n\n\n\n<p>Para evitar el \u201crulo\u201d, frenar la fuga y desmontar la presi\u00f3n sobre reservas previo a las elecciones. <a href=\"https:\/\/www.eltribuno.com\/nacionales\/2025-9-26-16-26-0-vuelve-el-cepo-al-dolar-siete-preguntas-y-respuestas-para-entender-las-nuevas-restricciones-del-gobierno\" target=\"_blank\" rel=\"noreferrer noopener\">El Tribuno<\/a>. \u00bfCu\u00e1l es el contexto pol\u00edtico y econ\u00f3mico?<\/p>\n\n\n\n<p>Alta desconfianza, fragilidad pol\u00edtica de Milei, ca\u00edda industrial y recesi\u00f3n, con el cepo como parche temporal en camino a una crisis m\u00e1s profunda. <a href=\"https:\/\/www.eldestapeweb.com\/economia\/crisis-economica\/crisis-cambiaria-rescate-de-trump-y-mas-deuda-parches-para-llegar-a-octubre-20259270554\" target=\"_blank\" rel=\"noreferrer noopener\">El Destape<\/a>.<\/p>\n","protected":false},"excerpt":{"rendered":"<p>Alfredo Zaiat analiz\u00f3 en El Destape la vuelta de restricciones para comprar d\u00f3lares y su impacto sobre la econom\u00eda argentina: a pesar del rescate norteamericano y la liquidaci\u00f3n del agro, el gobierno endurece el \u201ccepo\u201d en la previa electoral. Las medidas apuntan a frenar el rulo financiero, pero revelan debilidad pol\u00edtica y tensiones internas. \u00bfQu\u00e9&#8230;<\/p>\n","protected":false},"author":5,"featured_media":9206,"comment_status":"open","ping_status":"open","sticky":false,"template":"","format":"standard","meta":{"_monsterinsights_skip_tracking":false,"_monsterinsights_sitenote_active":false,"_monsterinsights_sitenote_note":"","_monsterinsights_sitenote_category":0,"footnotes":"","jetpack_publicize_message":"","jetpack_publicize_feature_enabled":true,"jetpack_social_post_already_shared":true,"jetpack_social_options":{"image_generator_settings":{"template":"highway","default_image_id":0,"font":"","enabled":false},"version":2}},"categories":[3,2],"tags":[1266,1048,3806,184,3808,3811,38,3487,1816,3807,45,3809,3810],"class_list":["post-9205","post","type-post","status-publish","format-standard","has-post-thumbnail","hentry","category-economia","category-politica","tag-ahorristas","tag-banco-central","tag-brecha-cambiaria","tag-caputo","tag-cepo-dolar","tag-compra-de-divisas","tag-crisis-financiera","tag-dolar-argentina","tag-economia-argentina-2025","tag-gabinete-economico","tag-milei","tag-pesos-argentinos","tag-restricciones-cambiarias"],"jetpack_publicize_connections":[],"_links":{"self":[{"href":"https:\/\/www.enorsai.com\/noticias\/wp-json\/wp\/v2\/posts\/9205","targetHints":{"allow":["GET"]}}],"collection":[{"href":"https:\/\/www.enorsai.com\/noticias\/wp-json\/wp\/v2\/posts"}],"about":[{"href":"https:\/\/www.enorsai.com\/noticias\/wp-json\/wp\/v2\/types\/post"}],"author":[{"embeddable":true,"href":"https:\/\/www.enorsai.com\/noticias\/wp-json\/wp\/v2\/users\/5"}],"replies":[{"embeddable":true,"href":"https:\/\/www.enorsai.com\/noticias\/wp-json\/wp\/v2\/comments?post=9205"}],"version-history":[{"count":1,"href":"https:\/\/www.enorsai.com\/noticias\/wp-json\/wp\/v2\/posts\/9205\/revisions"}],"predecessor-version":[{"id":9207,"href":"https:\/\/www.enorsai.com\/noticias\/wp-json\/wp\/v2\/posts\/9205\/revisions\/9207"}],"wp:featuredmedia":[{"embeddable":true,"href":"https:\/\/www.enorsai.com\/noticias\/wp-json\/wp\/v2\/media\/9206"}],"wp:attachment":[{"href":"https:\/\/www.enorsai.com\/noticias\/wp-json\/wp\/v2\/media?parent=9205"}],"wp:term":[{"taxonomy":"category","embeddable":true,"href":"https:\/\/www.enorsai.com\/noticias\/wp-json\/wp\/v2\/categories?post=9205"},{"taxonomy":"post_tag","embeddable":true,"href":"https:\/\/www.enorsai.com\/noticias\/wp-json\/wp\/v2\/tags?post=9205"}],"curies":[{"name":"wp","href":"https:\/\/api.w.org\/{rel}","templated":true}]}}