{"id":9189,"date":"2025-09-28T08:38:29","date_gmt":"2025-09-28T11:38:29","guid":{"rendered":"https:\/\/www.enorsai.com\/noticias\/?p=9189"},"modified":"2025-09-28T08:38:33","modified_gmt":"2025-09-28T11:38:33","slug":"juan-grabois-la-narcopolitica-y-el-descarte-social-se-agravaron-y-milei-institucionaliza-la-crisis","status":"publish","type":"post","link":"https:\/\/www.enorsai.com\/noticias\/sociedad\/juan-grabois-la-narcopolitica-y-el-descarte-social-se-agravaron-y-milei-institucionaliza-la-crisis\/","title":{"rendered":"Juan Grabois: \u201cLa narcopol\u00edtica y el descarte social se agravaron y Milei institucionaliza la crisis\u201d"},"content":{"rendered":"\n<p>El dirigente social y pol\u00edtico Juan Grabois alerta que el narcotr\u00e1fico y la violencia en los m\u00e1rgenes se agravaron y que la gesti\u00f3n de Milei profundiza la dualidad y el descarte social. El triple crimen de Florencio Varela y el caso Fred Machado revelan v\u00ednculos peligrosos entre el poder pol\u00edtico y el avance narco.<\/p>\n\n\n\n<h2 class=\"wp-block-heading\">La distancia de la pol\u00edtica con los barrios golpeados<\/h2>\n\n\n\n<p>Grabois sostiene que la dirigencia pol\u00edtica qued\u00f3 m\u00e1s cerca de Nueva York que de Ciudad Evita y la realidad de los barrios argentinos. El asesinato de tres j\u00f3venes mujeres expone la falta de pol\u00edticas de contenci\u00f3n y el avance de una violencia que \u201cno es nueva, pero se agrava y se transforma\u201d.<br>\u201cCada dedo que le cortaron a esa nena es un pedazo de la patria que se muere\u201d, afirma el dirigente, visibilizando el drama en la periferia. Admite que Milei no es la causa de la crisis, pero s\u00ed la institucionaliza y normaliza, perpetuando el abandono estatal.<\/p>\n\n\n\n<h2 class=\"wp-block-heading\">Narcotr\u00e1fico, pol\u00edtica y financiamiento<\/h2>\n\n\n\n<p>La entrevista denuncia la infiltraci\u00f3n del narcotr\u00e1fico en la pol\u00edtica argentina, con la polic\u00eda y sectores judiciales jugando un rol de protecci\u00f3n. Grabois se\u00f1ala el caso de Fred Machado, narcotraficante internacional, con pedido de extradici\u00f3n por EEUU, pero que sigue impune por manejes en la Corte Suprema desde hace dos gobiernos y con el mismo abogado que representa pol\u00edticamente a Milei y figuras de la oposici\u00f3n libertaria.<\/p>\n\n\n\n<ul class=\"wp-block-list\">\n<li>La narcopol\u00edtica financia campa\u00f1as y opera en financiamiento ilegal de altos niveles.<\/li>\n\n\n\n<li>El Estado se retira de la comunidad organizada, debilitando a las organizaciones sociales y parroquias, \u00faltimo dique contra el poder narco.<\/li>\n<\/ul>\n\n\n\n<h2 class=\"wp-block-heading\">Subjetividad libertaria y apolog\u00edas peligrosas<\/h2>\n\n\n\n<p>Grabois advierte sobre el modelo de libertad extrema, en el que \u201ctodo es transaccionable\u201d y el narco se convierte en un emprendedor admirado por asumir riesgos, equiparando el mercado legal e ilegal. Recupera frases de Milei que muestran simpat\u00eda por mafiosos hist\u00f3ricos y una visi\u00f3n darwinista del delito.<br>La Iglesia, curas villeros y organizaciones barriales exigen un Estado presente y efectivo, alertando sobre la normalizaci\u00f3n de la violencia, la pobreza y la ausencia de contenci\u00f3n social estatal.<\/p>\n\n\n\n<h2 class=\"wp-block-heading\">L\u00edmites \u00e9ticos y esperanza de reconstrucci\u00f3n<\/h2>\n\n\n\n<p>El testimonio de Grabois y los curas villeros recuerda la urgencia de repensar el Estado, asegurar derechos b\u00e1sicos y reconstruir consensos m\u00ednimos que rompan la impunidad y el avance del crimen organizado. \u201cQue todo individuo pueda realizarse, buscar su felicidad; primero, que tenga agua, luz, vivienda y dignidad\u201d, enfatiza el dirigente.<\/p>\n\n\n\n<h3 class=\"wp-block-heading\">Enlaces internos Enorsai<\/h3>\n\n\n\n<ul class=\"wp-block-list\">\n<li><a href=\"https:\/\/enorsai.com\/politica\/001132-narcotrafico-politica-crisis-barrios-grabois.html\" target=\"_blank\" rel=\"noreferrer noopener\">Narcotr\u00e1fico, pol\u00edtica y crisis social seg\u00fan Grabois<\/a><\/li>\n\n\n\n<li><a href=\"https:\/\/enorsai.com\/sociedad\/001133-mujeres-periferia-violencia-femicidio.html\" target=\"_blank\" rel=\"noreferrer noopener\">Violencia y femicidio en la periferia argentina<\/a><\/li>\n<\/ul>\n\n\n\n<p><strong>Dejanos tu comentario debajo o escribinos a <a href=\"mailto:enorsaionline@gmail.com\">enorsaionline@gmail.com<\/a><\/strong>. \u00bfC\u00f3mo se relaciona la pol\u00edtica y el narcotr\u00e1fico seg\u00fan Grabois?<\/p>\n\n\n\n<p>Denuncia complicidad policial y judicial, financiamiento de campa\u00f1as y casos impunes como el de Fred Machado, con protecci\u00f3n directa desde el poder pol\u00edtico. <a href=\"https:\/\/www.perfil.com\/noticias\/modo-fontevecchia\/juan-grabois-cada-dedo-que-le-cortaron-a-esa-nena-es-un-pedazo-de-la-patria-que-se-muere.phtml\" target=\"_blank\" rel=\"noreferrer noopener\">Perfil<\/a>. \u00bfPor qu\u00e9 la violencia extrema se agrava?<\/p>\n\n\n\n<p>Por el retiro estatal y el vac\u00edo de pol\u00edticas p\u00fablicas, que deja expuestas comunidades al avance narco y la desesperaci\u00f3n econ\u00f3mica. <a href=\"https:\/\/www.perfil.com\/noticias\/modo-fontevecchia\/dia-649-la-subjetividad-libertaria-del-narco-modof.phtml\" target=\"_blank\" rel=\"noreferrer noopener\">Perfil<\/a>. \u00bfCu\u00e1l es la cr\u00edtica de Grabois a Milei?<\/p>\n\n\n\n<p>Advierte que Milei institucionaliza la crisis y naturaliza la violencia y desigualdad, promoviendo un modelo sin contenci\u00f3n estatal ni l\u00edmites \u00e9ticos. <a href=\"https:\/\/www.perfil.com\/noticias\/modo-fontevecchia\/juan-grabois-cada-dedo-que-le-cortaron-a-esa-nena-es-un-pedazo-de-la-patria-que-se-muere.phtml\" target=\"_blank\" rel=\"noreferrer noopener\">Perfil<\/a>. \u00bfQu\u00e9 pide Grabois para superar la crisis?<\/p>\n\n\n\n<p>Restituir consenso \u00e9tico, derechos b\u00e1sicos, reconstruir la comunidad organizada y el Estado presente para proteger los m\u00e1s vulnerables. <a href=\"https:\/\/www.perfil.com\/noticias\/modo-fontevecchia\/dia-649-la-subjetividad-libertaria-del-narco-modof.phtml\" target=\"_blank\" rel=\"noreferrer noopener\">Perfil<\/a>.<\/p>\n","protected":false},"excerpt":{"rendered":"<p>Juan Grabois alerta sobre la narcopol\u00edtica y el descarte social, los v\u00ednculos peligrosos entre poder y crimen y el rol nocivo del gobierno actual en la institucionalizaci\u00f3n de la crisis.<\/p>\n","protected":false},"author":13,"featured_media":9190,"comment_status":"open","ping_status":"open","sticky":false,"template":"","format":"standard","meta":{"_monsterinsights_skip_tracking":false,"_monsterinsights_sitenote_active":false,"_monsterinsights_sitenote_note":"","_monsterinsights_sitenote_category":0,"footnotes":"","jetpack_publicize_message":"","jetpack_publicize_feature_enabled":true,"jetpack_social_post_already_shared":true,"jetpack_social_options":{"image_generator_settings":{"template":"highway","default_image_id":0,"font":"","enabled":false},"version":2}},"categories":[17,4],"tags":[3794,3787,3791,3790,3784,3785,3789,3786,3793,3788,3792],"class_list":["post-9189","post","type-post","status-publish","format-standard","has-post-thumbnail","hentry","category-opinion","category-sociedad","tag-analisis-modo-fontevecchia","tag-crisis-social-barrios","tag-curas-villeros","tag-estado-derechos-basicos","tag-fred-machado-extradicion","tag-juan-grabois","tag-milei-narcopolitica","tag-narcotrafico-politica-argentina","tag-politica-social-argentina","tag-triple-crimen-florencio-varela","tag-violencia-femicidio"],"jetpack_publicize_connections":[],"_links":{"self":[{"href":"https:\/\/www.enorsai.com\/noticias\/wp-json\/wp\/v2\/posts\/9189","targetHints":{"allow":["GET"]}}],"collection":[{"href":"https:\/\/www.enorsai.com\/noticias\/wp-json\/wp\/v2\/posts"}],"about":[{"href":"https:\/\/www.enorsai.com\/noticias\/wp-json\/wp\/v2\/types\/post"}],"author":[{"embeddable":true,"href":"https:\/\/www.enorsai.com\/noticias\/wp-json\/wp\/v2\/users\/13"}],"replies":[{"embeddable":true,"href":"https:\/\/www.enorsai.com\/noticias\/wp-json\/wp\/v2\/comments?post=9189"}],"version-history":[{"count":1,"href":"https:\/\/www.enorsai.com\/noticias\/wp-json\/wp\/v2\/posts\/9189\/revisions"}],"predecessor-version":[{"id":9191,"href":"https:\/\/www.enorsai.com\/noticias\/wp-json\/wp\/v2\/posts\/9189\/revisions\/9191"}],"wp:featuredmedia":[{"embeddable":true,"href":"https:\/\/www.enorsai.com\/noticias\/wp-json\/wp\/v2\/media\/9190"}],"wp:attachment":[{"href":"https:\/\/www.enorsai.com\/noticias\/wp-json\/wp\/v2\/media?parent=9189"}],"wp:term":[{"taxonomy":"category","embeddable":true,"href":"https:\/\/www.enorsai.com\/noticias\/wp-json\/wp\/v2\/categories?post=9189"},{"taxonomy":"post_tag","embeddable":true,"href":"https:\/\/www.enorsai.com\/noticias\/wp-json\/wp\/v2\/tags?post=9189"}],"curies":[{"name":"wp","href":"https:\/\/api.w.org\/{rel}","templated":true}]}}